{"id":151938,"date":"2025-06-04T17:31:10","date_gmt":"2025-06-04T17:31:10","guid":{"rendered":"https:\/\/www.europesays.com\/fr\/151938\/"},"modified":"2025-06-04T17:31:10","modified_gmt":"2025-06-04T17:31:10","slug":"jean-loup-fayolle-je-pensais-que-jallais-faire-100e-actualite","status":"publish","type":"post","link":"https:\/\/www.europesays.com\/fr\/151938\/","title":{"rendered":"Jean-Loup Fayolle : \u00ab Je pensais que j\u2019allais faire 100e \u00bb &#8211; Actualit\u00e9"},"content":{"rendered":"<p style=\"text-align: justify;\">Jean-Loup Fayolle a termin\u00e9 l\u2019Alpes Is\u00e8re Tour sur une bonne note. Le grimpeur de la Conti d\u2019Ark\u00e9a-B&amp;B H\u00f4tels a pris place dans le Top 10 de la derni\u00e8re \u00e9tape (<strong><a href=\"https:\/\/www.directvelo.com\/actualite\/121060\/alpes-isere-tour-et-5-classements\" target=\"_blank\" rel=\"noopener\">voir classement<\/a><\/strong>), malgr\u00e9 un manque de sensations pendant la journ\u00e9e. \u201cJe ne me sentais pas tr\u00e8s bien, mais les gars m\u2019ont dit que tout le monde \u00e9tait \u00e0 bloc, et que c\u2019\u00e9tait normal d\u2019avoir mal aux jambes. Je n\u2019ai rien l\u00e2ch\u00e9\u201d, assure-t-il \u00e0 DirectVelo.<\/p>\n<p>Distanc\u00e9 dans le col du Parquetout, o\u00f9 il s\u2019est donn\u00e9 \u00e0 100%, il s\u2019est retrouv\u00e9 dans un groupe qui a pu revenir sur la t\u00eate de course. \u201cL&rsquo;entente \u00e9tait parfois un peu compliqu\u00e9e, mais j\u2019ai essay\u00e9 d\u2019organiser notre groupe pour que \u00e7a rentre, et c\u2019est ce qui s\u2019est pass\u00e9. Je suis assez content de mon \u00e9tape, je n\u2019ai pas fait d\u2019erreur tactique. J\u2019\u00e9tais bien plac\u00e9 dans la bosse finale, o\u00f9 \u00e7a s\u2019est jou\u00e9 \u00e0 la canne. \u00c0 la mi-course, je n\u2019\u00e9tais vraiment pas bien. Je pensais que j\u2019allais faire 100e dimanche\u2026 Mais je suis content d\u2019avoir rebondi mentalement et de n\u2019avoir jamais rien l\u00e2ch\u00e9 pour aller chercher ce Top 10\u201d.<\/p>\n<p><strong>UNE CREVAISON AU PIRE MOMENT<\/strong><\/p>\n<p>Le coureur \u00e2g\u00e9 de bient\u00f4t 20 ans finit dans le Top 15 du g\u00e9n\u00e9ral et meilleur grimpeur de l\u2019\u00e9preuve de classe 2 (<strong><a href=\"https:\/\/www.directvelo.com\/epreuve\/45928\/alpes-isere-tour-2025#results-45928\" target=\"_blank\" rel=\"noopener\">voir sa fiche DirectVelo<\/a><\/strong>). \u201cJe suis satisfait, parce que l\u2019ann\u00e9e derni\u00e8re, j\u2019\u00e9tais au-del\u00e0 du Top 20, donc c\u2019est une progression, c\u2019est le point positif. Dans l\u2019ensemble, je suis content de cet Alpes Is\u00e8re Tour. L\u2019\u00e9quipe a \u00e9t\u00e9 tr\u00e8s soud\u00e9e. Nous avons essay\u00e9 d\u2019\u00eatre appliqu\u00e9s et professionnels\u201d. Mais sa place au g\u00e9n\u00e9ral aurait \u00e9t\u00e9 bien meilleure sans une crevaison le troisi\u00e8me jour. Elle lui a fait perdre plus de deux minutes sur le peloton. \u201cJ\u2019ai jou\u00e9 de malchance, c\u2019est arriv\u00e9 au pire moment. Cela change tout au classement g\u00e9n\u00e9ral. Mais c\u2019est la course\u2026 Un jour \u00e7a arrive \u00e0 moi, et la prochaine fois, \u00e7a arrivera peut-\u00eatre \u00e0 quelqu\u2019un d\u2019autre\u201d.<\/p>\n<p>Jean-Loup Fayolle esp\u00e8re pouvoir franchir de nouveaux paliers ces prochains mois. L\u2019\u00e9t\u00e9 est une p\u00e9riode que le Rhodanien appr\u00e9cie. \u201cLa chaleur, les cols\u2026 c\u2019est ce que j\u2019aime le plus dans le v\u00e9lo\u201d. Il a d\u00e9j\u00e0 le regard tourn\u00e9 vers ses prochaines courses. Ce sera avec la WorldTeam, sur la Route d\u2019Occitanie et l&rsquo;Andorra Classica. \u201cCe seront des courses pour grimpeurs, avec un niveau encore plus \u00e9lev\u00e9. Ce sera int\u00e9ressant de voir o\u00f9 en sont mes jambes\u201d. Il se tournera ensuite vers le Tour du Val d\u2019Aoste et le Tour Alsace. De beaux rendez-vous pour mesurer une nouvelle fois sa progression.<\/p>\n","protected":false},"excerpt":{"rendered":"Jean-Loup Fayolle a termin\u00e9 l\u2019Alpes Is\u00e8re Tour sur une bonne note. Le grimpeur de la Conti d\u2019Ark\u00e9a-B&amp;B H\u00f4tels&hellip;\n","protected":false},"author":2,"featured_media":151939,"comment_status":"","ping_status":"","sticky":false,"template":"","format":"standard","meta":{"footnotes":""},"categories":[1411],"tags":[834,828,836,829,837,827,83,826,824,823,1154,207,814,817,815,816,822,821,832,211,839,1011,27,820,818,819,835,831,830,833,838,60,212,208,825],"class_list":{"0":"post-151938","1":"post","2":"type-post","3":"status-publish","4":"format-standard","5":"has-post-thumbnail","7":"category-cyclisme","8":"tag-attaque","9":"tag-belgique","10":"tag-braquet","11":"tag-bretagne","12":"tag-chute","13":"tag-competition","14":"tag-coupe-de-france","15":"tag-coureur","16":"tag-course-cyclisme","17":"tag-course-cycliste","18":"tag-cycling","19":"tag-cyclisme","20":"tag-direct","21":"tag-direct-velo","22":"tag-directvelo","23":"tag-directvelo-com","24":"tag-epreuve","25":"tag-epreuve-cycliste","26":"tag-federation-francaise-de-cyclisme","27":"tag-ffc","28":"tag-flandres","29":"tag-fr","30":"tag-france","31":"tag-live","32":"tag-live-course","33":"tag-live-epreuve","34":"tag-peloton","35":"tag-radio-peloton","36":"tag-radio-tour","37":"tag-ravitaillement","38":"tag-relance","39":"tag-sports","40":"tag-uci","41":"tag-velo","42":"tag-velos"},"share_on_mastodon":{"url":"https:\/\/pubeurope.com\/@fr\/114626290236169525","error":""},"_links":{"self":[{"href":"https:\/\/www.europesays.com\/fr\/wp-json\/wp\/v2\/posts\/151938","targetHints":{"allow":["GET"]}}],"collection":[{"href":"https:\/\/www.europesays.com\/fr\/wp-json\/wp\/v2\/posts"}],"about":[{"href":"https:\/\/www.europesays.com\/fr\/wp-json\/wp\/v2\/types\/post"}],"author":[{"embeddable":true,"href":"https:\/\/www.europesays.com\/fr\/wp-json\/wp\/v2\/users\/2"}],"replies":[{"embeddable":true,"href":"https:\/\/www.europesays.com\/fr\/wp-json\/wp\/v2\/comments?post=151938"}],"version-history":[{"count":0,"href":"https:\/\/www.europesays.com\/fr\/wp-json\/wp\/v2\/posts\/151938\/revisions"}],"wp:featuredmedia":[{"embeddable":true,"href":"https:\/\/www.europesays.com\/fr\/wp-json\/wp\/v2\/media\/151939"}],"wp:attachment":[{"href":"https:\/\/www.europesays.com\/fr\/wp-json\/wp\/v2\/media?parent=151938"}],"wp:term":[{"taxonomy":"category","embeddable":true,"href":"https:\/\/www.europesays.com\/fr\/wp-json\/wp\/v2\/categories?post=151938"},{"taxonomy":"post_tag","embeddable":true,"href":"https:\/\/www.europesays.com\/fr\/wp-json\/wp\/v2\/tags?post=151938"}],"curies":[{"name":"wp","href":"https:\/\/api.w.org\/{rel}","templated":true}]}}