{"id":15194,"date":"2025-04-10T14:40:17","date_gmt":"2025-04-10T14:40:17","guid":{"rendered":"https:\/\/www.europesays.com\/fr\/15194\/"},"modified":"2025-04-10T14:40:17","modified_gmt":"2025-04-10T14:40:17","slug":"faut-il-sinquieter-pour-vos-enfants","status":"publish","type":"post","link":"https:\/\/www.europesays.com\/fr\/15194\/","title":{"rendered":"faut-il s\u2019inqui\u00e9ter pour vos enfants ?"},"content":{"rendered":"<p>             <a href=\"https:\/\/ma-sante.news\/wp-content\/uploads\/2025\/04\/cluster-rougeole-ecole-isere-vaccination-prolongee-Ma-Sante-.jpeg\" data-caption=\"Les personnes pr\u00e9sentant des sympt\u00f4mes de la rougeole sont invit\u00e9es \u00e0 rester isol\u00e9es pendant 10 jours, soit 5 jours avant et 5 jours apr\u00e8s l&#039;apparition des boutons. \u00a9\u00a0Adobe Stock\" rel=\"nofollow noopener\" target=\"_blank\"><img loading=\"lazy\" decoding=\"async\" width=\"696\" height=\"464\" class=\"entry-thumb td-modal-image\" src=\"data:image\/svg+xml,%3Csvg%20xmlns=\" http:=\"\" data-lazy- data-lazy- alt=\"Une salle de classe en is\u00e8re victime de l'\u00e9pid\u00e9mie de rougeole.\" title=\"cluster rougeole e\u0301cole ise\u0300re vaccination prolonge\u0301e Ma Sante\u0301\" data-lazy-src=\"https:\/\/www.europesays.com\/fr\/wp-content\/uploads\/2025\/04\/cluster-rougeole-ecole-isere-vaccination-prolongee-Ma-Sante--696x464.jpeg\"\/><\/a>Les personnes pr\u00e9sentant des sympt\u00f4mes de la rougeole sont invit\u00e9es \u00e0 rester isol\u00e9es pendant 10 jours, soit 5 jours avant et 5 jours apr\u00e8s l&rsquo;apparition des boutons. \u00a9\u00a0Adobe Stock                                    \t\t\t             <a class=\"gofollow\" data-track=\"MjgsMCwxLDYw\" href=\"https:\/\/ma-sante.news\/inscrivez-vous-a-notre-newsletter\/\" rel=\"nofollow noopener\" target=\"_blank\"><img loading=\"lazy\" decoding=\"async\" width=\"1068\" height=\"131\" src=\"data:image\/svg+xml,%3Csvg%20xmlns=\" http:=\"\" data-lazy-src=\"https:\/\/www.europesays.com\/fr\/wp-content\/uploads\/2025\/03\/banniere-newsletter.png\"\/><\/a> <\/p>\n<p>C\u2019est une alerte que les autorit\u00e9s sanitaires prennent tr\u00e8s au s\u00e9rieux : un cluster de rougeole en Is\u00e8re a \u00e9t\u00e9 d\u00e9tect\u00e9 depuis le 12 mars, avec 22 cas confirm\u00e9s, dont 18 biologiquement v\u00e9rifi\u00e9s, selon l\u2019ARS Auvergne-Rh\u00f4ne-Alpes. Le foyer s\u2019\u00e9tend dans la r\u00e9gion de la Bi\u00e8vre, une zone semi-rurale au nord-ouest du d\u00e9partement.<\/p>\n<p>Les cas recens\u00e9s concernent principalement des \u00e9l\u00e8ves de plusieurs \u00e9tablissements scolaires. Le virus s\u2019est propag\u00e9 dans les salles de classe, lors des activit\u00e9s extrascolaires, et m\u00eame dans les transports scolaires.<\/p>\n<p>        Les \u00e9tablissements concern\u00e9s    <\/p>\n<p>Plusieurs \u00e9coles is\u00e9roises sont d\u00e9j\u00e0 touch\u00e9es, avec des mesures sanitaires mises en place. Parmi les principaux \u00e9tablissements touch\u00e9s:<\/p>\n<ul class=\"wp-block-list\">\n<li>Lyc\u00e9e agricole de La C\u00f4te-Saint-Andr\u00e9<\/li>\n<li>Institution Saint-Fran\u00e7ois Sainte-C\u00e9cile (La C\u00f4te-Saint-Andr\u00e9)<\/li>\n<li>Coll\u00e8ge Jongkind (La C\u00f4te-Saint-Andr\u00e9)<\/li>\n<\/ul>\n<p><a href=\"https:\/\/ma-sante.news\/auvergne-rhone-alpes-lars-promeut-la-vaccination-face-a-une-hausse-de-la-rougeole\/\" rel=\"nofollow noopener\" target=\"_blank\">Des campagnes de vaccination de rattrapage<\/a> ont \u00e9t\u00e9 men\u00e9es dans ces \u00e9tablissements, permettant d\u00e9j\u00e0 de vacciner plus de 100 personnes.<\/p>\n<p>D\u2019autres structures \u00e9ducatives s\u2019appr\u00eatent \u00e0 accueillir des \u00e9quipes m\u00e9dicales pour \u00e9largir la couverture vaccinale :<\/p>\n<ul class=\"wp-block-list\">\n<li>Lyc\u00e9e Berlioz (La C\u00f4te-Saint-Andr\u00e9)<\/li>\n<li>Lyc\u00e9e Jean-Marie Vianney (La C\u00f4te-Saint-Andr\u00e9)<\/li>\n<li>Lyc\u00e9e Saint-Exup\u00e9ry (Saint-Sim\u00e9on-de-Bressieux)<\/li>\n<li>Coll\u00e8ge Jacques Brel (Beaurepaire)<\/li>\n<li>Institution Luzy Dufeillant (Beaurepaire)<\/li>\n<\/ul>\n<p>La prochaine op\u00e9ration aura lieu ce jeudi 11 avril dans les deux derniers coll\u00e8ges cit\u00e9s.<\/p>\n<p>        Une campagne d\u2019urgence pour freiner la propagation    <\/p>\n<p>L\u2019ARS a d\u00e9clench\u00e9 une r\u00e9ponse rapide, avec une priorit\u00e9 : \u00e9viter l\u2019\u00e9largissement du cluster \u00e0 d\u2019autres communes et \u00e9tablissements. <a href=\"https:\/\/ma-sante.news\/peut-on-attraper-la-rougeole-en-etant-vaccine\/\" rel=\"nofollow noopener\" target=\"_blank\">La rougeole \u00e9tant extr\u00eamement contagieuse<\/a>, chaque jour compte.<\/p>\n<p>\u201cIl est primordial de v\u00e9rifier son statut vaccinal\u201d, rappelle la Dre Anne-Sophie Ronnaux-Baron, responsable du p\u00f4le de veille sanitaire \u00e0 l\u2019ARS.<\/p>\n<p>La strat\u00e9gie repose sur le rattrapage vaccinal des \u00e9l\u00e8ves, du personnel et des familles, en particulier ceux n\u2019ayant pas re\u00e7u les deux doses du vaccin ROR.<\/p>\n<p>        Une vigilance renforc\u00e9e en Is\u00e8re    <\/p>\n<p>L\u2019apparition de ce cluster de rougeole en Is\u00e8re intervient dans un contexte de <a href=\"https:\/\/ma-sante.news\/rougeole-apres-la-mort-un-enfant-au-texas-inquietude-grimpe-en-france\/\" rel=\"nofollow noopener\" target=\"_blank\">recul de la couverture vaccinale en France<\/a>, amplifi\u00e9 par la crise du Covid-19. Dans certaines zones, notamment rurales, la couverture reste en dessous des 95 % n\u00e9cessaires pour garantir une immunit\u00e9 collective.<\/p>\n<p><a href=\"https:\/\/ma-sante.news\/epidemie-de-rougeole-la-france-face-a-une-flambee-inattendue\/\" rel=\"nofollow noopener\" target=\"_blank\">Les autorit\u00e9s sanitaires surveillent de pr\u00e8s l\u2019\u00e9volution de la situation<\/a>. Si de nouveaux cas apparaissent dans d\u2019autres \u00e9tablissements, le plan de vaccination pourra \u00eatre \u00e9largi \u00e0 d\u2019autres communes de l\u2019Is\u00e8re. Cette flamb\u00e9e des cas de rougeole dans la Bi\u00e8vre est pris d\u2019autant plus au s\u00e9rieux qu\u2019elle intervient quelques jours apr\u00e8s une premi\u00e8re alerte de l\u2019ARS annon\u00e7ant l\u2019apparition d\u2019un cluster dans le d\u00e9partement concentr\u00e9 autour du lyc\u00e9e agricole de la C\u00f4te Saint-Andr\u00e9.<\/p>\n<blockquote class=\"wp-block-quote is-layout-flow wp-block-quote-is-layout-flow\">\n<p><strong>\u00c0 SAVOIR<\/strong><\/p>\n<p>Depuis le d\u00e9but de l\u2019ann\u00e9e 2025, l\u2019ARS a recens\u00e9 25 cas de rougeole dans la r\u00e9gion, contre seulement 1 cas en 2021, 73 en 2023 et 139 en 2024.<\/p>\n<\/blockquote>\n<p>  <a class=\"gofollow\" data-track=\"MTIsMCwxLDYw\" href=\"https:\/\/ma-sante.news\/annonceurs\/\" rel=\"nofollow noopener\" target=\"_blank\"><img loading=\"lazy\" decoding=\"async\" width=\"2560\" height=\"2133\" src=\"data:image\/svg+xml,%3Csvg%20xmlns=\" http:=\"\" data-lazy-src=\"https:\/\/www.europesays.com\/fr\/wp-content\/uploads\/2025\/03\/pub-annonceurs-4-scaled.jpg\"\/><\/a>    <img loading=\"lazy\" decoding=\"async\" width=\"755\" height=\"495\" src=\"data:image\/svg+xml,%3Csvg%20xmlns=\" http:=\"\" data-lazy-src=\"https:\/\/www.europesays.com\/fr\/wp-content\/uploads\/2025\/03\/Image1.jpg\"\/>Inscrivez-vous \u00e0 notre newsletter <br \/>Ma Sant\u00e9                      <\/p>\n","protected":false},"excerpt":{"rendered":"Les personnes pr\u00e9sentant des sympt\u00f4mes de la rougeole sont invit\u00e9es \u00e0 rester isol\u00e9es pendant 10 jours, soit 5&hellip;\n","protected":false},"author":2,"featured_media":15195,"comment_status":"","ping_status":"","sticky":false,"template":"","format":"standard","meta":{"footnotes":""},"categories":[10],"tags":[1011,27,72,6405,71,148],"class_list":{"0":"post-15194","1":"post","2":"type-post","3":"status-publish","4":"format-standard","5":"has-post-thumbnail","7":"category-sante","8":"tag-fr","9":"tag-france","10":"tag-health","11":"tag-rougeole","12":"tag-sante","13":"tag-vaccination"},"share_on_mastodon":{"url":"https:\/\/pubeurope.com\/@fr\/114314190722230827","error":""},"_links":{"self":[{"href":"https:\/\/www.europesays.com\/fr\/wp-json\/wp\/v2\/posts\/15194","targetHints":{"allow":["GET"]}}],"collection":[{"href":"https:\/\/www.europesays.com\/fr\/wp-json\/wp\/v2\/posts"}],"about":[{"href":"https:\/\/www.europesays.com\/fr\/wp-json\/wp\/v2\/types\/post"}],"author":[{"embeddable":true,"href":"https:\/\/www.europesays.com\/fr\/wp-json\/wp\/v2\/users\/2"}],"replies":[{"embeddable":true,"href":"https:\/\/www.europesays.com\/fr\/wp-json\/wp\/v2\/comments?post=15194"}],"version-history":[{"count":0,"href":"https:\/\/www.europesays.com\/fr\/wp-json\/wp\/v2\/posts\/15194\/revisions"}],"wp:featuredmedia":[{"embeddable":true,"href":"https:\/\/www.europesays.com\/fr\/wp-json\/wp\/v2\/media\/15195"}],"wp:attachment":[{"href":"https:\/\/www.europesays.com\/fr\/wp-json\/wp\/v2\/media?parent=15194"}],"wp:term":[{"taxonomy":"category","embeddable":true,"href":"https:\/\/www.europesays.com\/fr\/wp-json\/wp\/v2\/categories?post=15194"},{"taxonomy":"post_tag","embeddable":true,"href":"https:\/\/www.europesays.com\/fr\/wp-json\/wp\/v2\/tags?post=15194"}],"curies":[{"name":"wp","href":"https:\/\/api.w.org\/{rel}","templated":true}]}}