{"id":151944,"date":"2025-06-04T17:34:16","date_gmt":"2025-06-04T17:34:16","guid":{"rendered":"https:\/\/www.europesays.com\/fr\/151944\/"},"modified":"2025-06-04T17:34:16","modified_gmt":"2025-06-04T17:34:16","slug":"exposition-a-la-mcl-60-photos-pour-autant-de-regards","status":"publish","type":"post","link":"https:\/\/www.europesays.com\/fr\/151944\/","title":{"rendered":"Exposition \u00e0 la MCL : 60 photos pour autant de regards"},"content":{"rendered":"<p>\t\t\t\t\t\t\t\t<a href=\"https:\/\/vosgesinfo.fr\/app\/uploads\/sites\/6\/2025\/06\/atelier-photo-mcl-vernissage-1.jpg\" data-slb-active=\"1\" data-slb-asset=\"1774025987\" data-slb-internal=\"0\" data-slb-group=\"slb\" rel=\"nofollow noopener\" target=\"_blank\"><img aria-describedby=\"caption-attachment-78780\" decoding=\"async\" loading=\"lazy\" class=\"size-large wp-image-78780\" src=\"https:\/\/www.europesays.com\/fr\/wp-content\/uploads\/2025\/06\/atelier-photo-mcl-vernissage-1-1024x768.jpg\" alt=\"\" width=\"1024\" height=\"768\"  \/><\/a><\/p>\n<p id=\"caption-attachment-78780\" class=\"wp-caption-text\">Michel Brissaud en compagnie de Jacques Martin, 2 amateurs de photographie.<\/p>\n<p>\u00a0<\/p>\n<p>\u00a0<\/p>\n<p><strong>La saison des expositions \u00e0 la MCL de G\u00e9rardmer s\u2019ach\u00e8ve avec les expos \u00ab\u00a0maison\u00a0\u00bb et un premier vernissage qui a eu lieu lundi soir \u00e0 la galerie. Les membres de l\u2019atelier photographie y expose une soixantaine de clich\u00e9s argentiques en noir &amp; blanc jusqu\u2019au 16 juin prochain. Le th\u00e8me choisi cette ann\u00e9e : \u00ab le temps qui passe \u00bb et \u00ab regards \u00bb.\u00a0<\/strong><\/p>\n<p><a href=\"https:\/\/vosgesinfo.fr\/app\/uploads\/sites\/6\/2025\/06\/atelier-photo-mcl-vernissage-2.jpg\" data-slb-active=\"1\" data-slb-asset=\"175531216\" data-slb-internal=\"0\" data-slb-group=\"slb\" rel=\"nofollow noopener\" target=\"_blank\"><img decoding=\"async\" loading=\"lazy\" class=\"alignright size-medium wp-image-78778\" src=\"https:\/\/www.europesays.com\/fr\/wp-content\/uploads\/2025\/06\/atelier-photo-mcl-vernissage-2-300x225.jpg\" alt=\"\" width=\"300\" height=\"225\"  \/><\/a>L\u2019animateur historique de l\u2019atelier Michel Brissaud a donc eu le plaisir de pr\u00e9senter les 12 exposants ainsi que l\u2019activit\u00e9 propos\u00e9e qui consiste notamment \u00e0 n\u2019utiliser que du Noir &amp; Blanc en argentique : prise de vue, d\u00e9veloppement des pellicules, agrandissements et bien s\u00fbr expositions en fin de saison. Pour ce cru 2025, 60 photographies sont expos\u00e9es et visible en entr\u00e9e libre aux horaires d\u2019ouverture de la MCL.<\/p>\n<p>Pour ce qui est de l\u2019atelier, ceux qui savent utiliser le labo peuvent y venir en autonomie aux heures d\u2019ouverture de la MCL pour y agrandir leurs photos. Si vous souhaitez d\u00e9couvrir l\u2019activit\u00e9 photo argentique, vous pouvez venir nous voir travailler avant de vous d\u00e9cider \u00e0 vous inscrire. L\u2019activit\u00e9 a lieu \u00e0 la maison de la culture de G\u00e9rardmer les lundis ou vendredis de 20h00 \u00e0 22h00. Vous trouverez plus d\u2019informations sur le site www.site.brissaudmichel88.fr.<\/p>\n<p><a href=\"https:\/\/vosgesinfo.fr\/app\/uploads\/sites\/6\/2025\/06\/atelier-photo-mcl-vernissage-4.jpg\" data-slb-active=\"1\" data-slb-asset=\"57830265\" data-slb-internal=\"0\" data-slb-group=\"slb\" rel=\"nofollow noopener\" target=\"_blank\"><img decoding=\"async\" loading=\"lazy\" class=\"aligncenter size-large wp-image-78781\" src=\"https:\/\/www.europesays.com\/fr\/wp-content\/uploads\/2025\/06\/atelier-photo-mcl-vernissage-4-1024x768.jpg\" alt=\"\" width=\"1024\" height=\"768\"  \/><\/a><\/p>\n","protected":false},"excerpt":{"rendered":"Michel Brissaud en compagnie de Jacques Martin, 2 amateurs de photographie. \u00a0 \u00a0 La saison des expositions \u00e0&hellip;\n","protected":false},"author":2,"featured_media":151945,"comment_status":"","ping_status":"","sticky":false,"template":"","format":"standard","meta":{"footnotes":""},"categories":[1358],"tags":[1348,1384,1385,28141,1386,58,59,1011,27,28142,28143],"class_list":{"0":"post-151944","1":"post","2":"type-post","3":"status-publish","4":"format-standard","5":"has-post-thumbnail","7":"category-arts-et-design","8":"tag-arts","9":"tag-arts-and-design","10":"tag-arts-et-design","11":"tag-atelier-photo","12":"tag-design","13":"tag-divertissement","14":"tag-entertainment","15":"tag-fr","16":"tag-france","17":"tag-mcl-gerardmer","18":"tag-michel-brissaud"},"share_on_mastodon":{"url":"https:\/\/pubeurope.com\/@fr\/114626302290958313","error":""},"_links":{"self":[{"href":"https:\/\/www.europesays.com\/fr\/wp-json\/wp\/v2\/posts\/151944","targetHints":{"allow":["GET"]}}],"collection":[{"href":"https:\/\/www.europesays.com\/fr\/wp-json\/wp\/v2\/posts"}],"about":[{"href":"https:\/\/www.europesays.com\/fr\/wp-json\/wp\/v2\/types\/post"}],"author":[{"embeddable":true,"href":"https:\/\/www.europesays.com\/fr\/wp-json\/wp\/v2\/users\/2"}],"replies":[{"embeddable":true,"href":"https:\/\/www.europesays.com\/fr\/wp-json\/wp\/v2\/comments?post=151944"}],"version-history":[{"count":0,"href":"https:\/\/www.europesays.com\/fr\/wp-json\/wp\/v2\/posts\/151944\/revisions"}],"wp:featuredmedia":[{"embeddable":true,"href":"https:\/\/www.europesays.com\/fr\/wp-json\/wp\/v2\/media\/151945"}],"wp:attachment":[{"href":"https:\/\/www.europesays.com\/fr\/wp-json\/wp\/v2\/media?parent=151944"}],"wp:term":[{"taxonomy":"category","embeddable":true,"href":"https:\/\/www.europesays.com\/fr\/wp-json\/wp\/v2\/categories?post=151944"},{"taxonomy":"post_tag","embeddable":true,"href":"https:\/\/www.europesays.com\/fr\/wp-json\/wp\/v2\/tags?post=151944"}],"curies":[{"name":"wp","href":"https:\/\/api.w.org\/{rel}","templated":true}]}}