{"id":151946,"date":"2025-06-04T17:35:11","date_gmt":"2025-06-04T17:35:11","guid":{"rendered":"https:\/\/www.europesays.com\/fr\/151946\/"},"modified":"2025-06-04T17:35:11","modified_gmt":"2025-06-04T17:35:11","slug":"gevrey-chambertin-une-bourse-aux-livres-a-la-mediatheque","status":"publish","type":"post","link":"https:\/\/www.europesays.com\/fr\/151946\/","title":{"rendered":"Gevrey-Chambertin. Une bourse aux livres \u00e0 la m\u00e9diath\u00e8que"},"content":{"rendered":"<p>Samedi 7\u00a0juin, de 10\u00a0heures \u00e0 17\u00a0h\u00a030, aura lieu la Bourse aux livres organis\u00e9e par le r\u00e9seau des M\u00e9diath\u00e8ques \u00e0 Gevrey-Chambertin (m\u00e9diath\u00e8que, 8, avenue de Nierstein). Des livres dont le r\u00e9seau se s\u00e9pare\u00a0seront propos\u00e9s\u00a0: livres pour enfants et pour adultes aux genres vari\u00e9s (polars, romans, bandes dessin\u00e9es, mais aussi CD, revues\u2026).<\/p>\n<p class=\"note\">Renseignements\u00a0: mediatheques@ccgevrey-nuits.com ou 03\u00a080\u00a051\u00a088\u00a054.<\/p>\n","protected":false},"excerpt":{"rendered":"Samedi 7\u00a0juin, de 10\u00a0heures \u00e0 17\u00a0h\u00a030, aura lieu la Bourse aux livres organis\u00e9e par le r\u00e9seau des M\u00e9diath\u00e8ques&hellip;\n","protected":false},"author":2,"featured_media":151947,"comment_status":"","ping_status":"","sticky":false,"template":"","format":"standard","meta":{"footnotes":""},"categories":[1357],"tags":[1379,1687,58,10975,59,1011,27,28144,28145,1686,1380,2410],"class_list":{"0":"post-151946","1":"post","2":"type-post","3":"status-publish","4":"format-standard","5":"has-post-thumbnail","7":"category-livres","8":"tag-books","9":"tag-culture-loisirs","10":"tag-divertissement","11":"tag-edition-beaune-et-sa-region","12":"tag-entertainment","13":"tag-fr","14":"tag-france","15":"tag-gevrey-chambertin","16":"tag-gevrey-chambertin-bassin","17":"tag-import-print","18":"tag-livres","19":"tag-livres-bd"},"share_on_mastodon":{"url":"https:\/\/pubeurope.com\/@fr\/114626305912086793","error":""},"_links":{"self":[{"href":"https:\/\/www.europesays.com\/fr\/wp-json\/wp\/v2\/posts\/151946","targetHints":{"allow":["GET"]}}],"collection":[{"href":"https:\/\/www.europesays.com\/fr\/wp-json\/wp\/v2\/posts"}],"about":[{"href":"https:\/\/www.europesays.com\/fr\/wp-json\/wp\/v2\/types\/post"}],"author":[{"embeddable":true,"href":"https:\/\/www.europesays.com\/fr\/wp-json\/wp\/v2\/users\/2"}],"replies":[{"embeddable":true,"href":"https:\/\/www.europesays.com\/fr\/wp-json\/wp\/v2\/comments?post=151946"}],"version-history":[{"count":0,"href":"https:\/\/www.europesays.com\/fr\/wp-json\/wp\/v2\/posts\/151946\/revisions"}],"wp:featuredmedia":[{"embeddable":true,"href":"https:\/\/www.europesays.com\/fr\/wp-json\/wp\/v2\/media\/151947"}],"wp:attachment":[{"href":"https:\/\/www.europesays.com\/fr\/wp-json\/wp\/v2\/media?parent=151946"}],"wp:term":[{"taxonomy":"category","embeddable":true,"href":"https:\/\/www.europesays.com\/fr\/wp-json\/wp\/v2\/categories?post=151946"},{"taxonomy":"post_tag","embeddable":true,"href":"https:\/\/www.europesays.com\/fr\/wp-json\/wp\/v2\/tags?post=151946"}],"curies":[{"name":"wp","href":"https:\/\/api.w.org\/{rel}","templated":true}]}}