{"id":151948,"date":"2025-06-04T17:36:43","date_gmt":"2025-06-04T17:36:43","guid":{"rendered":"https:\/\/www.europesays.com\/fr\/151948\/"},"modified":"2025-06-04T17:36:43","modified_gmt":"2025-06-04T17:36:43","slug":"ilane-top-chef-2025-raconte-comment-il-a-integre-les-brigades-cachees-en-catastrophe","status":"publish","type":"post","link":"https:\/\/www.europesays.com\/fr\/151948\/","title":{"rendered":"Ilane (Top Chef 2025) raconte comment il a int\u00e9gr\u00e9 Les Brigades cach\u00e9es en catastrophe"},"content":{"rendered":"<p>INTERVIEW. Ce mercredi 4 juin, Ilane fait son entr\u00e9e dans la saison 16 de Top Chef aux c\u00f4t\u00e9s de Fabien Ferr\u00e9, qui l&rsquo;a coach\u00e9 tout au long des Brigades cach\u00e9es. Un parcours atypique sur lequel il est revenu au cours d&rsquo;un entretien qu&rsquo;il nous a accord\u00e9.<\/p>\n<p>\u00c7a y est ! Apr\u00e8s huit semaines \u00e0<a href=\"https:\/\/www.programme-tv.net\/news\/tv\/379782-quels-candidats-ont-gagne-les-brigades-cachees-et-reintegrent-top-chef-a-partir-de-la-semaine-prochaine\/\" data-api-deeplink=\"teleloisirs:\/\/news\/379782\" target=\"_blank\" rel=\"noopener\"> batailler dans le plus grand secret des Brigades cach\u00e9es<\/a>, Ilane int\u00e8gre enfin <a href=\"https:\/\/www.programme-tv.net\/news\/tv\/365451-top-chef-2025-jury-tournage-pas-d-objectif-top-chef-les-premieres-infos-de-la-saison-16\/\" data-api-deeplink=\"teleloisirs:\/\/news\/365451\" target=\"_blank\" rel=\"noopener\">Top Chef <\/a>ce mercredi 4 juin. Et il ne sera pas seul puisque Gr\u00e9goire, \u00e9limin\u00e9 il y a cinq semaines d\u00e9j\u00e0, signe aussi son grand retour dans le concours. De quoi donner quelques sueurs froides \u00e0 Quentin, Charlie, Charles et Margaux, persuad\u00e9s d&rsquo;avoir atteint les quarts de finale de la saison 16. Un parcours quasi inesp\u00e9r\u00e9 pour<b> Ilane, qui n&rsquo;\u00e9tait pas retenu initialement pour cette \u00e9dition <\/b>mais qui a pu y acc\u00e9der <a href=\"https:\/\/www.programme-tv.net\/news\/tv\/375366-noe-abandonne-top-chef-2025-jai-eu-un-coup-de-telephone-que-je-ne-souhaite-a-personne\/\" data-api-deeplink=\"teleloisirs:\/\/news\/375366\" target=\"_blank\" rel=\"noopener\">suite \u00e0 l&rsquo;abandon de No\u00e9<\/a>. Le chef de 28 ans revient sur les conditions de son arriv\u00e9e pas comme les autres.<\/p>\n<p>\u00ab\u00a0Via les r\u00e9seaux sociaux\u00a0\u00bb : Ilane raconte comment il a compris que le tournage de Top Chef avait d\u00e9but\u00e9\u2026 sans lui !<\/p>\n<p><b>T\u00e9l\u00e9-Loisirs <\/b><b>: Quand avez-vous appris que vous ne participiez pas \u00e0 <\/b><b>Top Chef<\/b><b> cette ann\u00e9e ?<br \/>Ilane <\/b>: Une semaine et demie avant que je monte pour faire Les Brigades cach\u00e9es. En fait, je connais des journalistes qui travaillent sur l&rsquo;\u00e9mission et <b>via leurs r\u00e9seaux sociaux, je voyais que le tournage \u00e9tait d\u00e9j\u00e0 bien entam\u00e9<\/b>. Donc je me suis dit que c&rsquo;\u00e9tait mort. <b>\u00c7a a \u00e9t\u00e9 du last minute !<\/b><\/p>\n<p><b>\u00c9tait-ce la premi\u00e8re fois que vous tentiez <\/b><b>Top Chef<\/b><b> ?<\/b><br \/>Je l&rsquo;avais tent\u00e9 il y a quatre ou cinq ans. Et depuis, plus rien. Fin ao\u00fbt, j&rsquo;ai re\u00e7u un appel de la directrice de casting qui m&rsquo;expliquait qu&rsquo;ils organisaient une derni\u00e8re session de casting fin ao\u00fbt-d\u00e9but septembre. Dans ma t\u00eate, je pensais que cette \u00e9tape \u00e9tait d\u00e9j\u00e0 termin\u00e9e. J&rsquo;ai demand\u00e9 au propri\u00e9taire de l&rsquo;h\u00f4tel o\u00f9 je travaille si je pouvais, il a dit oui. Ensuite, tout s&rsquo;est encha\u00een\u00e9 tr\u00e8s vite. J&rsquo;ai pass\u00e9 le casting le 3 septembre avec une \u00e9preuve culinaire. Jusqu&rsquo;\u00e0 fin septembre, j&rsquo;ai eu des appels, mais \u00e7a a un peu tra\u00een\u00e9 en longueur. On m&rsquo;a dit qu&rsquo;on me donnerait la r\u00e9ponse par t\u00e9l\u00e9phone. <b>Je pensais vraiment que j&rsquo;allais \u00eatre pris <\/b>parce que ceux qui avaient fait le casting avec moi n&rsquo;avaient pas pass\u00e9 toutes ces \u00e9tapes-l\u00e0.<b> <\/b>Et au dernier moment, on m&rsquo;a dit qu&rsquo;ils n&rsquo;en prenaient que quatorze cette ann\u00e9e et que j&rsquo;\u00e9tais le quinzi\u00e8me. <a href=\"https:\/\/www.programme-tv.net\/news\/tv\/375511-ilane-integre-a-la-derniere-minute-dans-top-chef-raconte-l-appel-de-la-production-j-ai-cru-a-une-blague\/\" data-api-deeplink=\"teleloisirs:\/\/news\/375511\" target=\"_blank\" rel=\"noopener\">On m&rsquo;a demand\u00e9 si j&rsquo;acceptais d&rsquo;\u00eatre le joker en cas d&rsquo;abandon.<\/a><\/p>\n<p>\u00ab\u00a0J&rsquo;avais dit que je partais trois jours, \u00e7a a dur\u00e9 plus longtemps que pr\u00e9vu\u00a0\u00bb : Ilane ne pensait vraiment pas qu&rsquo;il int\u00e9grerait Top Chef \u00e0 l&rsquo;issue des Brigades cach\u00e9es<\/p>\n<p><b>Dans quel \u00e9tat d&rsquo;esprit \u00e9tiez-vous en arrivant dans <\/b><b>Les Brigades cach\u00e9es<\/b><b> ?<\/b><br \/>Honn\u00eatement, je ne voulais vraiment pas me ridiculiser. J&rsquo;avais la pression de ne pas me planter et envie de montrer ce que je valais. Je me suis dit que je n&rsquo;avais pas la chance de rentrer dans le concours officiel mais que j&rsquo;allais tout faire pour y acc\u00e9der par cette petite porte.<\/p>\n<p><b>Pensiez-vous vraiment aller jusqu&rsquo;au bout ?<\/b><br \/>Je ne pensais m\u00eame pas faire les trois premi\u00e8res ! J&rsquo;avais dit \u00e0 mon propri\u00e9taire que je partais trois jours pour faire Les Brigades cach\u00e9es. Et finalement, \u00e7a a dur\u00e9 un peu plus longtemps que pr\u00e9vu. (Il rit.) Je n&rsquo;y croyais pas. Chaque moment \u00e9tait une surprise.<\/p>\n","protected":false},"excerpt":{"rendered":"INTERVIEW. Ce mercredi 4 juin, Ilane fait son entr\u00e9e dans la saison 16 de Top Chef aux c\u00f4t\u00e9s&hellip;\n","protected":false},"author":2,"featured_media":151949,"comment_status":"","ping_status":"","sticky":false,"template":"","format":"standard","meta":{"footnotes":""},"categories":[1356],"tags":[244,58,59,1011,27,16552,2173,494,252,492,1364,1630],"class_list":{"0":"post-151948","1":"post","2":"type-post","3":"status-publish","4":"format-standard","5":"has-post-thumbnail","7":"category-television","8":"tag-commentaire","9":"tag-divertissement","10":"tag-entertainment","11":"tag-fr","12":"tag-france","13":"tag-ilane-tinchant-top-chef-16","14":"tag-interview","15":"tag-m6","16":"tag-television","17":"tag-top-chef","18":"tag-tv","19":"tag-zapping"},"share_on_mastodon":{"url":"https:\/\/pubeurope.com\/@fr\/114626309893919005","error":""},"_links":{"self":[{"href":"https:\/\/www.europesays.com\/fr\/wp-json\/wp\/v2\/posts\/151948","targetHints":{"allow":["GET"]}}],"collection":[{"href":"https:\/\/www.europesays.com\/fr\/wp-json\/wp\/v2\/posts"}],"about":[{"href":"https:\/\/www.europesays.com\/fr\/wp-json\/wp\/v2\/types\/post"}],"author":[{"embeddable":true,"href":"https:\/\/www.europesays.com\/fr\/wp-json\/wp\/v2\/users\/2"}],"replies":[{"embeddable":true,"href":"https:\/\/www.europesays.com\/fr\/wp-json\/wp\/v2\/comments?post=151948"}],"version-history":[{"count":0,"href":"https:\/\/www.europesays.com\/fr\/wp-json\/wp\/v2\/posts\/151948\/revisions"}],"wp:featuredmedia":[{"embeddable":true,"href":"https:\/\/www.europesays.com\/fr\/wp-json\/wp\/v2\/media\/151949"}],"wp:attachment":[{"href":"https:\/\/www.europesays.com\/fr\/wp-json\/wp\/v2\/media?parent=151948"}],"wp:term":[{"taxonomy":"category","embeddable":true,"href":"https:\/\/www.europesays.com\/fr\/wp-json\/wp\/v2\/categories?post=151948"},{"taxonomy":"post_tag","embeddable":true,"href":"https:\/\/www.europesays.com\/fr\/wp-json\/wp\/v2\/tags?post=151948"}],"curies":[{"name":"wp","href":"https:\/\/api.w.org\/{rel}","templated":true}]}}