{"id":151954,"date":"2025-06-04T17:39:13","date_gmt":"2025-06-04T17:39:13","guid":{"rendered":"https:\/\/www.europesays.com\/fr\/151954\/"},"modified":"2025-06-04T17:39:13","modified_gmt":"2025-06-04T17:39:13","slug":"comment-85-des-cas-pourraient-etre-evites","status":"publish","type":"post","link":"https:\/\/www.europesays.com\/fr\/151954\/","title":{"rendered":"comment 85 % des cas pourraient \u00eatre \u00e9vit\u00e9s"},"content":{"rendered":"<p>             <a href=\"https:\/\/ma-sante.news\/wp-content\/uploads\/2025\/06\/juin-jaune-prevention-sensibilisation-cancer-peau-cutane-evitable-Ma-Sante-.jpg\" data-caption=\"Selon l&#039;Organisation mondiale de la sant\u00e9 (OMS), l&#039;exposition excessive aux rayons ultraviolets (UV) est responsable de plus de 1,5 million de cas de cancers de la peau dans le monde chaque ann\u00e9e. \u00a9 Freepik\" target=\"_blank\" rel=\"noopener\"><img loading=\"lazy\" decoding=\"async\" width=\"696\" height=\"464\" class=\"entry-thumb td-modal-image\" src=\"data:image\/svg+xml,%3Csvg%20xmlns=\" http:=\"\" data-lazy- data-lazy- alt=\"Un homme atteint d'un cancer de la peau \u00e0 cause de son exposition prolong\u00e9e aux rayons UV du soleil.\" title=\"juin jaune pre\u0301vention sensibilisation cancer peau cutane\u0301 e\u0301vitable Ma Sante\u0301\" data-lazy-src=\"https:\/\/www.europesays.com\/fr\/wp-content\/uploads\/2025\/06\/juin-jaune-prevention-sensibilisation-cancer-peau-cutane-evitable-Ma-Sante--696x464.jpg\"\/><\/a>Selon l&rsquo;Organisation mondiale de la sant\u00e9 (OMS), l&rsquo;exposition excessive aux rayons ultraviolets (UV) est responsable de plus de 1,5 million de cas de cancers de la peau dans le monde chaque ann\u00e9e. \u00a9 Freepik                                    \t\t\t             <a class=\"gofollow\" data-track=\"MjgsMCwxLDYw\" href=\"https:\/\/ma-sante.news\/inscrivez-vous-a-notre-newsletter\/\" target=\"_blank\" rel=\"noopener\"><img loading=\"lazy\" decoding=\"async\" width=\"1068\" height=\"131\" src=\"data:image\/svg+xml,%3Csvg%20xmlns=\" http:=\"\" data-lazy-src=\"https:\/\/www.europesays.com\/fr\/wp-content\/uploads\/2025\/03\/banniere-newsletter.png\"\/><\/a> <\/p>\n<p>Chaque ann\u00e9e en France, plus de 80 000 nouveaux cas de cancers de la peau sont diagnostiqu\u00e9s. Oui, 80 000 ! Et pourtant, beaucoup l\u2019ignorent encore :<a href=\"https:\/\/ma-sante.news\/melanome-et-cancers-de-la-peau-les-conseils-dune-dermatologue\/\" target=\"_blank\" rel=\"noopener\"> le soleil est le principal facteur de risque de ces cancers<\/a>. <\/p>\n<p>Pour alerter la population et promouvoir les bons r\u00e9flexes, des dermatologues ont lanc\u00e9 une campagne de pr\u00e9vention originale baptis\u00e9e \u00ab Juin Jaune \u00bb. Son objectif ? Faire en sorte que ce mois soit aussi synonyme de vigilance face aux dangers du soleil.<\/p>\n<p>        Juin Jaune : le soleil n\u2019est pas toujours notre ami    <strong>Une urgence de sant\u00e9 publique<\/strong>    <\/p>\n<p>D\u2019apr\u00e8s les derni\u00e8res donn\u00e9es publi\u00e9es par l\u2019INCa (Institut National du Cancer), <a href=\"https:\/\/ma-sante.news\/soleil-et-cancers-en-30-ans-le-nombre-de-melanomes-a-quadruple\/\" target=\"_blank\" rel=\"noopener\">l\u2019incidence des cancers cutan\u00e9s a tripl\u00e9 entre 1990 et 2023<\/a>. Nos habitudes d\u2019exposition sont largement point\u00e9es du doigt : vacances sous les tropiques, <a href=\"https:\/\/ma-sante.news\/nutrition-le-top-10-des-aliments-pour-un-bronzage-parfait\/\" target=\"_blank\" rel=\"noopener\">bronzage intensif<\/a>, oublis de cr\u00e8me solaire\u2026 Et surtout, <a href=\"https:\/\/ma-sante.news\/dermatologie-conseils-protection-soleil-4285\/\" target=\"_blank\" rel=\"noopener\">une banalisation des coups de soleil<\/a>, m\u00eame d\u00e8s l\u2019enfance.<\/p>\n<p>Les carcinomes (les plus fr\u00e9quents) repr\u00e9sentent environ 90 % des cas, tandis que <a href=\"https:\/\/ma-sante.news\/melanome-nous-observons-une-augmentation-des-cancers-de-la-peau\/\" target=\"_blank\" rel=\"noopener\">les m\u00e9lanomes, plus graves, sont responsables de pr\u00e8s de 2 000 d\u00e9c\u00e8s chaque ann\u00e9e<\/a>. Et contrairement aux id\u00e9es re\u00e7ues, ces cancers ne touchent pas que les peaux claires ou les seniors : tout le monde est concern\u00e9 !<\/p>\n<p>        <strong>5 r\u00e9flexes simples pour \u00e9viter le cancer de la peau<\/strong>    <\/p>\n<p>Pas besoin de vivre dans une grotte pour \u00e9viter les UV. Il suffit d\u2019adopter les bons automatismes et quelques bonnes pratiques. Pour rappel:<\/p>\n<ol class=\"wp-block-list\">\n<li><a href=\"https:\/\/ma-sante.news\/dangers-des-uv-quand-le-soleil-ne-vous-veut-pas-du-bien\/\" target=\"_blank\" rel=\"noopener\">\u00c9vitez l\u2019exposition entre 11h et 16h : c\u2019est l\u00e0 que les UV sont les plus forts<\/a>.<\/li>\n<li>Appliquez <a href=\"https:\/\/ma-sante.news\/protection-solaire-le-guide-ideal-pour-profiter-du-soleil-sans-risque\/\" target=\"_blank\" rel=\"noopener\">une cr\u00e8me solaire indice 50+<\/a>, toutes les deux heures et apr\u00e8s chaque baignade.<\/li>\n<li>Couvrez-vous : v\u00eatements longs, chapeau \u00e0 large bord, lunettes de soleil (norme CE).<\/li>\n<li>Cherchez l\u2019ombre, m\u00eame \u00e0 la plage : les parasols ne sont pas juste d\u00e9coratifs.<\/li>\n<li><a href=\"https:\/\/ma-sante.news\/soleil-et-peau-les-zones-du-corps-a-ne-pas-oublier\/\" target=\"_blank\" rel=\"noopener\">Prot\u00e9gez les enfants<\/a> : leur peau est particuli\u00e8rement vuln\u00e9rable.<\/li>\n<\/ol>\n<p>Ces recommandations sont partag\u00e9es par le Syndicat national des dermatologues-v\u00e9n\u00e9r\u00e9ologues (SNDV), qui rappelle que chaque coup de soleil est une agression pour la peau.<\/p>\n<p>        Juin Jaune : une mobilisation sur tous les fronts pour sauver notre peau    <strong>Des actions concr\u00e8tes sur le terrain<\/strong>    <\/p>\n<p>Cette ann\u00e9e, plusieurs structures de sant\u00e9 participent activement \u00e0 Juin Jaune :<\/p>\n<ul class=\"wp-block-list\">\n<li>Le CHU de Dijon Bourgogne organise des journ\u00e9es de <a href=\"https:\/\/ma-sante.news\/cancer-de-la-peau-une-semaine-pour-se-faire-depister\/\" target=\"_blank\" rel=\"noopener\">d\u00e9pistage gratuit et d\u2019information<\/a>, notamment les 17 et 26 juin.<\/li>\n<li>La CPTS de Caluire (dans le Rh\u00f4ne) multiplie les initiatives : affichage, diffusion de messages sur les panneaux lumineux, distribution de plaquettes en pharmacie, etc.<\/li>\n<\/ul>\n<p>D\u2019autres initiatives locales et des outils num\u00e9riques compl\u00e8tent l\u2019effort de sensibilisation des professionnels de sant\u00e9. Le site<a href=\"https:\/\/www.juin-jaune.fr\" target=\"_blank\" rel=\"noopener\"> juin-jaune.fr<\/a> propose ainsi des fiches pratiques, des vid\u00e9os explicatives, et m\u00eame un test interactif pour \u00e9valuer son risque personnel.<\/p>\n<p>        <strong>Les enfants, premi\u00e8res victimes des UV<\/strong>    <\/p>\n<p>On ne le r\u00e9p\u00e9tera jamais assez : le capital soleil se constitue d\u00e8s l\u2019enfance. Chaque coup de soleil re\u00e7u jeune augmente consid\u00e9rablement le risque de d\u00e9velopper<a href=\"https:\/\/ma-sante.news\/cancer-de-la-peau-soleil-danger\/\" target=\"_blank\" rel=\"noopener\"> un cancer cutan\u00e9 plus tard<\/a>. Concernant ces tranches d\u2019\u00e2ges particuli\u00e8rement expos\u00e9es, les sp\u00e9cialistes recommandent donc :<\/p>\n<ul class=\"wp-block-list\">\n<li>D\u2019\u00e9viter toute exposition directe avant 3 ans.<\/li>\n<li>De privil\u00e9gier les v\u00eatements anti-UV.<\/li>\n<li>D\u2019\u00e9duquer ces enfants \u00e0 mettre leur cr\u00e8me \u201ctout seuls\u201d, comme un jeu.<\/li>\n<\/ul>\n<p>Une id\u00e9e re\u00e7ue tenace veut que \u201cle bronzage prot\u00e8ge\u201d : c\u2019est faux !! Un bronzage est une r\u00e9action de d\u00e9fense de la peau, signe qu\u2019elle a \u00e9t\u00e9 agress\u00e9e.<\/p>\n<p>        Le message de Juin Jaune : pr\u00e9venir plut\u00f4t que gu\u00e9rir    <\/p>\n<p>Face \u00e0 ce danger latent, la campagne Juin Jaune  nous invite donc \u00e0 un changement culturel : sortir du culte du bronzage \u00e0 tout prix, pour adopter des comportements plus responsables.\u00a0<\/p>\n<p>Et l\u2019enjeu est de taille : la grande majorit\u00e9 des cancers cutan\u00e9s sont \u00e9vitables, s\u2019ils sont pr\u00e9venus ou d\u00e9pist\u00e9s \u00e0 temps.\u00a0Ne l\u2019oubliez pas cet \u00e9t\u00e9 sur la plage ou \u00e0 la montagne\u2026<\/p>\n<blockquote class=\"wp-block-quote is-layout-flow wp-block-quote-is-layout-flow\">\n<p><strong>\u00c0 SAVOIR<\/strong><\/p>\n<p>En France, les cancers de la peau pourraient devenir les plus fr\u00e9quents, avec jusqu\u2019\u00e0 243 500 cas par an, selon Sant\u00e9 publique France. Plus de 85 % sont li\u00e9s \u00e0 une exposition excessive aux UV, pourtant \u00e9vitable.\u00a0<\/p>\n<\/blockquote>\n<p>  <a class=\"gofollow\" data-track=\"MTIsMCwxLDYw\" href=\"https:\/\/ma-sante.news\/annonceurs\/\" target=\"_blank\" rel=\"noopener\"><img loading=\"lazy\" decoding=\"async\" width=\"2560\" height=\"2133\" src=\"data:image\/svg+xml,%3Csvg%20xmlns=\" http:=\"\" data-lazy-src=\"https:\/\/www.europesays.com\/fr\/wp-content\/uploads\/2025\/03\/pub-annonceurs-4-scaled.jpg\"\/><\/a>    <img loading=\"lazy\" decoding=\"async\" width=\"755\" height=\"495\" src=\"data:image\/svg+xml,%3Csvg%20xmlns=\" http:=\"\" data-lazy-src=\"https:\/\/www.europesays.com\/fr\/wp-content\/uploads\/2025\/03\/Image1.jpg\"\/>Inscrivez-vous \u00e0 notre newsletter <br \/>Ma Sant\u00e9                      <\/p>\n","protected":false},"excerpt":{"rendered":"Selon l&rsquo;Organisation mondiale de la sant\u00e9 (OMS), l&rsquo;exposition excessive aux rayons ultraviolets (UV) est responsable de plus de&hellip;\n","protected":false},"author":2,"featured_media":151955,"comment_status":"","ping_status":"","sticky":false,"template":"","format":"standard","meta":{"footnotes":""},"categories":[10],"tags":[28146,27412,1011,27,72,28147,71,4904],"class_list":{"0":"post-151954","1":"post","2":"type-post","3":"status-publish","4":"format-standard","5":"has-post-thumbnail","7":"category-sante","8":"tag-coup-de-soleil","9":"tag-cru00e8me-solaire","10":"tag-fr","11":"tag-france","12":"tag-health","13":"tag-mu00e9lanome","14":"tag-sante","15":"tag-soleil"},"share_on_mastodon":{"url":"https:\/\/pubeurope.com\/@fr\/114626321743894625","error":""},"_links":{"self":[{"href":"https:\/\/www.europesays.com\/fr\/wp-json\/wp\/v2\/posts\/151954","targetHints":{"allow":["GET"]}}],"collection":[{"href":"https:\/\/www.europesays.com\/fr\/wp-json\/wp\/v2\/posts"}],"about":[{"href":"https:\/\/www.europesays.com\/fr\/wp-json\/wp\/v2\/types\/post"}],"author":[{"embeddable":true,"href":"https:\/\/www.europesays.com\/fr\/wp-json\/wp\/v2\/users\/2"}],"replies":[{"embeddable":true,"href":"https:\/\/www.europesays.com\/fr\/wp-json\/wp\/v2\/comments?post=151954"}],"version-history":[{"count":0,"href":"https:\/\/www.europesays.com\/fr\/wp-json\/wp\/v2\/posts\/151954\/revisions"}],"wp:featuredmedia":[{"embeddable":true,"href":"https:\/\/www.europesays.com\/fr\/wp-json\/wp\/v2\/media\/151955"}],"wp:attachment":[{"href":"https:\/\/www.europesays.com\/fr\/wp-json\/wp\/v2\/media?parent=151954"}],"wp:term":[{"taxonomy":"category","embeddable":true,"href":"https:\/\/www.europesays.com\/fr\/wp-json\/wp\/v2\/categories?post=151954"},{"taxonomy":"post_tag","embeddable":true,"href":"https:\/\/www.europesays.com\/fr\/wp-json\/wp\/v2\/tags?post=151954"}],"curies":[{"name":"wp","href":"https:\/\/api.w.org\/{rel}","templated":true}]}}