{"id":151958,"date":"2025-06-04T17:41:08","date_gmt":"2025-06-04T17:41:08","guid":{"rendered":"https:\/\/www.europesays.com\/fr\/151958\/"},"modified":"2025-06-04T17:41:08","modified_gmt":"2025-06-04T17:41:08","slug":"ce-truc-de-ringard-nagui-et-cyril-hanouna-la-guerre-est-relancee","status":"publish","type":"post","link":"https:\/\/www.europesays.com\/fr\/151958\/","title":{"rendered":"\u00ab\u00a0Ce truc de ringard\u00a0\u00bb, Nagui et Cyril Hanouna : la guerre est relanc\u00e9e"},"content":{"rendered":"<p>Entre <a href=\"https:\/\/www.public.fr\/tag\/nagui\" target=\"_blank\" rel=\"noopener\">Nagui<\/a> et <a href=\"https:\/\/www.public.fr\/tag\/cyril-hanouna\" target=\"_blank\" rel=\"noopener\">Cyril Hanouna<\/a>, les tensions ne datent pas d\u2019hier. Depuis plusieurs ann\u00e9es, les deux animateurs se taclent par m\u00e9dias interpos\u00e9s et l\u2019ancien pr\u00e9sentateur de <strong>\u00ab\u00a0TPMP\u00a0\u00bb<\/strong> vient de remettre une pi\u00e8ce dans le jukebox, \u00e0 l\u2019occasion de la conf\u00e9rence de presse d\u2019<strong>\u00ab\u00a0Intervilles\u00a0\u00bb<\/strong>, qui fera son retour cet \u00e9t\u00e9.<\/p>\n<p>Pour rappel, ces derniers mois, \u00ab\u00a0Baba\u00a0\u00bb a souvent tacl\u00e9 son homologue. Que ce soit pour <a href=\"https:\/\/www.public.fr\/jamais-vu-un-truc-aussi-eclate-nagui-et-ses-bravos-dor-fracasses-par-cyril-hanouna\" target=\"_blank\" rel=\"noopener\">l\u2019\u00e9chec des <strong>\u00ab\u00a0Bravos d\u2019or\u00a0\u00bb<\/strong><\/a>, l\u2019\u00e9mission pr\u00e9sent\u00e9e par <a href=\"https:\/\/vsd.fr\/tag\/nagui\/\" target=\"_blank\" rel=\"noopener\">le compagnon de M\u00e9lanie Page,<\/a> sa pique \u00e0 l\u2019\u00e9gard de Slimane dans un \u00e9pisode de <strong>\u00ab\u00a0N\u2019oubliez pas les paroles\u00a0\u00bb<\/strong>, ou encore lorsqu\u2019il a annonc\u00e9 <a href=\"https:\/\/www.public.fr\/nagui-quitte-x-cyril-hanouna-ravi-remercie-elon-musk-de-lavoir-debarrasse-de-tous-les-boulets\" target=\"_blank\" rel=\"noopener\">son d\u00e9part du r\u00e9seau social X.\u00a0<\/a><\/p>\n<p>En janvier dernier, Cyril Hanouna commentait en effet le d\u00e9part de Nagui du r\u00e9seau social d\u00e9tenu par Elon Musk. \u00ab\u00a0J\u2019ai vu que m\u00eame Nagui avait quitt\u00e9 Twitter. On sera bient\u00f4t tranquille. Apr\u00e8s Sandrine Rousseau, apr\u00e8s Le Monde, apr\u00e8s Lib\u00e9ration\u2026\u00a0\u00bb, a-t-il en effet l\u00e2ch\u00e9 dans son \u00e9mission\u00a0<strong>\u00ab\u00a0On marche sur la t\u00eate\u00a0\u00bb<\/strong>.<\/p>\n<p>Cyril Hanouna se paie Nagui et Bruno Guillon<\/p>\n<p>Apr\u00e8s plusieurs semaines de \u00ab\u00a0paix\u00a0\u00bb, l\u2019animateur vient de relancer la \u00ab\u00a0guerre\u00a0\u00bb avec son homologue. Ce mercredi 4 juin 2025 se tenait la conf\u00e9rence de presse pour pr\u00e9senter le retour d\u2019<strong>\u00ab\u00a0Intervilles\u00a0\u00bb<\/strong>.<\/p>\n<p>Pour l\u2019occasion, <strong>Cyril Hanouna a contact\u00e9 Alexia Laroche-Joubert<\/strong>, son amie et productrice du jeu, afin de recueillir son t\u00e9moignage en direct dans son \u00e9mission<strong> \u00ab\u00a0On marche sur la t\u00eate\u00a0\u00bb<\/strong> sur Europe 1, et <strong>glisser un nouveau tacle \u00e0 Nagui et <a href=\"https:\/\/www.public.fr\/tag\/bruno-guillon\" target=\"_blank\" rel=\"noopener\">Bruno Guillon<\/a><\/strong>, pr\u00e9sentateurs du jeu \u00e0 venir sur France T\u00e9l\u00e9visions.\u00a0<\/p>\n<p>\u00ab\u00a0<strong>T&rsquo;as \u00e9t\u00e9 \u00e0 un truc de ringard<\/strong>, je t&rsquo;ai vue, la conf\u00e9rence de presse d&rsquo;Intervilles. C&rsquo;est pour \u00e7a que je t&rsquo;appelle. Ma ch\u00e9rie, il faut que tu sortes de l\u00e0,<strong> il faut que tu sortes de l\u00e0<\/strong>. Il faut que tu sortes de l\u00e0, ma ch\u00e9rie\u00a0\u00bb, a lanc\u00e9 Cyril Hanouna \u00e0 la productrice.<\/p>\n<p>Son amie, Alexia Laroche-Joubert, d\u00e9fend le programme<\/p>\n<p>\u00ab\u00a0Pourquoi t&rsquo;appelles comme \u00e7a ? En plus, tu m&rsquo;appelles un num\u00e9ro que je connais pas (\u2026) Qu\u2019est-ce que tu veux ?\u00a0\u00bb, a alors r\u00e9torqu\u00e9 la principale int\u00e9ress\u00e9e. \u00c0 quoi \u00ab\u00a0Baba\u00a0\u00bb a r\u00e9pondu : \u00ab\u00a0Parce qu&rsquo;on parlait d&rsquo;Intervilles, du service public qui met 18 jeux par jour, <strong>qui se foutent de la gueule des Fran\u00e7ais<\/strong>\u00ab\u00a0.<\/p>\n<p>Si Cyril Hanouna esp\u00e9rait entendre Alexia Laroche-Joubert tacler Nagui et le jeu \u00e0 venir sur France T\u00e9l\u00e9visions, c\u2019est loup\u00e9. En effet, la patronne de Banijay a d\u00e9fendu le projet : \u00ab\u00a0C\u2019\u00e9tait une belle conf\u00e9rence de presse et je te remercie de me donner l&rsquo;occasion d&rsquo;en parler\u00a0\u00bb.<\/p>\n<p>\u00ab\u00a0Non, mais c&rsquo;est vraiment \u00e9clat\u00e9. Elle n&rsquo;est pas extraordinaire (\u2026) Arr\u00eate de payer des chaouchs sans rigoler. Arr\u00eate un peu, Alexia. Garde l&rsquo;argent pour toi, ma ch\u00e9rie. Non, mais c&rsquo;est vrai\u00a0\u00bb, a poursuivi l\u2019animateur avant que la productrice ne lui souhaite une bonne journ\u00e9e, sans prendre les critiques pour elle.\u00a0<\/p>\n<p>      Mentionn\u00e9s dans cet article<\/p>\n<p>\u00c0 lire aussi<\/p>\n","protected":false},"excerpt":{"rendered":"Entre Nagui et Cyril Hanouna, les tensions ne datent pas d\u2019hier. Depuis plusieurs ann\u00e9es, les deux animateurs se&hellip;\n","protected":false},"author":2,"featured_media":151959,"comment_status":"","ping_status":"","sticky":false,"template":"","format":"standard","meta":{"footnotes":""},"categories":[8],"tags":[1083,58,59,1473,1011,27,28148,10477,549],"class_list":{"0":"post-151958","1":"post","2":"type-post","3":"status-publish","4":"format-standard","5":"has-post-thumbnail","7":"category-divertissement","8":"tag-cyril-hanouna","9":"tag-divertissement","10":"tag-entertainment","11":"tag-europe-1","12":"tag-fr","13":"tag-france","14":"tag-intervilles","15":"tag-nagui","16":"tag-touche-pas-a-mon-poste"},"share_on_mastodon":{"url":"https:\/\/pubeurope.com\/@fr\/114626329646433410","error":""},"_links":{"self":[{"href":"https:\/\/www.europesays.com\/fr\/wp-json\/wp\/v2\/posts\/151958","targetHints":{"allow":["GET"]}}],"collection":[{"href":"https:\/\/www.europesays.com\/fr\/wp-json\/wp\/v2\/posts"}],"about":[{"href":"https:\/\/www.europesays.com\/fr\/wp-json\/wp\/v2\/types\/post"}],"author":[{"embeddable":true,"href":"https:\/\/www.europesays.com\/fr\/wp-json\/wp\/v2\/users\/2"}],"replies":[{"embeddable":true,"href":"https:\/\/www.europesays.com\/fr\/wp-json\/wp\/v2\/comments?post=151958"}],"version-history":[{"count":0,"href":"https:\/\/www.europesays.com\/fr\/wp-json\/wp\/v2\/posts\/151958\/revisions"}],"wp:featuredmedia":[{"embeddable":true,"href":"https:\/\/www.europesays.com\/fr\/wp-json\/wp\/v2\/media\/151959"}],"wp:attachment":[{"href":"https:\/\/www.europesays.com\/fr\/wp-json\/wp\/v2\/media?parent=151958"}],"wp:term":[{"taxonomy":"category","embeddable":true,"href":"https:\/\/www.europesays.com\/fr\/wp-json\/wp\/v2\/categories?post=151958"},{"taxonomy":"post_tag","embeddable":true,"href":"https:\/\/www.europesays.com\/fr\/wp-json\/wp\/v2\/tags?post=151958"}],"curies":[{"name":"wp","href":"https:\/\/api.w.org\/{rel}","templated":true}]}}