{"id":15196,"date":"2025-04-10T14:42:09","date_gmt":"2025-04-10T14:42:09","guid":{"rendered":"https:\/\/www.europesays.com\/fr\/15196\/"},"modified":"2025-04-10T14:42:09","modified_gmt":"2025-04-10T14:42:09","slug":"cannes-annonce-sa-selection-assortie-dun-message-de-serieux-sur-les-violences-sexuelles-actualites","status":"publish","type":"post","link":"https:\/\/www.europesays.com\/fr\/15196\/","title":{"rendered":"Cannes annonce sa s\u00e9lection assortie d&rsquo;un message de \u00ab\u00a0s\u00e9rieux\u00a0\u00bb sur les violences sexuelles : Actualit\u00e9s"},"content":{"rendered":"<p class=\"lead \">Scarlett Johansson devant et derri\u00e8re la cam\u00e9ra, six r\u00e9alisatrices en comp\u00e9tition, le retour de Jafar Panahi et Wes Anderson aux c\u00f4t\u00e9s de nouveaux talents&#8230; Le Festival de Cannes a lev\u00e9 le voile jeudi sur sa 78 \u00e9dition, en envoyant un message de \u00ab\u00a0s\u00e9rieux\u00a0\u00bb face aux violences sexuelles dans le 7e art.<\/p>\n<p class=\"lead \">En plus de Tom Cruise, qui doit pr\u00e9senter l&rsquo;ultime \u00ab\u00a0Mission: Impossible\u00a0\u00bb et Robert De Niro, pour une Palme d&rsquo;Or d&rsquo;honneur, d\u00e9j\u00e0 annonc\u00e9s, le mois de mai promet \u00e0 nouveau un d\u00e9fil\u00e9 de stars internationales sur le tapis rouge cannois.<\/p>\n<p class=\"lead \">Les festivaliers devraient croiser le chanteur et militant Bono, pour un film autour des morceaux de son groupe U2, Joaquin Phoenix, Jodie Foster mais aussi Harris Dickinson, l&rsquo;acteur de \u00ab\u00a0Sans Filtre\u00a0\u00bb et \u00ab\u00a0Babygirl\u00a0\u00bb, pass\u00e9 derri\u00e8re la cam\u00e9ra. Wes Anderson est \u00e0 nouveau retenu en comp\u00e9tition pour un film au casting XXL avec Guillermo del Toro, accompagn\u00e9 de Tom Hanks, Riz Ahmed, Charlotte Gainsbourg et Scarlett Johansson.<\/p>\n<p class=\"lead \">Cette derni\u00e8re pr\u00e9sentera, \u00e0 40 ans, son premier film de cin\u00e9aste, \u00ab\u00a0Eleanor The Great\u00a0\u00bb. Une s\u00e9lection dans la section \u00ab\u00a0Un Certain Regard\u00a0\u00bb, d\u00e9di\u00e9e aux d\u00e9couvertes, comme un symbole du basculement d&rsquo;une industrie qui accorde peu \u00e0 peu davantage de place aux r\u00e9alisatrices et veut montrer qu&rsquo;elle tire les le\u00e7ons du mouvement #MeToo.<\/p>\n<p class=\"lead \">Le festival, qui avait \u00e9t\u00e9 appel\u00e9 \u00e0 prendre le probl\u00e8me \u00e0 bras-le-corps par la commission d&rsquo;enqu\u00eate de l&rsquo;Assembl\u00e9e fran\u00e7aise sur les violences sexistes et sexuelles dans le milieu culturel la veille, a assur\u00e9 avoir \u00ab\u00a0pris connaissance avec s\u00e9rieux et d\u00e9termination de ses recommandations\u00a0\u00bb.<\/p>\n<p class=\"lead \">\u00ab\u00a0Je suis tr\u00e8s heureuse qu&rsquo;un changement continue de s&rsquo;imposer avec force et courage. Les femmes sont finalement entendues. Le festival y est particuli\u00e8rement attentif et elles ne demandent plus leur place\u00a0\u00bb, a ajout\u00e9 sa pr\u00e9sidente Iris Knobloch.<\/p>\n<p class=\"lead \">&#8211; Proche du record &#8211;<\/p>\n<p class=\"lead \">Au total, six longs-m\u00e9trages de r\u00e9alisatrices sont retenus en comp\u00e9tition, proche du record de sept en 2023. Celui-ci peut encore \u00eatre d\u00e9pass\u00e9 car les organisateurs, qui ont vu plus de 2.000 films et ont boucl\u00e9 leur s\u00e9lection \u00e0 01H00 du matin, ont pr\u00e9vu de la compl\u00e9ter d&rsquo;ici P\u00e2ques. Terrence Malick ou Jim Jarmusch sont notamment pressentis.<\/p>\n<p class=\"lead \">Dix-neuf films sont \u00e0 ce stade en lice pour succ\u00e9der \u00e0 la Palme d&rsquo;or de l&rsquo;an dernier, \u00ab\u00a0Anora\u00a0\u00bb de l&rsquo;Am\u00e9ricain Sean Baker.<\/p>\n<p class=\"lead \">Les fr\u00e8res Dardenne tenteront de d\u00e9crocher une troisi\u00e8me Palme historique et la Fran\u00e7aise Julia Ducournau, qui a embauch\u00e9 Tahar Rahim et Golshifteh Farahani, esp\u00e8re un deuxi\u00e8me titre, apr\u00e8s celui obtenu pour le tr\u00e8s gore \u00ab\u00a0Titane\u00a0\u00bb. Sont \u00e9galement pr\u00e9sents en comp\u00e9tition le Br\u00e9silien Kleber Mendon\u00e7a Filho, l&rsquo;Italien Mario Martone et l&rsquo;Am\u00e9ricaine Kelly Reichardt. La Fran\u00e7aise Hafsia Herzi fait ses premiers pas dans la course \u00e0 la Palme d&rsquo;or.<\/p>\n<p class=\"lead \">Ces longs-m\u00e9trages seront d\u00e9partag\u00e9s par un jury pr\u00e9sid\u00e9 par Juliette Binoche, l&rsquo;une des stars fran\u00e7aises les plus connues \u00e0 l&rsquo;international, et une personnalit\u00e9 engag\u00e9e, pour une \u00e9dition qui se d\u00e9roulera, du 13 au 24 mai, dans un contexte tendu, entre inqui\u00e9tudes des artistes sur la pr\u00e9sidence Trump et guerres, en Ukraine comme au Proche-Orient.<\/p>\n<p class=\"lead \">A l&rsquo;\u00e9cran, l&rsquo;Ukrainien Sergei Loznitsa \u00e9voquera \u00ab\u00a0l&rsquo;URSS des ann\u00e9es 1930 \u00e0 l&rsquo;\u00e9poque des purges staliniennes\u00a0\u00bb (en comp\u00e9tition) et le cin\u00e9aste russe en exil Kirill Serebrennikov adapte \u00ab\u00a0La disparition de Josef Mengele\u00a0\u00bb, roman d&rsquo;Olivier Guez. L&rsquo;Iranien Jafar Panahi, pass\u00e9 par la prison dans son pays, est \u00e9galement attendu.<\/p>\n<p class=\"lead \">\u00ab\u00a0Nous avons, dans cette s\u00e9lection, des cin\u00e9astes qui prennent leurs responsabilit\u00e9s sur un discours sur le monde\u00a0\u00bb, a d\u00e9clar\u00e9 le d\u00e9l\u00e9gu\u00e9 g\u00e9n\u00e9ral Thierry Fr\u00e9maux, en conf\u00e9rence de presse. \u00ab\u00a0Ces films dessinent quelque chose d&rsquo;un monde (&#8230;) difficile, de tensions, de violence o\u00f9 il faut faire sa place, mais aussi un monde qui est celui qu&rsquo;on a connu, qu&rsquo;on veut et qu&rsquo;on continue de voir surgir\u00a0\u00bb.<\/p>\n<p class=\"lead \">Le festival a \u00e9galement annonc\u00e9 le film d&rsquo;ouverture, un premier long-m\u00e9trage avec la chanteuse fran\u00e7aise Juliette Armanet, intitul\u00e9 \u00ab\u00a0Partir un jour\u00a0\u00bb, et doit d\u00e9voiler prochainement la composition du jury.<\/p>\n<p class=\"lead \">Les s\u00e9lections parall\u00e8les doivent elles \u00eatre annonc\u00e9es lundi et mardi.<\/p>\n<p class=\"small font-weight-bold text-gray3 \"> publi\u00e9 le 10 avril \u00e0 14h17, AFP<\/p>\n<p>                             Partager<\/p>\n","protected":false},"excerpt":{"rendered":"Scarlett Johansson devant et derri\u00e8re la cam\u00e9ra, six r\u00e9alisatrices en comp\u00e9tition, le retour de Jafar Panahi et Wes&hellip;\n","protected":false},"author":2,"featured_media":15197,"comment_status":"","ping_status":"","sticky":false,"template":"","format":"standard","meta":{"footnotes":""},"categories":[8],"tags":[3959,1120,1971,6406,1972,251,58,1719,59,4651,849,1011,27,3667],"class_list":{"0":"post-15196","1":"post","2":"type-post","3":"status-publish","4":"format-standard","5":"has-post-thumbnail","7":"category-divertissement","8":"tag-adolescents","9":"tag-agression","10":"tag-clbrits","11":"tag-cannes2025","12":"tag-cinma","13":"tag-culture","14":"tag-divertissement","15":"tag-enfants","16":"tag-entertainment","17":"tag-femmes","18":"tag-festival","19":"tag-fr","20":"tag-france","21":"tag-sexisme"},"share_on_mastodon":{"url":"https:\/\/pubeurope.com\/@fr\/114314198634838769","error":""},"_links":{"self":[{"href":"https:\/\/www.europesays.com\/fr\/wp-json\/wp\/v2\/posts\/15196","targetHints":{"allow":["GET"]}}],"collection":[{"href":"https:\/\/www.europesays.com\/fr\/wp-json\/wp\/v2\/posts"}],"about":[{"href":"https:\/\/www.europesays.com\/fr\/wp-json\/wp\/v2\/types\/post"}],"author":[{"embeddable":true,"href":"https:\/\/www.europesays.com\/fr\/wp-json\/wp\/v2\/users\/2"}],"replies":[{"embeddable":true,"href":"https:\/\/www.europesays.com\/fr\/wp-json\/wp\/v2\/comments?post=15196"}],"version-history":[{"count":0,"href":"https:\/\/www.europesays.com\/fr\/wp-json\/wp\/v2\/posts\/15196\/revisions"}],"wp:featuredmedia":[{"embeddable":true,"href":"https:\/\/www.europesays.com\/fr\/wp-json\/wp\/v2\/media\/15197"}],"wp:attachment":[{"href":"https:\/\/www.europesays.com\/fr\/wp-json\/wp\/v2\/media?parent=15196"}],"wp:term":[{"taxonomy":"category","embeddable":true,"href":"https:\/\/www.europesays.com\/fr\/wp-json\/wp\/v2\/categories?post=15196"},{"taxonomy":"post_tag","embeddable":true,"href":"https:\/\/www.europesays.com\/fr\/wp-json\/wp\/v2\/tags?post=15196"}],"curies":[{"name":"wp","href":"https:\/\/api.w.org\/{rel}","templated":true}]}}