{"id":151961,"date":"2025-06-04T17:43:08","date_gmt":"2025-06-04T17:43:08","guid":{"rendered":"https:\/\/www.europesays.com\/fr\/151961\/"},"modified":"2025-06-04T17:43:08","modified_gmt":"2025-06-04T17:43:08","slug":"le-ministre-de-leconomie-confirme-sa-suspension-mais-espere-la-retablir-dici-la-fin-de-lannee","status":"publish","type":"post","link":"https:\/\/www.europesays.com\/fr\/151961\/","title":{"rendered":"le ministre de l\u2019\u00c9conomie confirme sa suspension mais esp\u00e8re la r\u00e9tablir \u00abd\u2019ici la fin de l\u2019ann\u00e9e\u00bb"},"content":{"rendered":"<p>MaPrimeR\u00e9nov\u2019 co\u00fbte 3,6 milliards d\u2019euros aux finances publiques en 2025 et a permis de r\u00e9nover 2,4 millions de logements \u00e0 ce jour.<\/p>\n<p class=\"fig-paragraph\">La d\u00e9cision \u00e9tait attendue. Ce mercredi 4 juin, le minist\u00e8re de l\u2019\u00c9conomie a confirm\u00e9 la suspension de\u00a0<a href=\"http:\/\/www.lefigaro.fr\/conjoncture\/personne-ne-verifiait-on-etait-surs-de-toucher-l-aide-l-etat-serre-la-vis-pour-endiguer-les-fraudes-a-maprimerenov-20250318\" data-fig-type=\"Article\" data-gtm-custom-categorie=\"navigation\" data-gtm-custom-action=\"crossclick\" data-gtm-custom-label=\"Contextuel\" data-gtm-event=\"customEventSPE\" data-fig-domain=\"LEFIGARO\" rel=\"nofollow noopener\" target=\"_blank\">MaPrimeRenov\u2019<\/a>, le dispositif utilis\u00e9 pour r\u00e9nover les logements, en accompagnant les m\u00e9nages financi\u00e8rement. \u00abIl y a \u00e0 la fois un encombrement en ce moment et un exc\u00e8s des fraudes (&#8230;) d\u2019o\u00f9 la suspension\u00bb, a d\u00e9clar\u00e9 \u00c9ric Lombard lors des questions au gouvernement au S\u00e9nat. \u00abMais naturellement, une fois que cela sera r\u00e9gl\u00e9, le processus pourra continuer\u00bb, a-t-il ajout\u00e9, en pr\u00e9cisant ult\u00e9rieurement, devant la commission des Affaires \u00e9conomiques du S\u00e9nat, que le gouvernement avait \u00abbien l\u2019intention de r\u00e9tablir le fonctionnement avant la fin de l\u2019ann\u00e9e\u00bb.<\/p>\n<p class=\"fig-paragraph\">\u00abIl ne s\u2019agit pas de faire une \u00e9conomie en cachette comme \u00e7a, en bloquant le syst\u00e8me\u00bb, a-t-il pr\u00e9cis\u00e9, reconnaissant l\u2019importance du dispositif pour les artisans et alors que le gouvernement est engag\u00e9 dans des efforts d\u2019\u00e9conomie de plusieurs dizaines de milliards d\u2019euros pour redresser les finances publiques.<\/p>\n<p>Services encombr\u00e9s<\/p>\n<p class=\"fig-paragraph\">La veille, ce mardi, le minist\u00e8re du Logement\u00a0<a href=\"https:\/\/immobilier.lefigaro.fr\/article\/maprimerenov-l-aide-pour-renover-votre-logement-sera-t-elle-vraiment-suspendue-des-juillet-20250603\/\" target=\"_blank\" data-fig-type=\"Article\" rel=\"noopener nofollow\" data-gtm-custom-categorie=\"navigation\" data-gtm-custom-action=\"crossclick\" data-gtm-custom-label=\"Contextuel\" data-gtm-event=\"customEventSPE\" data-fig-domain=\"IMMOBILIER\">ne d\u00e9mentait pas<\/a>\u00a0la rumeur d\u2019une suspension du dispositif, cible de nombreuses critiques. \u00abRien n\u2019est act\u00e9, des discussions sont en cours\u00bb, indiquait-on simplement. Pour rappel, MaPrimeR\u00e9nov\u2019 co\u00fbte 3,6 milliards d\u2019euros aux finances publiques en 2025. Or, le nombre de logements r\u00e9nov\u00e9s avec ce type de subventions a tripl\u00e9 en d\u00e9but d\u2019ann\u00e9e. Le dispositif a permis de r\u00e9nover 2,4 millions de logements \u00e0 ce jour.<\/p>\n<p class=\"fig-paragraph\">Selon un article du Parisien publi\u00e9 mardi, MaPrimeR\u00e9nov\u2019 pourrait \u00eatre suspendue \u00e0 compter de juillet, une date qui n\u2019a pas \u00e9t\u00e9 mentionn\u00e9e par le ministre. \u00c9ric Lombard a par contre assur\u00e9 devant les s\u00e9nateurs de la commission des Affaires \u00e9conomiques que la suspension du dispositif ne relevait pas d\u2019un \u00abprobl\u00e8me budg\u00e9taire\u00bb. \u00abIl n\u2019y a pas de sujet budg\u00e9taire. On a pr\u00e9vu au budget 3,6 milliards et on a d\u00e9pens\u00e9 pour le moment 1,3 milliard\u00bb, a-t-il d\u00e9taill\u00e9.<\/p>\n<p class=\"fig-paragraph\">\u00abOn a un vrai probl\u00e8me, li\u00e9 notamment au fait que la censure a bloqu\u00e9 le sujet pendant un certain temps et il y a eu ensuite une avalanche de demandes qui fait que les services sont encombr\u00e9s et ont besoin d\u2019un peu de temps pour r\u00e9tablir leur situation au plan op\u00e9rationnel\u00bb, a-t-il d\u00e9velopp\u00e9. En outre, \u00abl\u2019instabilit\u00e9 des r\u00e8gles (&#8230;) permet aussi aux fraudeurs de s\u2019organiser\u00bb, a-t-il fait valoir, \u00e9voquant \u00ab16.000 dossiers suspicieux\u00bb soit \u00ab12% du stock\u00bb.<\/p>\n","protected":false},"excerpt":{"rendered":"MaPrimeR\u00e9nov\u2019 co\u00fbte 3,6 milliards d\u2019euros aux finances publiques en 2025 et a permis de r\u00e9nover 2,4 millions de&hellip;\n","protected":false},"author":2,"featured_media":151962,"comment_status":"","ping_status":"","sticky":false,"template":"","format":"standard","meta":{"footnotes":""},"categories":[6],"tags":[1117,35,130,7064,33,34,6310,638,1011,27,1116,342,639,2551,1118,137],"class_list":{"0":"post-151961","1":"post","2":"type-post","3":"status-publish","4":"format-standard","5":"has-post-thumbnail","7":"category-economie","8":"tag-assurance","9":"tag-business","10":"tag-consommation","11":"tag-consommer","12":"tag-economie","13":"tag-economy","14":"tag-eric-lombard","15":"tag-figaro","16":"tag-fr","17":"tag-france","18":"tag-immobilier","19":"tag-impots","20":"tag-le-figaro","21":"tag-patrimoine","22":"tag-placement","23":"tag-retraite"},"share_on_mastodon":{"url":"https:\/\/pubeurope.com\/@fr\/114626337430682471","error":""},"_links":{"self":[{"href":"https:\/\/www.europesays.com\/fr\/wp-json\/wp\/v2\/posts\/151961","targetHints":{"allow":["GET"]}}],"collection":[{"href":"https:\/\/www.europesays.com\/fr\/wp-json\/wp\/v2\/posts"}],"about":[{"href":"https:\/\/www.europesays.com\/fr\/wp-json\/wp\/v2\/types\/post"}],"author":[{"embeddable":true,"href":"https:\/\/www.europesays.com\/fr\/wp-json\/wp\/v2\/users\/2"}],"replies":[{"embeddable":true,"href":"https:\/\/www.europesays.com\/fr\/wp-json\/wp\/v2\/comments?post=151961"}],"version-history":[{"count":0,"href":"https:\/\/www.europesays.com\/fr\/wp-json\/wp\/v2\/posts\/151961\/revisions"}],"wp:featuredmedia":[{"embeddable":true,"href":"https:\/\/www.europesays.com\/fr\/wp-json\/wp\/v2\/media\/151962"}],"wp:attachment":[{"href":"https:\/\/www.europesays.com\/fr\/wp-json\/wp\/v2\/media?parent=151961"}],"wp:term":[{"taxonomy":"category","embeddable":true,"href":"https:\/\/www.europesays.com\/fr\/wp-json\/wp\/v2\/categories?post=151961"},{"taxonomy":"post_tag","embeddable":true,"href":"https:\/\/www.europesays.com\/fr\/wp-json\/wp\/v2\/tags?post=151961"}],"curies":[{"name":"wp","href":"https:\/\/api.w.org\/{rel}","templated":true}]}}