{"id":151972,"date":"2025-06-04T17:49:12","date_gmt":"2025-06-04T17:49:12","guid":{"rendered":"https:\/\/www.europesays.com\/fr\/151972\/"},"modified":"2025-06-04T17:49:12","modified_gmt":"2025-06-04T17:49:12","slug":"nancy-nee-apres-lattentat-de-charlie-hebdo-citoyennete-active-poursuit-son-engagement-autour-des-valeurs-republicaines","status":"publish","type":"post","link":"https:\/\/www.europesays.com\/fr\/151972\/","title":{"rendered":"Nancy. N\u00e9e apr\u00e8s l\u2019attentat de Charlie Hebdo, Citoyennet\u00e9 Active poursuit son engagement autour des valeurs r\u00e9publicaines"},"content":{"rendered":"<p>\u00c7a s\u2019est fait dans une forme d\u2019urgence. <a href=\"https:\/\/www.estrepublicain.fr\/societe\/2025\/06\/04\/Charlie%20Hebdo\" target=\"_blank\" rel=\"noopener\">Dans la foul\u00e9e de l\u2019attentat contre Charlie Hebdo, il y a 10 ans.<\/a> Avec une question en t\u00eate\u00a0: \u00ab\u00a0Qu\u2019est-ce qu\u2019on n\u2019a pas su transmettre, pour se retrouver dans cette situation\u00a0?\u00a0\u00bb Qu\u2019est-ce qu\u2019on n\u2019a pas su transmettre des valeurs communes de la R\u00e9publique fran\u00e7aise\u00a0?<\/p>\n<p>G\u00e9rard Toussaint, et bient\u00f4t une trentaine de personnes partageant cet angoissant point d\u2019interrogation, ont d\u00e9cid\u00e9 alors de ne pas rester passifs et pantelants. Ils se sont tourn\u00e9s vers Philippe Mah\u00e9, pr\u00e9fet \u00e0 l\u2019\u00e9poque, <a href=\"https:\/\/www.estrepublicain.fr\/edition-de-nancy-ville\/2015\/10\/08\/nancy-elle-est-active-et-citoyenne\" target=\"_blank\" rel=\"noopener\">avec l\u2019id\u00e9e de former l\u2019association Citoyennet\u00e9 Active.<\/a><\/p>\n<p>Objectif\u00a0: analyser, d\u00e9battre en sortant de l\u2019entre-soi, et transmettre.<\/p>\n<p>Des grands mots\u00a0? Sans doute. Mais pas que. C\u2019\u00e9tait il y a 10 ans, et depuis, l\u2019association s\u2019est d\u00e9multipli\u00e9e en action.<\/p>\n<p>Qui sont-ils\u00a0? \u00ab\u00a0Des citoyens engag\u00e9s bien s\u00fbr, moins constern\u00e9s que concern\u00e9s. Et issus de divers milieux professionnels, pr\u00e9cise G\u00e9rard Toussaint, son pr\u00e9sident. Du champ de l\u2019action sociale, comme moi, de la justice, de l\u2019entreprise, de la s\u00e9cu, de l\u2019enseignement,\u00a0etc.\u00a0\u00bb Avec la b\u00e9n\u00e9diction du pr\u00e9fet Mah\u00e9, qui leur a allou\u00e9 imm\u00e9diatement 10\u00a0000\u00a0\u20ac, et les a m\u00eame accueillis dans les murs de la pr\u00e9fecture pour certains de leurs \u00e9v\u00e9nements. \u00ab\u00a0Ce qui symboliquement \u00e9tait assez logique.\u00a0\u00bb Soutien qui s\u2019est r\u00e9it\u00e9r\u00e9 avec deux pr\u00e9fets de suite, mais n\u2019est plus aussi \u00e9vident \u00e0 pr\u00e9sent. \u00ab\u00a0Signe des temps\u00a0?\u00a0\u00bb<\/p>\n<p>  Des pr\u00e9fets ont soutenu, d\u2019autres moins\u2026<\/p>\n<p>Et quel bilan peut-on en tirer \u00e0 pr\u00e9sent\u00a0? \u00ab\u00a0Que l\u2019initiative est plus que jamais pertinente.\u00a0\u00bb<\/p>\n<p>\u00ab\u00a0Pr\u00e9cisons qu\u2019on reste \u00e0 distance du d\u00e9bat politique. Et qu\u2019on ne fait pas de pros\u00e9lytisme. L\u2019id\u00e9e, ce n\u2019est pas de venir avec nos certitudes \u00e0 d\u00e9biter, mais en appui \u00e0 ceux qui sont en premi\u00e8re ligne. \u00c0 commencer par les enseignants.\u00a0\u00bb<\/p>\n<p>Ils ne comptent donc plus les interventions r\u00e9alis\u00e9es dans les \u00e9tablissements scolaires, de l\u2019\u00e9cole \u00e9l\u00e9mentaire au lyc\u00e9e, jusqu\u2019au p\u00e9riscolaire. \u00ab\u00a0M\u00eame si, h\u00e9las, l\u2019\u00c9ducation nationale a tendance aujourd\u2019hui \u00e0 se fermer, contrairement \u00e0 ses enseignants.\u00a0\u00bb<\/p>\n<p>Citoyennet\u00e9 Active y a investi le terrain sur des sujets aussi divers que le harc\u00e8lement, la parit\u00e9, l\u2019identit\u00e9 ou la la\u00efcit\u00e9, entre autres. \u00ab\u00a0Sur la la\u00efcit\u00e9, sujet \u00f4 combien difficile parfois \u00e0 traiter aupr\u00e8s de certains jeunes, et adultes, on a m\u00eame mis au point un module de formation gratuite de deux jours.\u00a0\u00bb Avec lequel ils interviennent notamment dans les collectivit\u00e9s territoriales. \u00ab\u00a0Une commune du Grand Nancy nous a d\u00e9j\u00e0 sollicit\u00e9s six fois pour ses agents.\u00a0\u00bb<\/p>\n<p>Son site internet fourmille d\u2019ailleurs d\u2019outils p\u00e9dagogiques.<\/p>\n<p>L\u2019agenda est sem\u00e9 aussi de d\u00e9bats, dont l\u2019un des derniers organis\u00e9s s\u2019interrogeait en ces termes\u00a0: \u00ab\u00a0Y a-t-il encore une place pour le d\u00e9bat en France\u00a0?\u00a0\u00bb<\/p>\n<p>Question plus que jamais d\u2019actualit\u00e9. Et qui sera peut-\u00eatre abord\u00e9e par le sociologue <strong>G\u00e9rald Bronner, vendredi 6\u00a0juin, invit\u00e9 \u00e0 17\u00a0h \u00e0 l\u2019Assembl\u00e9e g\u00e9n\u00e9rale de Citoyennet\u00e9 Active organis\u00e9e au conseil d\u00e9partementa<\/strong><strong>l<\/strong>. Ouverte \u00e0 tous. O\u00f9 il sera sans doute\u2026 d\u00e9battu de ce qui permet encore de faire citoyennet\u00e9 ensemble.<\/p>\n<p class=\"note\">www.citoyenneteactivelorraine.fr<\/p>\n","protected":false},"excerpt":{"rendered":"\u00c7a s\u2019est fait dans une forme d\u2019urgence. Dans la foul\u00e9e de l\u2019attentat contre Charlie Hebdo, il y a&hellip;\n","protected":false},"author":2,"featured_media":151973,"comment_status":"","ping_status":"","sticky":false,"template":"","format":"standard","meta":{"footnotes":""},"categories":[9635],"tags":[1111,11,1704,1777,674,1011,27,775,1702,1703,12,25,104,1631],"class_list":{"0":"post-151972","1":"post","2":"type-post","3":"status-publish","4":"format-standard","5":"has-post-thumbnail","7":"category-nancy","8":"tag-actu","9":"tag-actualites","10":"tag-edition-nancy-et-agglomeration","11":"tag-eu","12":"tag-europe","13":"tag-fr","14":"tag-france","15":"tag-grand-est","16":"tag-nancy","17":"tag-nancy-ville-54b","18":"tag-news","19":"tag-republique-francaise","20":"tag-societe","21":"tag-vie-associative"},"share_on_mastodon":{"url":"https:\/\/pubeurope.com\/@fr\/114626361030925488","error":""},"_links":{"self":[{"href":"https:\/\/www.europesays.com\/fr\/wp-json\/wp\/v2\/posts\/151972","targetHints":{"allow":["GET"]}}],"collection":[{"href":"https:\/\/www.europesays.com\/fr\/wp-json\/wp\/v2\/posts"}],"about":[{"href":"https:\/\/www.europesays.com\/fr\/wp-json\/wp\/v2\/types\/post"}],"author":[{"embeddable":true,"href":"https:\/\/www.europesays.com\/fr\/wp-json\/wp\/v2\/users\/2"}],"replies":[{"embeddable":true,"href":"https:\/\/www.europesays.com\/fr\/wp-json\/wp\/v2\/comments?post=151972"}],"version-history":[{"count":0,"href":"https:\/\/www.europesays.com\/fr\/wp-json\/wp\/v2\/posts\/151972\/revisions"}],"wp:featuredmedia":[{"embeddable":true,"href":"https:\/\/www.europesays.com\/fr\/wp-json\/wp\/v2\/media\/151973"}],"wp:attachment":[{"href":"https:\/\/www.europesays.com\/fr\/wp-json\/wp\/v2\/media?parent=151972"}],"wp:term":[{"taxonomy":"category","embeddable":true,"href":"https:\/\/www.europesays.com\/fr\/wp-json\/wp\/v2\/categories?post=151972"},{"taxonomy":"post_tag","embeddable":true,"href":"https:\/\/www.europesays.com\/fr\/wp-json\/wp\/v2\/tags?post=151972"}],"curies":[{"name":"wp","href":"https:\/\/api.w.org\/{rel}","templated":true}]}}