{"id":151977,"date":"2025-06-04T17:52:11","date_gmt":"2025-06-04T17:52:11","guid":{"rendered":"https:\/\/www.europesays.com\/fr\/151977\/"},"modified":"2025-06-04T17:52:11","modified_gmt":"2025-06-04T17:52:11","slug":"camille-lopez-de-retour-a-lentrainement-avant-le-decisif-bayonne-toulon","status":"publish","type":"post","link":"https:\/\/www.europesays.com\/fr\/151977\/","title":{"rendered":"Camille Lopez de retour \u00e0 l\u2019entra\u00eenement avant le d\u00e9cisif Bayonne-Toulon"},"content":{"rendered":"<p>L\u2019ouvreur basque, touch\u00e9 \u00e0 la cuisse la semaine derni\u00e8re, pourrait participer au match d\u00e9cisif pour la qualification de l\u2019Aviron face au RCT.<\/p>\n<p class=\"fig-paragraph\">C\u2019est l\u2019une des inconnues de la semaine pour l\u2019Aviron Bayonnais\u00a0:\u00a0<a href=\"http:\/\/www.lefigaro.fr\/sports\/rugby\/top-14\/top-14-les-stats-c-est-bien-joli-mais-je-prefererais-faire-15-fautes-et-gagner-le-match-souffle-lopez-bayonne-20240106\" data-fig-type=\"NewsFlash\" data-gtm-custom-categorie=\"navigation\" data-gtm-custom-action=\"crossclick\" data-gtm-custom-label=\"Contextuel\" data-gtm-event=\"customEventSPE\" data-fig-domain=\"LEFIGARO\" target=\"_blank\" rel=\"noopener\">Camille Lopez<\/a>\u00a0participera-t-il samedi au match face au RC Toulon\u00a0? L\u2019ouvreur basque, victime d\u2019une \u00e9longation \u00e0 la cuisse, n\u2019avait pas particip\u00e9 \u00e0 la lourde d\u00e9faite de Bayonne face \u00e0 Castres, le week-end dernier. Mais il a fait son retour \u00e0 l\u2019entra\u00eenement cette semaine, rapporte\u00a0<a href=\"https:\/\/www.rugbyrama.fr\/2025\/06\/04\/top-14-bayonne-camille-lopez-a-repris-lentrainement-lucas-paulos-toujours-absent-mardi-matin-12740000.php\" target=\"_blank\" rel=\"nofollow noopener\" data-gtm-custom-categorie=\"navigation\" data-gtm-custom-action=\"crossclick\" data-gtm-custom-label=\"Contextuel\" data-gtm-event=\"customEventSPE\">Midi Olympique<\/a>, et pourrait donc \u00eatre align\u00e9 samedi (21h05) pour le match d\u00e9cisif pour la qualification. Les Bayonnais, quatri\u00e8mes au classement, ont leur destin entre leurs mains pour d\u00e9crocher la premi\u00e8re qualification de leur histoire aux phases finales du Top 14.<\/p>\n<p class=\"fig-paragraph\">La semaine derni\u00e8re, Gr\u00e9gory Patat, l\u2019entra\u00eeneur bayonnais, avait d\u00e9clar\u00e9 en conf\u00e9rence de presse\u00a0: \u00abIl n\u2019y a pas de raison que Camille ne soit pas aupr\u00e8s de nous ou sur la feuille de match s\u2019il est \u00e0 100 %. Les fins de carri\u00e8re sont toujours d\u00e9licates et importantes pour les joueurs, mais il y a la r\u00e9alit\u00e9 du terrain, les enjeux, les objectifs du club qu\u2019il faut prendre en compte. Ils sont prioritaires par rapport aux enjeux personnels.\u00bb<\/p>\n","protected":false},"excerpt":{"rendered":"L\u2019ouvreur basque, touch\u00e9 \u00e0 la cuisse la semaine derni\u00e8re, pourrait participer au match d\u00e9cisif pour la qualification de&hellip;\n","protected":false},"author":2,"featured_media":151978,"comment_status":"","ping_status":"","sticky":false,"template":"","format":"standard","meta":{"footnotes":""},"categories":[9619],"tags":[1111,11,4736,525,4590,1981,2313,814,1777,674,1011,27,955,12,4589,882,2311,3461,25,1980,479,10405,2259,478,2310,2312],"class_list":{"0":"post-151977","1":"post","2":"type-post","3":"status-publish","4":"format-standard","5":"has-post-thumbnail","7":"category-toulon","8":"tag-actu","9":"tag-actualites","10":"tag-aviron-bayonnais","11":"tag-calendrier","12":"tag-championnat-france","13":"tag-classement","14":"tag-clermont","15":"tag-direct","16":"tag-eu","17":"tag-europe","18":"tag-fr","19":"tag-france","20":"tag-match","21":"tag-news","22":"tag-phase-finale","23":"tag-provence-alpes-cote-dazur","24":"tag-racing","25":"tag-rct","26":"tag-republique-francaise","27":"tag-resultats","28":"tag-rugby","29":"tag-rugby-club-toulonnais","30":"tag-score","31":"tag-top-14","32":"tag-toulon","33":"tag-toulouse"},"share_on_mastodon":{"url":"https:\/\/pubeurope.com\/@fr\/114626372788587584","error":""},"_links":{"self":[{"href":"https:\/\/www.europesays.com\/fr\/wp-json\/wp\/v2\/posts\/151977","targetHints":{"allow":["GET"]}}],"collection":[{"href":"https:\/\/www.europesays.com\/fr\/wp-json\/wp\/v2\/posts"}],"about":[{"href":"https:\/\/www.europesays.com\/fr\/wp-json\/wp\/v2\/types\/post"}],"author":[{"embeddable":true,"href":"https:\/\/www.europesays.com\/fr\/wp-json\/wp\/v2\/users\/2"}],"replies":[{"embeddable":true,"href":"https:\/\/www.europesays.com\/fr\/wp-json\/wp\/v2\/comments?post=151977"}],"version-history":[{"count":0,"href":"https:\/\/www.europesays.com\/fr\/wp-json\/wp\/v2\/posts\/151977\/revisions"}],"wp:featuredmedia":[{"embeddable":true,"href":"https:\/\/www.europesays.com\/fr\/wp-json\/wp\/v2\/media\/151978"}],"wp:attachment":[{"href":"https:\/\/www.europesays.com\/fr\/wp-json\/wp\/v2\/media?parent=151977"}],"wp:term":[{"taxonomy":"category","embeddable":true,"href":"https:\/\/www.europesays.com\/fr\/wp-json\/wp\/v2\/categories?post=151977"},{"taxonomy":"post_tag","embeddable":true,"href":"https:\/\/www.europesays.com\/fr\/wp-json\/wp\/v2\/tags?post=151977"}],"curies":[{"name":"wp","href":"https:\/\/api.w.org\/{rel}","templated":true}]}}