{"id":15198,"date":"2025-04-10T14:43:11","date_gmt":"2025-04-10T14:43:11","guid":{"rendered":"https:\/\/www.europesays.com\/fr\/15198\/"},"modified":"2025-04-10T14:43:11","modified_gmt":"2025-04-10T14:43:11","slug":"nintendo-repond-a-la-grogne-de-certains-consommateurs-concernant-le-prix-de-la-nintendo-switch-2-nintendo-switch-2","status":"publish","type":"post","link":"https:\/\/www.europesays.com\/fr\/15198\/","title":{"rendered":"Nintendo r\u00e9pond \u00e0 la grogne de certains consommateurs concernant le prix de la Nintendo Switch 2 &#8211; Nintendo Switch 2"},"content":{"rendered":"<p>Bien qu&rsquo;ils n&rsquo;\u00e9taient pas pr\u00e9sent dans le Nintendo Direct du 2 avril, les prix de la Nintendo Switch 2, de ses jeux et de ses accessoires sont sur toutes les l\u00e8vres depuis une semaine maintenant, allant jusqu&rsquo;\u00e0 <a href=\"https:\/\/www.nintendo-master.com\/news\/nintendo-switch-2-les-joueurs-reclament-une-baisse-de-prix\" target=\"_blank\" rel=\"noopener\"><strong>spammer les lives du Nintendo Threehouse avec le hashtag #DropThePrice<\/strong><\/a>. Interrog\u00e9 par CBC sur la grogne des joueurs, le pr\u00e9sident de Nintendo of Am\u00e9rica, Doug Bowser, indique comprendre que certain consommateurs ne sont pas en position d&rsquo;acheter la console. Il a par ailleurs fait un long explicatif sur le pourquoi du prix de la consoles, et indiqu\u00e9 que la Nintendo Switch premi\u00e8re du nom resterait encore sur le march\u00e9, et que des jeux sortiront sur l&rsquo;ancienne console jusqu&rsquo;en 2026.<\/p>\n<blockquote><p>&#13;<\/p>\n<p>Si l&rsquo;on consid\u00e8re la Nintendo Switch 2 et les fonctionnalit\u00e9s dont j&rsquo;ai parl\u00e9\u2026 nous pensons que le prix est adapt\u00e9 \u00e0 la valeur de la machine et \u00e0 l&rsquo;exp\u00e9rience de jeu globale. Nous sommes conscients que certains joueurs n&rsquo;ont peut-\u00eatre pas les moyens d&rsquo;acheter la Switch 2. C&rsquo;est pourquoi nous avons souhait\u00e9 rendre les autres plateformes Switch accessibles, afin que les joueurs puissent toujours d\u00e9couvrir notre univers de jeu, incarner ces personnages et d\u00e9couvrir la valeur ajout\u00e9e, quelle que soit la plateforme choisie.<\/p>\n<p>&#13;\n<\/p><\/blockquote>\n<p>Si du c\u00f4t\u00e9 de l&rsquo;Europe nous avons d\u00e9j\u00e0 les prix d\u00e9finitifs de la console, du c\u00f4t\u00e9 des <a href=\"https:\/\/www.nintendo-master.com\/news\/nintendo-switch-2-les-precommandes-repoussees-aux-etats-unis-a-cause-de-l-evolution-des-tarifs-douaniers\" target=\"_blank\" rel=\"noopener\"><strong>Etats-Unis<\/strong><\/a> et du <a href=\"https:\/\/www.nintendo-master.com\/news\/nintendo-switch-2-apres-les-etats-unis-le-canada-retarde-les-precommandes\" target=\"_blank\" rel=\"noopener\"><strong>Canada<\/strong><\/a> le sujet est encore sensible \u00e0 l&rsquo;heure actuelle.<\/p>\n","protected":false},"excerpt":{"rendered":"Bien qu&rsquo;ils n&rsquo;\u00e9taient pas pr\u00e9sent dans le Nintendo Direct du 2 avril, les prix de la Nintendo Switch&hellip;\n","protected":false},"author":2,"featured_media":15199,"comment_status":"","ping_status":"","sticky":false,"template":"","format":"standard","meta":{"footnotes":""},"categories":[7],"tags":[6408,6410,6409,1011,27,6407,2596,2141,5957,43,40,41,39,2963,42,44],"class_list":{"0":"post-15198","1":"post","2":"type-post","3":"status-publish","4":"format-standard","5":"has-post-thumbnail","7":"category-sciences-et-technologies","8":"tag-certains","9":"tag-concernant","10":"tag-consommateurs","11":"tag-fr","12":"tag-france","13":"tag-grogne","14":"tag-nintendo","15":"tag-prix","16":"tag-repond","17":"tag-science","18":"tag-science-and-technology","19":"tag-sciences","20":"tag-sciences-et-technologies","21":"tag-switch","22":"tag-technologies","23":"tag-technology"},"share_on_mastodon":{"url":"https:\/\/pubeurope.com\/@fr\/114314202527945189","error":""},"_links":{"self":[{"href":"https:\/\/www.europesays.com\/fr\/wp-json\/wp\/v2\/posts\/15198","targetHints":{"allow":["GET"]}}],"collection":[{"href":"https:\/\/www.europesays.com\/fr\/wp-json\/wp\/v2\/posts"}],"about":[{"href":"https:\/\/www.europesays.com\/fr\/wp-json\/wp\/v2\/types\/post"}],"author":[{"embeddable":true,"href":"https:\/\/www.europesays.com\/fr\/wp-json\/wp\/v2\/users\/2"}],"replies":[{"embeddable":true,"href":"https:\/\/www.europesays.com\/fr\/wp-json\/wp\/v2\/comments?post=15198"}],"version-history":[{"count":0,"href":"https:\/\/www.europesays.com\/fr\/wp-json\/wp\/v2\/posts\/15198\/revisions"}],"wp:featuredmedia":[{"embeddable":true,"href":"https:\/\/www.europesays.com\/fr\/wp-json\/wp\/v2\/media\/15199"}],"wp:attachment":[{"href":"https:\/\/www.europesays.com\/fr\/wp-json\/wp\/v2\/media?parent=15198"}],"wp:term":[{"taxonomy":"category","embeddable":true,"href":"https:\/\/www.europesays.com\/fr\/wp-json\/wp\/v2\/categories?post=15198"},{"taxonomy":"post_tag","embeddable":true,"href":"https:\/\/www.europesays.com\/fr\/wp-json\/wp\/v2\/tags?post=15198"}],"curies":[{"name":"wp","href":"https:\/\/api.w.org\/{rel}","templated":true}]}}