{"id":151986,"date":"2025-06-04T17:59:19","date_gmt":"2025-06-04T17:59:19","guid":{"rendered":"https:\/\/www.europesays.com\/fr\/151986\/"},"modified":"2025-06-04T17:59:19","modified_gmt":"2025-06-04T17:59:19","slug":"grenoble-lunion-etudiante-exclut-la-section-grenobloise-entre-desaccords-de-fond-et-harcelement","status":"publish","type":"post","link":"https:\/\/www.europesays.com\/fr\/151986\/","title":{"rendered":"Grenoble. L\u2019Union \u00e9tudiante exclut la section grenobloise, entre d\u00e9saccords de fond et \u00ab\u00a0harc\u00e8lement\u00a0\u00bb"},"content":{"rendered":"<p>Plus rien ne va entre l\u2019Union \u00e9tudiante, premier syndicat \u00e9tudiant au niveau national, et certaines de ses sections locales, dont celle de Grenoble (L\u2019UEG)\u2026<\/p>\n<p>\u00c0 la fin de ce mois de mai, le bureau national de l\u2019organisation a act\u00e9 l\u2019exclusion de six syndicats locaux, pour avoir pr\u00e9sent\u00e9 une liste dissidente \u00e0 l\u2019\u00e9lection des repr\u00e9sentants \u00e9tudiants au Cneser, Conseil national de l\u2019enseignement sup\u00e9rieur et de la recherche, qui se tient du 2 au 6\u00a0juin, comme l\u2019ont \u00e9voqu\u00e9 nos confr\u00e8res du <a href=\"https:\/\/www.lemonde.fr\/campus\/article\/2025\/06\/03\/a-l-union-etudiante-guerre-de-clans-et-dissidence-contre-la-direction_6610289_4401467.html\" target=\"_blank\" rel=\"noopener\">Monde<\/a> ce mardi. Une d\u00e9cision qui cacherait&#8230;<\/p>\n","protected":false},"excerpt":{"rendered":"Plus rien ne va entre l\u2019Union \u00e9tudiante, premier syndicat \u00e9tudiant au niveau national, et certaines de ses sections&hellip;\n","protected":false},"author":2,"featured_media":151987,"comment_status":"","ping_status":"","sticky":false,"template":"","format":"standard","meta":{"footnotes":""},"categories":[9566],"tags":[1111,11,2430,271,272,112,1057,4854,1777,674,274,107,1011,27,2731,2732,108,12,25],"class_list":{"0":"post-151986","1":"post","2":"type-post","3":"status-publish","4":"format-standard","5":"has-post-thumbnail","7":"category-grenoble","8":"tag-actu","9":"tag-actualites","10":"tag-auvergne-rhone-alpes","11":"tag-crime","12":"tag-delit-et-contravention","13":"tag-edition-grenoble-agglomeration","14":"tag-education","15":"tag-enseignement-superieur","16":"tag-eu","17":"tag-europe","18":"tag-faits-divers-justice","19":"tag-fil-info","20":"tag-fr","21":"tag-france","22":"tag-grenoble","23":"tag-grenoble-bassin","24":"tag-isere","25":"tag-news","26":"tag-republique-francaise"},"share_on_mastodon":{"url":"https:\/\/pubeurope.com\/@fr\/114626401225900211","error":""},"_links":{"self":[{"href":"https:\/\/www.europesays.com\/fr\/wp-json\/wp\/v2\/posts\/151986","targetHints":{"allow":["GET"]}}],"collection":[{"href":"https:\/\/www.europesays.com\/fr\/wp-json\/wp\/v2\/posts"}],"about":[{"href":"https:\/\/www.europesays.com\/fr\/wp-json\/wp\/v2\/types\/post"}],"author":[{"embeddable":true,"href":"https:\/\/www.europesays.com\/fr\/wp-json\/wp\/v2\/users\/2"}],"replies":[{"embeddable":true,"href":"https:\/\/www.europesays.com\/fr\/wp-json\/wp\/v2\/comments?post=151986"}],"version-history":[{"count":0,"href":"https:\/\/www.europesays.com\/fr\/wp-json\/wp\/v2\/posts\/151986\/revisions"}],"wp:featuredmedia":[{"embeddable":true,"href":"https:\/\/www.europesays.com\/fr\/wp-json\/wp\/v2\/media\/151987"}],"wp:attachment":[{"href":"https:\/\/www.europesays.com\/fr\/wp-json\/wp\/v2\/media?parent=151986"}],"wp:term":[{"taxonomy":"category","embeddable":true,"href":"https:\/\/www.europesays.com\/fr\/wp-json\/wp\/v2\/categories?post=151986"},{"taxonomy":"post_tag","embeddable":true,"href":"https:\/\/www.europesays.com\/fr\/wp-json\/wp\/v2\/tags?post=151986"}],"curies":[{"name":"wp","href":"https:\/\/api.w.org\/{rel}","templated":true}]}}