{"id":151990,"date":"2025-06-04T18:01:09","date_gmt":"2025-06-04T18:01:09","guid":{"rendered":"https:\/\/www.europesays.com\/fr\/151990\/"},"modified":"2025-06-04T18:01:09","modified_gmt":"2025-06-04T18:01:09","slug":"je-suis-sur-le-terrain-au-plus-pres-de-la-realite-a-rennes-charles-compagnon-veut-bouger-les-lignes-avant-les-municipales-video","status":"publish","type":"post","link":"https:\/\/www.europesays.com\/fr\/151990\/","title":{"rendered":"\u00ab\u00a0Je suis sur le terrain, au plus pr\u00e8s de la r\u00e9alit\u00e9\u00a0\u00bb\u00a0: \u00e0 Rennes, Charles Compagnon veut bouger les lignes avant les municipales [Vid\u00e9o]"},"content":{"rendered":"<p>\u00ab J&rsquo;ai dit que je serai l\u00e0 en 2026. \u00bb \u00c0 moins de 300 jours des \u00e9lections municipales, Charles Compagnon confirme son intention de se pr\u00e9senter, \u00e0 nouveau, face \u00e0 la maire socialiste de Rennes, Nathalie App\u00e9r\u00e9 aux prochaines municipales.<\/p>\n<p><a href=\"https:\/\/www.letelegramme.fr\/podcast\/la-rennes-politique\/\" target=\"_blank\" rel=\"noopener\">Invit\u00e9 de la Rennes politique<\/a>, le leader du groupe droito-centriste d\u2019opposition Agir pour Rennes, revient sur <a href=\"https:\/\/www.letelegramme.fr\/ille-et-vilaine\/rennes-35000\/mobiliser-les-rennais-qui-veulent-que-ca-change-a-moins-dun-an-des-municipales-les-oppositions-lancent-les-hostilites-6825069.php\" target=\"_blank\" rel=\"noopener\">le lancement de Vivre Rennes, une plateforme cr\u00e9\u00e9e en partenariat avec l\u2019autre groupe d\u2019opposition, emmen\u00e9e par l\u2019ex marcheuse, Carole Gandon et soutenue par diverses organisations politiques<\/a>\u2026 Mais pas par LR, <a href=\"https:\/\/www.letelegramme.fr\/ille-et-vilaine\/rennes-35000\/a-rennes-comment-lr-prepare-lapres-appere-podcast-6575622.php\" target=\"_blank\" rel=\"noopener\">dont le candidat, Thomas Rousseau, s\u2019est d\u2019ores et d\u00e9j\u00e0 d\u00e9clar\u00e9<\/a> sous l\u2019\u00e9tiquette l\u2019Espoir rennais\u2026<\/p>\n<p>Objectif de Vivre Rennes ? Mobiliser les habitants d\u00e9sireux d\u2019une alternance en 2026. \u201cLe temps est venu d\u2018\u00a0interpeller les gens qui sont r\u00e9sign\u00e9s. Les gens qui n\u2019y croient plus. Les gens qui pensent que, \u00e7a fait 50 ans qu\u2019une m\u00eame famille gouverne la ville et que cela va encore durer 50 ans, explique Charles Compagnon. On a voulu interpeller les Rennais en leur disant qu\u2019il n\u2019y a pas de r\u00e9signation. Si vous n\u2019\u00eates pas contents, si vous voulez autre chose, une autre voie est possible.\u201d<\/p>\n<p><a href=\"https:\/\/www.letelegramme.fr\/podcast\/la-rennes-politique\/\" target=\"_blank\" rel=\"noopener\">Au micro<\/a>, Charles Compagnon esquisse l\u2019offre politique sur laquelle est susceptible de d\u00e9boucher Vivre Rennes. \u00ab Notre ville doit redevenir optimiste et ambitieuse \u00bb, mart\u00e8le-t-il. Et changer de logiciel, en adoptant \u201cun autre \u00e9tat d\u2019esprit\u201d qui lui serait offert par \u201cune respiration d\u00e9mocratique\u201d l\u2019ann\u00e9e prochaine.<\/p>\n<p><a href=\"https:\/\/www.letelegramme.fr\/ille-et-vilaine\/rennes-35000\/demission-caricature-sectarisme-les-fusillades-a-rennes-echauffent-les-esprits-au-conseil-municipal-6820786.php\" target=\"_blank\" rel=\"noopener\">Accus\u00e9 de d\u00e9rive droiti\u00e8re par la majorit\u00e9 de gauche plurielle<\/a>, l\u2019\u00e9lu sortant, encart\u00e9 \u00e0 Horizons, le parti de l\u2019ex premier ministre \u00c9douard Philippe, se revendique au contraire d\u2019un centre \u00e9largi \u201cde la sociale d\u00e9mocratie, ch\u00e8re \u00e0 Jean-Yves Le Drian \u00e0 la d\u00e9mocratie chr\u00e9tienne\u201d, incarn\u00e9e par Pierre M\u00e9haignerie. Un positionnement qui le conduit \u00e0 relativiser l\u2019absence de Thomas Rousseau de Vivre Rennes\u2026 dont la ligne LR est \u00e9loign\u00e9e de celle-ci.<\/p>\n<p><a href=\"https:\/\/www.letelegramme.fr\/ille-et-vilaine\/rennes-35000\/fusillade-du-subway-a-rennes-charles-compagnon-lopposant-local-devenu-temoin-national-des-guerres-du-narcotrafic-6803677.php\" target=\"_blank\" rel=\"noopener\">Marqu\u00e9 par la fusillade du 17 avril \u00e0 Villejean o\u00f9 il s\u2019est trouv\u00e9 par hasard en premi\u00e8re ligne<\/a>, Charles Compagnon tire aussi les enseignements politiques de cet \u00e9pisode, au-del\u00e0 de l\u2019armement de la police municipale et du d\u00e9ploiement de nouvelles cam\u00e9ras de vid\u00e9osurveillance, deux sujets sur lesquels se focalisent les d\u00e9bats. Faut-il changer de politique p\u00e9nale ? Comment prendre en compte les causes sociales, terreau du narcotrafic ? Quand la gauche l\u2019accuse de \u00ab caricaturer la r\u00e9alit\u00e9 \u00bb pour servir ses desseins politiques, Charles Compagnon la renvoie dans les cordes. \u00ab Toutes les semaines, je rencontre des mamans, des acteurs associatifs, des enfants, y compris parfois des enfants qui sont dans le narcotrafic. Moi, je suis sur le terrain, au plus pr\u00e8s de la r\u00e9alit\u00e9 \u00bb.<\/p>\n","protected":false},"excerpt":{"rendered":"\u00ab J&rsquo;ai dit que je serai l\u00e0 en 2026. \u00bb \u00c0 moins de 300 jours des \u00e9lections municipales,&hellip;\n","protected":false},"author":2,"featured_media":151991,"comment_status":"","ping_status":"","sticky":false,"template":"","format":"standard","meta":{"footnotes":""},"categories":[2821],"tags":[1111,11,829,1777,674,1011,27,6312,3434,12,3364,584,25],"class_list":{"0":"post-151990","1":"post","2":"type-post","3":"status-publish","4":"format-standard","5":"has-post-thumbnail","7":"category-rennes","8":"tag-actu","9":"tag-actualites","10":"tag-bretagne","11":"tag-eu","12":"tag-europe","13":"tag-fr","14":"tag-france","15":"tag-la-rennes-politique","16":"tag-municipales-2026","17":"tag-news","18":"tag-politique-a-rennes","19":"tag-rennes","20":"tag-republique-francaise"},"share_on_mastodon":{"url":"","error":""},"_links":{"self":[{"href":"https:\/\/www.europesays.com\/fr\/wp-json\/wp\/v2\/posts\/151990","targetHints":{"allow":["GET"]}}],"collection":[{"href":"https:\/\/www.europesays.com\/fr\/wp-json\/wp\/v2\/posts"}],"about":[{"href":"https:\/\/www.europesays.com\/fr\/wp-json\/wp\/v2\/types\/post"}],"author":[{"embeddable":true,"href":"https:\/\/www.europesays.com\/fr\/wp-json\/wp\/v2\/users\/2"}],"replies":[{"embeddable":true,"href":"https:\/\/www.europesays.com\/fr\/wp-json\/wp\/v2\/comments?post=151990"}],"version-history":[{"count":0,"href":"https:\/\/www.europesays.com\/fr\/wp-json\/wp\/v2\/posts\/151990\/revisions"}],"wp:featuredmedia":[{"embeddable":true,"href":"https:\/\/www.europesays.com\/fr\/wp-json\/wp\/v2\/media\/151991"}],"wp:attachment":[{"href":"https:\/\/www.europesays.com\/fr\/wp-json\/wp\/v2\/media?parent=151990"}],"wp:term":[{"taxonomy":"category","embeddable":true,"href":"https:\/\/www.europesays.com\/fr\/wp-json\/wp\/v2\/categories?post=151990"},{"taxonomy":"post_tag","embeddable":true,"href":"https:\/\/www.europesays.com\/fr\/wp-json\/wp\/v2\/tags?post=151990"}],"curies":[{"name":"wp","href":"https:\/\/api.w.org\/{rel}","templated":true}]}}