{"id":151992,"date":"2025-06-04T18:02:11","date_gmt":"2025-06-04T18:02:11","guid":{"rendered":"https:\/\/www.europesays.com\/fr\/151992\/"},"modified":"2025-06-04T18:02:11","modified_gmt":"2025-06-04T18:02:11","slug":"bilinguisme-un-colloque-ce-samedi-au-fec-de-strasbourg","status":"publish","type":"post","link":"https:\/\/www.europesays.com\/fr\/151992\/","title":{"rendered":"Bilinguisme. Un colloque ce samedi au FEC de Strasbourg"},"content":{"rendered":"<p>Tout comme elle l\u2019avait d\u00e9j\u00e0 fait le 10\u00a0mai dernier, la F\u00e9d\u00e9ration Alsace bilingue (FAB) organise un colloque d\u00e9di\u00e9 aux \u00ab\u00a0langues r\u00e9gionales de France\u00a0\u00bb, ce samedi 7\u00a0juin, de 9\u00a0h \u00e0 18\u00a0h, au FEC de Strasbourg (entr\u00e9e libre), dans le cadre de l\u2019ann\u00e9e du bilinguisme voulue par la Collectivit\u00e9 europ\u00e9enne d\u2019Alsace (CEA).<\/p>\n<p>Sont entre autres annonc\u00e9s\u00a0: Ingrid Audoire, charg\u00e9e de d\u00e9veloppement et responsable de secteur Centre Bretagne \u00e0 l\u2019OPLB de Bretagne\u00a0; Gwenvael J\u00e9quel, adjoint au chef du service des langues de Bretagne\u00a0; Eneritz Zabaleta, directeur de la Politique linguistique \u00e0 la Communaut\u00e9 d\u2019agglom\u00e9rations du Pays basque (CAPB)\u00a0; Vincent Rivi\u00e8re, charg\u00e9 de mission Transmission et socialisation langues catalane et occitane (Occitanie)\u00a0; Madeleine Marquardt, charg\u00e9e de mission coop\u00e9ration transfrontali\u00e8re, bilinguisme et cultures rh\u00e9nanes \u00e0 la Ville de Strasbourg. Jean-Marie Woehrling, pr\u00e9sident de Culture et bilinguisme d\u2019Alsace et de Moselle et Pierre Klein, pr\u00e9sident de la FAB \u00e9voqueront quant \u00e0 eux les espoirs qu\u2019ils fondent dans le nouvel <a href=\"https:\/\/www.lalsace.fr\/politique\/2025\/03\/17\/vote-unanime-en-faveur-du-futur-office-public-de-la-langue-regionale\" target=\"_blank\" rel=\"noopener\">Office pour la langue r\u00e9gionale d\u2019Alsace et de Moselle<\/a> , mais aussi les craintes qu\u2019ils ont quant \u00e0 son cahier de charges.<\/p>\n","protected":false},"excerpt":{"rendered":"Tout comme elle l\u2019avait d\u00e9j\u00e0 fait le 10\u00a0mai dernier, la F\u00e9d\u00e9ration Alsace bilingue (FAB) organise un colloque d\u00e9di\u00e9&hellip;\n","protected":false},"author":2,"featured_media":151993,"comment_status":"","ping_status":"","sticky":false,"template":"","format":"standard","meta":{"footnotes":""},"categories":[2820],"tags":[1111,11,2389,3677,6211,1687,1777,674,107,1011,27,775,12,316,5486,25,640],"class_list":{"0":"post-151992","1":"post","2":"type-post","3":"status-publish","4":"format-standard","5":"has-post-thumbnail","7":"category-strasbourg","8":"tag-actu","9":"tag-actualites","10":"tag-alsace","11":"tag-collectivite-europeenne-dalsace","12":"tag-conference","13":"tag-culture-loisirs","14":"tag-eu","15":"tag-europe","16":"tag-fil-info","17":"tag-fr","18":"tag-france","19":"tag-grand-est","20":"tag-news","21":"tag-politique","22":"tag-rencontre","23":"tag-republique-francaise","24":"tag-strasbourg"},"share_on_mastodon":{"url":"https:\/\/pubeurope.com\/@fr\/114626412134899110","error":""},"_links":{"self":[{"href":"https:\/\/www.europesays.com\/fr\/wp-json\/wp\/v2\/posts\/151992","targetHints":{"allow":["GET"]}}],"collection":[{"href":"https:\/\/www.europesays.com\/fr\/wp-json\/wp\/v2\/posts"}],"about":[{"href":"https:\/\/www.europesays.com\/fr\/wp-json\/wp\/v2\/types\/post"}],"author":[{"embeddable":true,"href":"https:\/\/www.europesays.com\/fr\/wp-json\/wp\/v2\/users\/2"}],"replies":[{"embeddable":true,"href":"https:\/\/www.europesays.com\/fr\/wp-json\/wp\/v2\/comments?post=151992"}],"version-history":[{"count":0,"href":"https:\/\/www.europesays.com\/fr\/wp-json\/wp\/v2\/posts\/151992\/revisions"}],"wp:featuredmedia":[{"embeddable":true,"href":"https:\/\/www.europesays.com\/fr\/wp-json\/wp\/v2\/media\/151993"}],"wp:attachment":[{"href":"https:\/\/www.europesays.com\/fr\/wp-json\/wp\/v2\/media?parent=151992"}],"wp:term":[{"taxonomy":"category","embeddable":true,"href":"https:\/\/www.europesays.com\/fr\/wp-json\/wp\/v2\/categories?post=151992"},{"taxonomy":"post_tag","embeddable":true,"href":"https:\/\/www.europesays.com\/fr\/wp-json\/wp\/v2\/tags?post=151992"}],"curies":[{"name":"wp","href":"https:\/\/api.w.org\/{rel}","templated":true}]}}