{"id":152008,"date":"2025-06-04T18:10:11","date_gmt":"2025-06-04T18:10:11","guid":{"rendered":"https:\/\/www.europesays.com\/fr\/152008\/"},"modified":"2025-06-04T18:10:11","modified_gmt":"2025-06-04T18:10:11","slug":"en-images-voici-le-projet-qui-va-voir-le-jour-sur-le-site-de-lancienne-cite-administrative-en-plein-toulouse","status":"publish","type":"post","link":"https:\/\/www.europesays.com\/fr\/152008\/","title":{"rendered":"EN IMAGES. Voici le projet qui va voir le jour sur le site de l&rsquo;ancienne cit\u00e9 administrative en plein Toulouse"},"content":{"rendered":"<p>            Par<br \/>\n        <strong><br \/>\n            <a href=\"https:\/\/actu.fr\/auteur\/lucie-2\" title=\"Consulter tous les articles de Lucie Fraisse\" target=\"_blank\" rel=\"noopener\">Lucie Fraisse<\/a><br \/>\n        <\/strong><\/p>\n<p>        Publi\u00e9 le<\/p>\n<p>            4 juin 2025 \u00e0 18h02        <\/p>\n<p>On en sait un peu plus sur le devenir de l\u2019ex-cit\u00e9 administrative situ\u00e9e \u00e0 Compans-Caffarelli, \u00e0 Toulouse. Le 5 mai dernier, l\u2019\u00c9tat annon\u00e7ait en effet que<a href=\"https:\/\/actu.fr\/occitanie\/toulouse_31555\/on-sait-qui-va-racheter-l-ancienne-cite-administrative-au-centre-ville-de-toulouse-voici-le-projet-retenu_62596107.html\" target=\"_blank\" rel=\"noopener\"> la cession du site \u00e9tait en cours de finalisation<\/a>. Laur\u00e9at de la vente, le groupement Bouygues Immobilier, GA Smart Building,\u00a0 et Eclisse promotion en d\u00e9voile davantage sur le projet qui doit voir le jour sur ce foncier cons\u00e9quent et tr\u00e8s bien situ\u00e9 en centre-ville de Toulouse.<\/p>\n<p>Bureaux, logements, commerces\u2026<\/p>\n<p class=\" wall-content\">C\u2019est un ensemble qui mixera logements, bureaux et activit\u00e9s qui doit ainsi prendre place sur le site de l\u2019ex-cit\u00e9 administrative. Un ensemble que le groupement porteur du projet a pens\u00e9 <strong>comme une extension de l\u2019hypercentre vers Compans-Caffarelli<\/strong>.<\/p>\n<p class=\" wall-content\">Au total, <strong>450 logements familiaux<\/strong> seront construits ou r\u00e9habilit\u00e9s <strong>\u00e0 l\u2019horizon 2029<\/strong>. Des logements classiques, mais aussi des locatifs sociaux, \u00e0 bail r\u00e9el solidaire ou en accession \u00e0 prix ma\u00eetris\u00e9s.\u00a0<\/p>\n<p>Trois b\u00e2timents r\u00e9habilit\u00e9s, la tour conserv\u00e9e\u00a0<br \/>\n    <img   decoding=\"async\" loading=\"lazy\" src=\"https:\/\/www.europesays.com\/fr\/wp-content\/uploads\/2025\/06\/tour-cite-administrative-toulouse-lf-960x640.jpg\" alt=\"La tour centrale de la cit\u00e9 administrative va \u00eatre r\u00e9habilit\u00e9e.\" width=\"960\" height=\"640\"\/><br \/>\n    La tour centrale de la cit\u00e9 administrative va \u00eatre r\u00e9habilit\u00e9e. (\u00a9actu.fr\/L.F.)<\/p>\n<p class=\" wall-content\">Une partie de ces futures habitations sera cr\u00e9\u00e9e dans des b\u00e2timents existants, d\u2019autres dans des immeubles neufs.\u00a0<\/p>\n<p class=\" wall-content\">Trois b\u00e2timents du site actuel vont \u00eatre enti\u00e8rement r\u00e9habilit\u00e9s. La<strong> tour totem de l\u2019ancienne cit\u00e9 administrative<\/strong> sera ainsi conserv\u00e9e et transform\u00e9e en logements \u00e9tudiants<\/p>\n<p>    <img   decoding=\"async\" loading=\"lazy\" src=\"https:\/\/www.europesays.com\/fr\/wp-content\/uploads\/2025\/06\/a2410-toulouse-cc-parc-2025-01-12-credits-valode-et-pistre-960x640.jpg\" alt=\"Un vaste aprc de 5000 m\u00b2 est pr\u00e9vu.\" width=\"960\" height=\"640\"\/><br \/>\n    Un vaste aprc de 5000 m\u00b2 est pr\u00e9vu. (\u00a9Valode et Pistre\u00a0)Une maison de sant\u00e9 en projet\u00a0<\/p>\n<p class=\" wall-content\">En plus de ces 450 logements, le groupement chapeaut\u00e9 par Bouygues Immobilier annonce la cr\u00e9ation de 7000 m\u00b2 d\u2019immobilier tertiaire.<\/p>\n<p class=\" wall-content\">Une <strong>maison de sant\u00e9<\/strong> est \u00e9galement programm\u00e9e ainsi que 1200 m\u00b2 de commerces et activit\u00e9s.<\/p>\n<p>Point central du projet : un grand parc<br \/>\n    <img   decoding=\"async\" loading=\"lazy\" src=\"https:\/\/www.europesays.com\/fr\/wp-content\/uploads\/2025\/06\/a2410-toulouse-cc-entree-parc-03-credits-valode-et-pistre-960x640.jpg\" alt=\"Le projet est pens\u00e9 comme une liaison entre l'hypercentre et Compans-Caffarelli.\" width=\"960\" height=\"640\"\/><br \/>\n    Le projet est pens\u00e9 comme une liaison entre l\u2019hypercentre et Compans-Caffarelli. (\u00a9Valode et Pistre\u00a0)<\/p>\n<p class=\" wall-content\">\u00ab\u00a0La cr\u00e9ation d\u2019un parc de 5 000 m\u00b2 ouvert sur la ville, donnera \u00e0 voir <strong>les remparts, patrimoine historique class\u00e9<\/strong> et permettra \u00e0 chacun d\u2019acc\u00e9der \u00e0 ce site embl\u00e9matique\u00a0\u00bb d\u00e9taillent aussi les promoteurs laur\u00e9ats de la vente.\u00a0<\/p>\n<p class=\" wall-content\">Un parc qui doit permettre de faire une continuit\u00e9 avec le parc voisin de Compans-Caffareli, mais aussi de cr\u00e9er un poumon vert pour lutter contre les \u00eelots de chaleur urbain. Le bassin central et la v\u00e9g\u00e9tation existante seront conserv\u00e9s, de nouvelles plantations seront r\u00e9alis\u00e9es.<\/p>\n<p>Dimension \u00e9cologique<br \/>\n    <img   decoding=\"async\" loading=\"lazy\" src=\"https:\/\/www.europesays.com\/fr\/wp-content\/uploads\/2025\/06\/cite-administrative-travaux-toulouse-lf-960x640.jpg\" alt=\"Les travaux doivent s'achever en 2029. L'ex-cit\u00e9 administrative est actuellement vide.\" width=\"960\" height=\"640\"\/><br \/>\n    Les travaux doivent s\u2019achever en 2029. L\u2019ex-cit\u00e9 administrative est actuellement vide. (\u00a9actu.fr\/L.F.)<\/p>\n<p class=\" wall-content\">Les porteurs du projet louent \u00e9galement la dimension \u00e9cologique de l\u2019op\u00e9ration de transformation de l\u2019ancienne cit\u00e9 administrative.\u00a0<\/p>\n<blockquote class=\"ac-article-quote wall-content\">\n<p>La pr\u00e9servation du patrimoine et l\u2019att\u00e9nuation de l\u2019empreinte carbone du futur quartier ont \u00e9t\u00e9 au c\u0153ur des pr\u00e9occupations de la r\u00e9ponse \u00e0 l\u2019appel \u00e0 candidatures du groupement laur\u00e9at. Cela d\u00e9montre l&rsquo;engagement du groupement \u00e0 repenser et valoriser les espaces urbains pour r\u00e9pondre \u00e0 la forte demande de logements n\u00e9cessaires au sein de la collectivit\u00e9, tout en adressant les pr\u00e9occupations environnementales (notamment r\u00e9duction de l\u2019empreinte carbone, d\u00e9simperm\u00e9abilisation des sols).\n<\/p>\n<p>    <strong>Bouygues Immobilier, Eclisse Promotion et GA Smart Building<\/strong>\n            <\/p><\/blockquote>\n<p class=\" wall-content\">L\u2019agence d\u2019architectes Valode et Pistre travaillera sur le projet, tout comme le paysagiste Mathieu Labeille.<\/p>\n<p>La Cit\u00e9 administrative avait \u00e9t\u00e9 mise en vente en 2024\u00a0<br \/>\n    <img   decoding=\"async\" loading=\"lazy\" src=\"https:\/\/www.europesays.com\/fr\/wp-content\/uploads\/2025\/06\/cite-administrative-toulouse-securise-lf-960x640.jpg\" alt=\"Le site a \u00e9t\u00e9 s\u00e9curis\u00e9.\" width=\"960\" height=\"640\"\/><br \/>\n    Le site a \u00e9t\u00e9 s\u00e9curis\u00e9. (\u00a9actu.fr\/L.F.)<\/p>\n<p class=\" wall-content\">La cit\u00e9 administrative de Compans-Caffarelli avait \u00e9t\u00e9 \u00e9difi\u00e9e entre 1950 et 1970. L\u2019\u00c9tat avait <a href=\"https:\/\/actu.fr\/occitanie\/toulouse_31555\/toulouse-ce-site-tres-convoite-du-centre-ville-est-a-vendre-l-appel-d-offres-lance_61041292.html\" target=\"_blank\" rel=\"noopener\">mis en vente le site en mai 2024<\/a>, alors qu\u2019en parall\u00e8le se menaient <a href=\"https:\/\/actu.fr\/occitanie\/toulouse_31555\/toulouse-le-chantier-de-la-cite-administrative-debute-1600-agents-de-l-etat-y-travailleront_58864367.html\" target=\"_blank\" rel=\"noopener\">les travaux de la nouvelle cit\u00e9 administrative<\/a>, quartier Guillaumet, sur le site de l\u2019ex-CEAT.\u00a0<\/p>\n<p class=\" wall-content\">Des travaux qui se sont achev\u00e9s en d\u00e9but d\u2019ann\u00e9e 2025, l<a href=\"https:\/\/actu.fr\/occitanie\/toulouse_31555\/toulouse-1-600-agents-de-l-etat-vont-s-y-installer-dans-les-coulisses-de-la-nouvelle-cite-administrative_62188987.html\" target=\"_blank\" rel=\"noopener\">es agents de l\u2019\u00c9tat ont commenc\u00e9 \u00e0 s\u2019y installer dans le courant du mois de janvier<\/a>.<\/p>\n<p class=\" wall-content\">Suivez toute l\u2019actualit\u00e9 de vos villes et m\u00e9dias favoris en vous inscrivant \u00e0 <a href=\"https:\/\/moncompte.actu.fr\" title=\"D\u00e9couvez Mon Actu\" rel=\"nofollow noopener\" data-trk=\"{&quot;cta&quot;:{&quot;action&quot;:&quot;https:\\\/\\\/moncompte.actu.fr&quot;,&quot;category&quot;:&quot;mon compte&quot;,&quot;from&quot;:&quot;article footer&quot;,&quot;name&quot;:&quot;Mon actu&quot;,&quot;type&quot;:&quot;cta&quot;}}\" target=\"_blank\">Mon Actu<\/a>.<\/p>\n","protected":false},"excerpt":{"rendered":"Par Lucie Fraisse Publi\u00e9 le 4 juin 2025 \u00e0 18h02 On en sait un peu plus sur le&hellip;\n","protected":false},"author":2,"featured_media":152009,"comment_status":"","ping_status":"","sticky":false,"template":"","format":"standard","meta":{"footnotes":""},"categories":[2816],"tags":[1111,11,1777,674,1011,27,12,2680,25,104,2312,2086],"class_list":{"0":"post-152008","1":"post","2":"type-post","3":"status-publish","4":"format-standard","5":"has-post-thumbnail","7":"category-toulouse","8":"tag-actu","9":"tag-actualites","10":"tag-eu","11":"tag-europe","12":"tag-fr","13":"tag-france","14":"tag-news","15":"tag-occitanie","16":"tag-republique-francaise","17":"tag-societe","18":"tag-toulouse","19":"tag-travaux"},"share_on_mastodon":{"url":"https:\/\/pubeurope.com\/@fr\/114626443757161407","error":""},"_links":{"self":[{"href":"https:\/\/www.europesays.com\/fr\/wp-json\/wp\/v2\/posts\/152008","targetHints":{"allow":["GET"]}}],"collection":[{"href":"https:\/\/www.europesays.com\/fr\/wp-json\/wp\/v2\/posts"}],"about":[{"href":"https:\/\/www.europesays.com\/fr\/wp-json\/wp\/v2\/types\/post"}],"author":[{"embeddable":true,"href":"https:\/\/www.europesays.com\/fr\/wp-json\/wp\/v2\/users\/2"}],"replies":[{"embeddable":true,"href":"https:\/\/www.europesays.com\/fr\/wp-json\/wp\/v2\/comments?post=152008"}],"version-history":[{"count":0,"href":"https:\/\/www.europesays.com\/fr\/wp-json\/wp\/v2\/posts\/152008\/revisions"}],"wp:featuredmedia":[{"embeddable":true,"href":"https:\/\/www.europesays.com\/fr\/wp-json\/wp\/v2\/media\/152009"}],"wp:attachment":[{"href":"https:\/\/www.europesays.com\/fr\/wp-json\/wp\/v2\/media?parent=152008"}],"wp:term":[{"taxonomy":"category","embeddable":true,"href":"https:\/\/www.europesays.com\/fr\/wp-json\/wp\/v2\/categories?post=152008"},{"taxonomy":"post_tag","embeddable":true,"href":"https:\/\/www.europesays.com\/fr\/wp-json\/wp\/v2\/tags?post=152008"}],"curies":[{"name":"wp","href":"https:\/\/api.w.org\/{rel}","templated":true}]}}