{"id":15201,"date":"2025-04-10T14:45:12","date_gmt":"2025-04-10T14:45:12","guid":{"rendered":"https:\/\/www.europesays.com\/fr\/15201\/"},"modified":"2025-04-10T14:45:12","modified_gmt":"2025-04-10T14:45:12","slug":"israel-tue-23-civils-a-gaza-dans-une-frappe-aerienne-censee-etre-ciblee","status":"publish","type":"post","link":"https:\/\/www.europesays.com\/fr\/15201\/","title":{"rendered":"Isra\u00ebl tue 23 civils \u00e0 Gaza dans une frappe a\u00e9rienne cens\u00e9e \u00eatre \u00ab\u00a0cibl\u00e9e\u00a0\u00bb"},"content":{"rendered":"<p>Une frappe d\u2019<a href=\"https:\/\/www.20minutes.fr\/monde\/israel\/\" class=\"color-ultramarine c-link\" rel=\"nofollow noopener\" target=\"_blank\">Isra\u00ebl<\/a> a vis\u00e9 ce mercredi le quartier de Chouja\u00efya \u00e0 <a href=\"https:\/\/www.20minutes.fr\/monde\/gaza\/\" class=\"color-ultramarine c-link\" rel=\"nofollow noopener\" target=\"_blank\">Gaza<\/a>-ville, dans le nord du territoire palestinien d\u00e9vast\u00e9 et assi\u00e9g\u00e9 par l\u2019arm\u00e9e de l\u2019Etat h\u00e9breu depuis dix-huit mois. \u00ab\u00a0<a href=\"https:\/\/www.20minutes.fr\/monde\/bombardement\/\" class=\"color-ultramarine c-link\" rel=\"nofollow noopener\" target=\"_blank\">Plusieurs missiles<\/a>\u00a0\u00bb ont cibl\u00e9 un immeuble de quatre \u00e9tages et la zone alentour o\u00f9 se trouvaient des tentes de d\u00e9plac\u00e9s, a racont\u00e9 Ayoub Salim, 26 ans, un habitant de Chouja\u00efya.<\/p>\n<p>Le porte-parole de la D\u00e9fense civile, Mahmoud Bassal, a recens\u00e9 \u00ab\u00a023 martyrs dont huit enfants et huit femmes\u00a0\u00bb et plus de 60 bless\u00e9s dans le raid. Les secouristes ont \u00ab\u00a0extrait les corps de femmes et d\u2019enfants. Il y a encore des personnes ensevelies sous les d\u00e9combres\u00a0\u00bb, a indiqu\u00e9 l\u2019un d\u2019eux, Ibrahim Abou al-Rish.<\/p>\n<p>\u00ab\u00a0On entendait les cris des gens paniqu\u00e9s\u00a0\u00bb<\/p>\n<p>\u00ab\u00a0Le b\u00e2timent abritait de nombreuses personnes qui se croyaient en s\u00e9curit\u00e9. Il a explos\u00e9 au-dessus de leurs t\u00eates\u00a0\u00bb, a-t-il dit. Plusieurs enfants jouaient \u00e0 l\u2019int\u00e9rieur au moment de la frappe \u00ab\u00a0qui a cibl\u00e9 l\u2019habitation et d\u00e9truit toute la zone\u00a0\u00bb, selon lui. \u00ab\u00a0Des \u00e9clats ont vol\u00e9 dans toutes les directions [\u2026] On entendait les cris des gens paniqu\u00e9s\u00a0\u00bb, a ajout\u00e9 Ayoub Salim, d\u00e9crivant \u00ab\u00a0une sc\u00e8ne terrifiante\u00a0\u00bb et faisant \u00e9tat de corps d\u00e9chiquet\u00e9s et d\u2019autres ensevelis sous les d\u00e9combres.<\/p>\n<\/p>\n<p>L\u2019arm\u00e9e isra\u00e9lienne a indiqu\u00e9 pour sa part avoir \u00ab\u00a0frapp\u00e9 un terroriste de haut rang du Hamas qui \u00e9tait responsable de la planification et de l\u2019ex\u00e9cution d\u2019attaques terroristes\u00a0\u00bb depuis ce secteur. L\u2019arm\u00e9e n\u2019a cependant pas pr\u00e9cis\u00e9 l\u2019identit\u00e9 du membre du Hamas vis\u00e9 et accus\u00e9 de nouveau ce mouvement palestinien islamiste d\u2019utiliser les civils comme<br \/>des \u00ab\u00a0boucliers humains\u00a0\u00bb. Tsahal a par ailleurs assur\u00e9 avoir \u00ab\u00a0pris nombre de mesures pour limiter les dommages aux civils\u00a0\u00bb.<\/p>\n<p><a href=\"https:\/\/www.20minutes.fr\/monde\/conflit_israelo-palestinien\/\" class=\"c-link c-btn c-btn--primary\" rel=\"nofollow noopener\" target=\"_blank\">Notre dossier sur le conflit isra\u00e9lo-palestinien<\/a><\/p>\n<p>En r\u00e9action, le Hamas a condamn\u00e9 la frappe comme \u00ab\u00a0l\u2019un des pires actes odieux de g\u00e9nocide\u00a0\u00bb. \u00ab\u00a0L\u2019arm\u00e9e d\u2019occupation terroriste sioniste a commis un massacre en bombardant une zone r\u00e9sidentielle dens\u00e9ment peupl\u00e9e de civils et de d\u00e9plac\u00e9s\u00a0\u00bb, a-t-il affirm\u00e9 dans un communiqu\u00e9. Le Hamas d\u00e9nonce ensuite les \u00ab\u00a0massacres incessants\u00a0\u00bb de Palestiniens commis \u00ab\u00a0avec le soutien total de l\u2019administration am\u00e9ricaine, complice de cette agression\u00a0\u00bb. Selon le minist\u00e8re de la Sant\u00e9 du Hamas, le bilan total depuis le d\u00e9but de la guerre, s\u2019\u00e9l\u00e8ve d\u00e9sormais \u00e0 50.846 morts dans la bande de Gaza, des donn\u00e9es jug\u00e9es fiables par l\u2019ONU.<\/p>\n","protected":false},"excerpt":{"rendered":"Une frappe d\u2019Isra\u00ebl a vis\u00e9 ce mercredi le quartier de Chouja\u00efya \u00e0 Gaza-ville, dans le nord du territoire&hellip;\n","protected":false},"author":2,"featured_media":15202,"comment_status":"","ping_status":"","sticky":false,"template":"","format":"standard","meta":{"footnotes":""},"categories":[5],"tags":[47,11,4755,3259,1011,27,665,3519,14,664,74,12,3520,28],"class_list":{"0":"post-15201","1":"post","2":"type-post","3":"status-publish","4":"format-standard","5":"has-post-thumbnail","7":"category-international","8":"tag-actualite","9":"tag-actualites","10":"tag-bombardement","11":"tag-conflit-israelo-palestinien","12":"tag-fr","13":"tag-france","14":"tag-gaza","15":"tag-hamas","16":"tag-international","17":"tag-israel","18":"tag-monde","19":"tag-news","20":"tag-tsahal","21":"tag-world"},"share_on_mastodon":{"url":"https:\/\/pubeurope.com\/@fr\/114314210427207973","error":""},"_links":{"self":[{"href":"https:\/\/www.europesays.com\/fr\/wp-json\/wp\/v2\/posts\/15201","targetHints":{"allow":["GET"]}}],"collection":[{"href":"https:\/\/www.europesays.com\/fr\/wp-json\/wp\/v2\/posts"}],"about":[{"href":"https:\/\/www.europesays.com\/fr\/wp-json\/wp\/v2\/types\/post"}],"author":[{"embeddable":true,"href":"https:\/\/www.europesays.com\/fr\/wp-json\/wp\/v2\/users\/2"}],"replies":[{"embeddable":true,"href":"https:\/\/www.europesays.com\/fr\/wp-json\/wp\/v2\/comments?post=15201"}],"version-history":[{"count":0,"href":"https:\/\/www.europesays.com\/fr\/wp-json\/wp\/v2\/posts\/15201\/revisions"}],"wp:featuredmedia":[{"embeddable":true,"href":"https:\/\/www.europesays.com\/fr\/wp-json\/wp\/v2\/media\/15202"}],"wp:attachment":[{"href":"https:\/\/www.europesays.com\/fr\/wp-json\/wp\/v2\/media?parent=15201"}],"wp:term":[{"taxonomy":"category","embeddable":true,"href":"https:\/\/www.europesays.com\/fr\/wp-json\/wp\/v2\/categories?post=15201"},{"taxonomy":"post_tag","embeddable":true,"href":"https:\/\/www.europesays.com\/fr\/wp-json\/wp\/v2\/tags?post=15201"}],"curies":[{"name":"wp","href":"https:\/\/api.w.org\/{rel}","templated":true}]}}