{"id":152010,"date":"2025-06-04T18:11:09","date_gmt":"2025-06-04T18:11:09","guid":{"rendered":"https:\/\/www.europesays.com\/fr\/152010\/"},"modified":"2025-06-04T18:11:09","modified_gmt":"2025-06-04T18:11:09","slug":"le-voleur-termine-en-prison","status":"publish","type":"post","link":"https:\/\/www.europesays.com\/fr\/152010\/","title":{"rendered":"le voleur termine en prison"},"content":{"rendered":"<p>            Par<br \/>\n        <strong><br \/>\n            <a href=\"https:\/\/actu.fr\/auteur\/mareva-laville-actu-fr\" title=\"Consulter tous les articles de Mar\u00e9va Laville\" target=\"_blank\" rel=\"noopener\">Mar\u00e9va Laville<\/a><br \/>\n        <\/strong><\/p>\n<p>        Publi\u00e9 le<\/p>\n<p>            4 juin 2025 \u00e0 20h02        <\/p>\n<p>C\u2019\u00e9tait un grand jour pour la jeune femme de 22\u00a0ans. Un grand jour, mal d\u00e9marr\u00e9, mais vite rattrap\u00e9. Mercredi 28\u00a0mai, il \u00e9tait 7h30 lorsqu\u2019elle a appel\u00e9 la police \u00e0 son secours. \u00c0 la <a href=\"https:\/\/actu.fr\/occitanie\/toulouse_31555\/alerte-par-la-meteo-tisseo-lance-des-travaux-express-dans-ce-parking-relais-de-toulouse_62723148.html\" target=\"_blank\" rel=\"noopener\">gare de bus de Basso Cambo,<\/a> la jeune femme attendait son bus en direction de <a href=\"https:\/\/actu.fr\/occitanie\/muret_31395\" target=\"_blank\" rel=\"noopener\">Muret<\/a>, o\u00f9 elle doit passer une \u00e9preuve.<\/p>\n<p>    <a href=\"https:\/\/www.google.com\/maps\/embed?pb=!1m18!1m12!1m3!1d9568.082626599853!2d1.3823418648009738!3d43.570084309846564!2m3!1f0!2f0!3f0!3m2!1i1024!2i768!4f13.1!3m3!1m2!1s0x12aeb834b940c0b1%3A0x2b2e8b3f598216c4!2sBasso%20Cambo%2C%2031100%20Toulouse!5e1!3m2!1sfr!2sfr!4v1749052131608!5m2!1sfr!2sfr\" title=\"Ouvrie le lien\" target=\"_blank\" rel=\"noopener\">Cliquez ici pour visualiser le contenu<\/a><\/p>\n<p>Portable vol\u00e9 avant de monter dans le bus<\/p>\n<p class=\" wall-content\">\u00ab\u2009Deux individus se sont approch\u00e9s et l\u2019un d\u2019eux a <strong>arrach\u00e9 son t\u00e9l\u00e9phone\u2009\u00bb,<\/strong> rapporte une source polici\u00e8re d\u2019<a href=\"http:\/\/www.actu.fr\/toulouse\" target=\"_blank\" rel=\"noopener\">Actu Toulouse<\/a>. Tentant de rattraper le <strong>voleur<\/strong>, elle a alors chut\u00e9 et s\u2019est fait mal au genou. Le coup de trop. Quand les al\u00e9as se m\u00ealent au stress\u2026<\/p>\n<p class=\" wall-content\">Mais dans son malheur, la victime trouve sa part de chance. \u00c0 leur arriv\u00e9e, les policiers trouvent la jeune femme \u00ab\u2009dans tous ses \u00e9tats\u2009\u00bb, pr\u00e9cise notre source polici\u00e8re. Allait-elle \u00eatre \u00e0 l\u2019heure pour son examen\u2009?<\/p>\n<p>Examen sauv\u00e9, voleur retrouv\u00e9<\/p>\n<p class=\" wall-content\">Bont\u00e9 d\u2019\u00e2me ou jeu du m\u00e9tier, les policiers de la BAC ont conduit la jeune femme au<strong> centre d\u2019examen \u00e0 Muret<\/strong>, \u00e0 temps. Avant de s\u2019adonner \u00e0 une plus ample t\u00e2che\u2009: retrouver le voleur de t\u00e9l\u00e9phone.<\/p>\n<p class=\" wall-content\">La qu\u00eate se base sur les vid\u00e9os des <strong>cam\u00e9ras de surveillance<\/strong> de <a href=\"https:\/\/actu.fr\/tag\/tisseo\" target=\"_blank\" rel=\"noopener\">Tiss\u00e9o<\/a>. \u00ab\u2009Une description et une photo de l\u2019individu ont \u00e9t\u00e9 r\u00e9cup\u00e9r\u00e9es\u2009\u00bb, souligne la source polici\u00e8re d\u2019Actu Toulouse.<\/p>\n<p>Vid\u00e9os : en ce moment sur ActuUn adolescent plac\u00e9 en d\u00e9tention<\/p>\n<p class=\" wall-content\">En fin de journ\u00e9e, vers 18\u00a0heures, un jeune<strong> homme de 15\u00a0ans est interpell\u00e9<\/strong> dans le secteur du Mirail \u00e0 Toulouse. Le gar\u00e7on, mais sans le t\u00e9l\u00e9phone.<\/p>\n<p class=\" wall-content\"><strong>Plac\u00e9 en garde \u00e0 vue,<\/strong> l\u2019adolescent \u00e9tait bien connu des services de police. \u00ab\u2009Il \u00e9tait recherch\u00e9 pour d\u2019autres faits et avait un <strong>mandat d\u2019arr\u00eat non ex\u00e9cut\u00e9.<\/strong>\u2009\u00bb C\u2019est dans ce cadre qu\u2019il a donc \u00e9t\u00e9 plac\u00e9 en d\u00e9tention \u00e0 la <strong>prison pour mineurs de Lavaur<\/strong>, au terme de sa garde \u00e0 vue. Il sera jug\u00e9 \u00e0 la fin du mois de juin par le <strong>tribunal pour Enfants de Toulouse.<\/strong><\/p>\n<p>Le portable retrouv\u00e9<\/p>\n<p class=\" wall-content\">Le portable d\u00e9rob\u00e9, quant \u00e0 lui, a \u00e9t\u00e9 retrouv\u00e9 le lendemain, jeudi 29\u00a0mai, dans les parties communes d\u2019un immeuble du Mirail, gr\u00e2ce aux derni\u00e8res localisations du t\u00e9l\u00e9phone. Il ne reste plus qu\u2019\u00e0 obtenir un bon r\u00e9sultat \u00e0 l\u2019examen et ce sera, finalement, un sans-faute.<\/p>\n<p class=\" wall-content\">\n<p class=\" wall-content\">Suivez toute l\u2019actualit\u00e9 de vos villes et m\u00e9dias favoris en vous inscrivant \u00e0 <a href=\"https:\/\/moncompte.actu.fr\" title=\"D\u00e9couvez Mon Actu\" rel=\"nofollow noopener\" data-trk=\"{&quot;cta&quot;:{&quot;action&quot;:&quot;https:\\\/\\\/moncompte.actu.fr&quot;,&quot;category&quot;:&quot;mon compte&quot;,&quot;from&quot;:&quot;article footer&quot;,&quot;name&quot;:&quot;Mon actu&quot;,&quot;type&quot;:&quot;cta&quot;}}\" target=\"_blank\">Mon Actu<\/a>.<\/p>\n","protected":false},"excerpt":{"rendered":"Par Mar\u00e9va Laville Publi\u00e9 le 4 juin 2025 \u00e0 20h02 C\u2019\u00e9tait un grand jour pour la jeune femme&hellip;\n","protected":false},"author":2,"featured_media":152011,"comment_status":"","ping_status":"","sticky":false,"template":"","format":"standard","meta":{"footnotes":""},"categories":[2816],"tags":[1111,11,1777,674,118,1011,27,12,2680,1072,899,25,2312],"class_list":{"0":"post-152010","1":"post","2":"type-post","3":"status-publish","4":"format-standard","5":"has-post-thumbnail","7":"category-toulouse","8":"tag-actu","9":"tag-actualites","10":"tag-eu","11":"tag-europe","12":"tag-faits-divers","13":"tag-fr","14":"tag-france","15":"tag-news","16":"tag-occitanie","17":"tag-police","18":"tag-prisons","19":"tag-republique-francaise","20":"tag-toulouse"},"share_on_mastodon":{"url":"https:\/\/pubeurope.com\/@fr\/114626447539519431","error":""},"_links":{"self":[{"href":"https:\/\/www.europesays.com\/fr\/wp-json\/wp\/v2\/posts\/152010","targetHints":{"allow":["GET"]}}],"collection":[{"href":"https:\/\/www.europesays.com\/fr\/wp-json\/wp\/v2\/posts"}],"about":[{"href":"https:\/\/www.europesays.com\/fr\/wp-json\/wp\/v2\/types\/post"}],"author":[{"embeddable":true,"href":"https:\/\/www.europesays.com\/fr\/wp-json\/wp\/v2\/users\/2"}],"replies":[{"embeddable":true,"href":"https:\/\/www.europesays.com\/fr\/wp-json\/wp\/v2\/comments?post=152010"}],"version-history":[{"count":0,"href":"https:\/\/www.europesays.com\/fr\/wp-json\/wp\/v2\/posts\/152010\/revisions"}],"wp:featuredmedia":[{"embeddable":true,"href":"https:\/\/www.europesays.com\/fr\/wp-json\/wp\/v2\/media\/152011"}],"wp:attachment":[{"href":"https:\/\/www.europesays.com\/fr\/wp-json\/wp\/v2\/media?parent=152010"}],"wp:term":[{"taxonomy":"category","embeddable":true,"href":"https:\/\/www.europesays.com\/fr\/wp-json\/wp\/v2\/categories?post=152010"},{"taxonomy":"post_tag","embeddable":true,"href":"https:\/\/www.europesays.com\/fr\/wp-json\/wp\/v2\/tags?post=152010"}],"curies":[{"name":"wp","href":"https:\/\/api.w.org\/{rel}","templated":true}]}}