{"id":152020,"date":"2025-06-04T18:16:09","date_gmt":"2025-06-04T18:16:09","guid":{"rendered":"https:\/\/www.europesays.com\/fr\/152020\/"},"modified":"2025-06-04T18:16:09","modified_gmt":"2025-06-04T18:16:09","slug":"lyon-divorce-et-vaisselle-cassee-entre-gregory-doucet-les-ecologistes-et-lfi-sur-la-zfe","status":"publish","type":"post","link":"https:\/\/www.europesays.com\/fr\/152020\/","title":{"rendered":"Lyon. Divorce et vaisselle cass\u00e9e entre Gr\u00e9gory Doucet, les \u00e9cologistes et LFI sur la ZFE"},"content":{"rendered":"<p>            Par<br \/>\n        <strong><br \/>\n            <a href=\"https:\/\/actu.fr\/auteur\/nicolas-zaugra\" title=\"Consulter tous les articles de Nicolas Zaugra\" rel=\"nofollow noopener\" target=\"_blank\">Nicolas Zaugra<\/a><br \/>\n        <\/strong><\/p>\n<p>        Publi\u00e9 le<\/p>\n<p>            4 juin 2025 \u00e0 18h21        <\/p>\n<p>\u00ab\u00a0C\u2019est de plus en plus difficile de s\u2019entendre avec LFI sur ce sujet et pas seulement d\u2019ailleurs\u00a0\u00bb, l\u00e2che d\u00e9pit\u00e9 un adjoint \u00e9cologiste \u00e0 la Ville de <a href=\"https:\/\/actu.fr\/auvergne-rhone-alpes\/lyon_69123\" rel=\"nofollow noopener\" target=\"_blank\">Lyon<\/a>. Le <a href=\"https:\/\/actu.fr\/auvergne-rhone-alpes\/lyon_69123\/lyon-la-suppression-annoncee-de-la-zfe-provoque-une-violente-colere-des-elus-ecologistes_62705873.html\" rel=\"nofollow noopener\" target=\"_blank\">vote de la suppression de la Zone \u00e0 faibles \u00e9missions<\/a> \u00e0 l\u2019Assembl\u00e9e nationale la semaine derni\u00e8re, soutenu par la France insoumise, provoque de tr\u00e8s vives tensions avec les \u00e9cologistes lyonnais qui d\u00e9fendent la mesure.<\/p>\n<p>Le vote de LFI est \u00ab\u00a0populiste\u00a0\u00bb selon les \u00e9cologistes<\/p>\n<p class=\" wall-content\">Le divorce semble de plus en plus consomm\u00e9 entre les \u00e9cologistes et LFI \u00e0 Lyon comme au niveau national, malgr\u00e9 leurs alliances \u00e9lectorales r\u00e9centes et leurs int\u00e9r\u00eats convergents. Alors que se pr\u00e9parent les \u00e9lections de 2026 \u00e0 Lyon et \u00e0 la M\u00e9tropole \u00e0 gauche, avec une incertitude sur des alliances entre \u00e9cologistes, Insoumis et socialistes, cet \u00e9pisode de la ZFE va laisser des traces.<\/p>\n<p class=\" wall-content\"><a href=\"https:\/\/actu.fr\/auvergne-rhone-alpes\/lyon_69123\/lyon-insecurite-voitures-gregory-doucet-fortement-secoue-par-des-habitants-en-colere_62720606.html\" rel=\"nofollow noopener\" target=\"_blank\">Gr\u00e9gory Doucet<\/a>, le maire de Lyon, a sorti le bazooka contre les Insoumis en ciblant leur vote contre la ZFE. Dans un communiqu\u00e9, l\u2019\u00e9lu Verts a d\u00e9nonc\u00e9 un \u00ab\u00a0vote contre la sant\u00e9\u00a0\u00bb en pointant du doigt des \u00ab\u00a0groupes populistes de tout bord\u00a0\u00bb mettant donc un signe \u00e9gal entre LFI et le RN. M\u00eame tonalit\u00e9 pour <a href=\"https:\/\/actu.fr\/auvergne-rhone-alpes\/lyon_69123\/lyon-safran-boycotte-les-villes-ecologistes-bruno-bernard-envoie-des-coups-en-reponse_62528200.html\" rel=\"nofollow noopener\" target=\"_blank\">Bruno Bernard<\/a>, le pr\u00e9sident du Grand Lyon, qui a d\u00e9nonc\u00e9 une \u00ab\u00a0vague populiste\u00a0\u00bb. Pour lui, les \u00e9lus anti-ZFE \u00ab\u00a0ont vot\u00e9 leur propre irresponsabilit\u00e9\u00a0\u00bb.<\/p>\n<p class=\" wall-content\">\u00ab\u00a0\u00c0 travers ce vote LR, LFI et RN minimisent le drame sanitaire\u00a0\u00bb, assomme l\u2019adjoint \u00e9cologiste lyonnais Valentin Lungenstrass.<\/p>\n<p>\u00ab\u00a0Nous refusons d\u2019\u00eatre assimil\u00e9s au Rassemblement national\u00a0\u00bb<\/p>\n<p class=\" wall-content\">La r\u00e9ponse de LFI n\u2019a pas tard\u00e9 localement. La d\u00e9put\u00e9e du Rh\u00f4ne Anais Belouassa-Cherifi a r\u00e9pondu sur X : \u00ab\u00a0Non, M. Doucet. Non, M. Bernard. Nous refusons d\u2019\u00eatre assimil\u00e9s au Rassemblement national quand nous d\u00e9fendons la justice sociale et l\u2019\u00e9cologie populaire. Nous mettre sur le m\u00eame plan est ridicule ET dangereux\u00a0\u00bb, s\u2019agace l\u2019\u00e9lue.<\/p>\n<p class=\" wall-content\">\n<blockquote class=\"ac-article-quote wall-content\">\n<p>En parlant de \u00ab groupes populistes de tout bord \u00bb, Gr\u00e9gory Doucet tente de nous mettre au m\u00eame plan que l\u2019extr\u00eame droite. Bruno Bernard qualifie notre vote \u00ab d\u2019irresponsable et populiste \u00bb. Ces amalgames sont inacceptables. Depuis 2019, nous disons NON \u00e0 la ZFE (Zone \u00e0 faibles \u00e9missions). Pas par refus d\u2019agir pour la qualit\u00e9 de l\u2019air. Mais parce que cette ZFE p\u00e9nalise les plus pr\u00e9caires, y compris dans la M\u00e9tropole de Lyon. Pas d\u2019alternatives suffisantes \u00e0 la voiture. Pas d\u2019investissements suffisants dans les transports. Mais des amendes, des interdictions, de l\u2019exclusion. Une \u00e9cologie qui stigmatise et sanctionne les plus modestes.<\/p>\n<p>    <strong>Anais Belouassa-Cherifi, d\u00e9put\u00e9e LFI du Rh\u00f4ne<\/strong>\n            <\/p><\/blockquote>\n<p class=\" wall-content\">Pour elle, \u00ab\u00a0l\u2019\u00e9cologie doit \u00eatre populaire\u00a0\u00bb avec des \u00ab\u00a0transports publics massivement d\u00e9velopp\u00e9s\u00a0\u00bb et notamment \u00ab\u00a0tendre vers la gratuit\u00e9 des transports\u00a0\u00bb.<\/p>\n<p class=\" wall-content\">\u00c0 quelques mois des municipales, ce nouveau clash n\u2019engage rien de bon pour une possible alliance d\u00e8s le 1er tour entre <a href=\"https:\/\/actu.fr\/auvergne-rhone-alpes\/lyon_69123\/lyon-municipales-2026-lfi-previent-gregory-doucet-qu-elle-lancera-sans-doute-une-liste_62670708.html\" rel=\"nofollow noopener\" target=\"_blank\">Gr\u00e9gory Doucet et LFI pour les municipales<\/a>. Le mouvement de Jean-Luc M\u00e9lenchon laisse de plus en plus entendre qu\u2019il pourrait partir seul\u2026<\/p>\n<p class=\" wall-content\">Suivez toute l\u2019actualit\u00e9 de vos villes et m\u00e9dias favoris en vous inscrivant \u00e0 <a href=\"https:\/\/moncompte.actu.fr\" title=\"D\u00e9couvez Mon Actu\" rel=\"nofollow noopener\" data-trk=\"{&quot;cta&quot;:{&quot;action&quot;:&quot;https:\\\/\\\/moncompte.actu.fr&quot;,&quot;category&quot;:&quot;mon compte&quot;,&quot;from&quot;:&quot;article footer&quot;,&quot;name&quot;:&quot;Mon actu&quot;,&quot;type&quot;:&quot;cta&quot;}}\" target=\"_blank\">Mon Actu<\/a>.<\/p>\n","protected":false},"excerpt":{"rendered":"Par Nicolas Zaugra Publi\u00e9 le 4 juin 2025 \u00e0 18h21 \u00ab\u00a0C\u2019est de plus en plus difficile de s\u2019entendre&hellip;\n","protected":false},"author":2,"featured_media":152021,"comment_status":"","ping_status":"","sticky":false,"template":"","format":"standard","meta":{"footnotes":""},"categories":[1889],"tags":[1111,11,2430,1777,674,1011,27,5226,1023,2428,12,316,25,2433],"class_list":{"0":"post-152020","1":"post","2":"type-post","3":"status-publish","4":"format-standard","5":"has-post-thumbnail","7":"category-lyon","8":"tag-actu","9":"tag-actualites","10":"tag-auvergne-rhone-alpes","11":"tag-eu","12":"tag-europe","13":"tag-fr","14":"tag-france","15":"tag-gregory-doucet","16":"tag-la-france-insoumise-lfi","17":"tag-lyon","18":"tag-news","19":"tag-politique","20":"tag-republique-francaise","21":"tag-zone-a-faibles-emissions-zfe"},"share_on_mastodon":{"url":"https:\/\/pubeurope.com\/@fr\/114626467118923573","error":""},"_links":{"self":[{"href":"https:\/\/www.europesays.com\/fr\/wp-json\/wp\/v2\/posts\/152020","targetHints":{"allow":["GET"]}}],"collection":[{"href":"https:\/\/www.europesays.com\/fr\/wp-json\/wp\/v2\/posts"}],"about":[{"href":"https:\/\/www.europesays.com\/fr\/wp-json\/wp\/v2\/types\/post"}],"author":[{"embeddable":true,"href":"https:\/\/www.europesays.com\/fr\/wp-json\/wp\/v2\/users\/2"}],"replies":[{"embeddable":true,"href":"https:\/\/www.europesays.com\/fr\/wp-json\/wp\/v2\/comments?post=152020"}],"version-history":[{"count":0,"href":"https:\/\/www.europesays.com\/fr\/wp-json\/wp\/v2\/posts\/152020\/revisions"}],"wp:featuredmedia":[{"embeddable":true,"href":"https:\/\/www.europesays.com\/fr\/wp-json\/wp\/v2\/media\/152021"}],"wp:attachment":[{"href":"https:\/\/www.europesays.com\/fr\/wp-json\/wp\/v2\/media?parent=152020"}],"wp:term":[{"taxonomy":"category","embeddable":true,"href":"https:\/\/www.europesays.com\/fr\/wp-json\/wp\/v2\/categories?post=152020"},{"taxonomy":"post_tag","embeddable":true,"href":"https:\/\/www.europesays.com\/fr\/wp-json\/wp\/v2\/tags?post=152020"}],"curies":[{"name":"wp","href":"https:\/\/api.w.org\/{rel}","templated":true}]}}