{"id":152022,"date":"2025-06-04T18:17:15","date_gmt":"2025-06-04T18:17:15","guid":{"rendered":"https:\/\/www.europesays.com\/fr\/152022\/"},"modified":"2025-06-04T18:17:15","modified_gmt":"2025-06-04T18:17:15","slug":"ces-habitants-ont-achete-30-moins-cher-grace-au-bail-reel-solidaire","status":"publish","type":"post","link":"https:\/\/www.europesays.com\/fr\/152022\/","title":{"rendered":"ces habitants ont achet\u00e9 30\u00a0% moins cher gr\u00e2ce au bail r\u00e9el solidaire"},"content":{"rendered":"<p>Face \u00e0 la hausse des prix de l\u2019immobilier, devenir propri\u00e9taire dans l\u2019Ouest lyonnais est devenu un v\u00e9ritable parcours du combattant pour les m\u00e9nages \u00e0 revenus modestes ou moyens. Le bail r\u00e9el solidaire (BRS) leur permet d\u2019acheter un logement \u00e0 un prix plus abordable, environ 30\u00a0% inf\u00e9rieur au prix du march\u00e9.<\/p>\n<p>Gr\u00e2ce \u00e0 ce dispositif, des m\u00e9nages aux revenus plafonn\u00e9s deviennent propri\u00e9taires d\u2019un logement sans en poss\u00e9der le terrain. Celui-ci appartient \u00e0 un organisme de foncier solidaire (ici, le groupe Deux Fleuves habitat, anciennement l\u2019OPAC du Rh\u00f4ne), structure \u00e0 but non lucratif, \u00e0 laquelle les m\u00e9nages versent chaque mois une redevance.<\/p>\n<p>\u00ab\u00a0Quand on est jeune, si on veut rester dans la r\u00e9gion et acheter neuf,&#8230;                <\/p>\n","protected":false},"excerpt":{"rendered":"Face \u00e0 la hausse des prix de l\u2019immobilier, devenir propri\u00e9taire dans l\u2019Ouest lyonnais est devenu un v\u00e9ritable parcours&hellip;\n","protected":false},"author":2,"featured_media":152023,"comment_status":"","ping_status":"","sticky":false,"template":"","format":"standard","meta":{"footnotes":""},"categories":[1889],"tags":[17656,1111,11,2430,3154,1777,674,1011,27,2428,3455,28151,12,25,2429,28150],"class_list":{"0":"post-152022","1":"post","2":"type-post","3":"status-publish","4":"format-standard","5":"has-post-thumbnail","7":"category-lyon","8":"tag-achat-et-vente-immobilier","9":"tag-actu","10":"tag-actualites","11":"tag-auvergne-rhone-alpes","12":"tag-edition-sud-lyonnais","13":"tag-eu","14":"tag-europe","15":"tag-fr","16":"tag-france","17":"tag-lyon","18":"tag-magazine-immobilier","19":"tag-mornant-bassin","20":"tag-news","21":"tag-republique-francaise","22":"tag-rhone","23":"tag-saint-laurent-dagny"},"share_on_mastodon":{"url":"https:\/\/pubeurope.com\/@fr\/114626471080429320","error":""},"_links":{"self":[{"href":"https:\/\/www.europesays.com\/fr\/wp-json\/wp\/v2\/posts\/152022","targetHints":{"allow":["GET"]}}],"collection":[{"href":"https:\/\/www.europesays.com\/fr\/wp-json\/wp\/v2\/posts"}],"about":[{"href":"https:\/\/www.europesays.com\/fr\/wp-json\/wp\/v2\/types\/post"}],"author":[{"embeddable":true,"href":"https:\/\/www.europesays.com\/fr\/wp-json\/wp\/v2\/users\/2"}],"replies":[{"embeddable":true,"href":"https:\/\/www.europesays.com\/fr\/wp-json\/wp\/v2\/comments?post=152022"}],"version-history":[{"count":0,"href":"https:\/\/www.europesays.com\/fr\/wp-json\/wp\/v2\/posts\/152022\/revisions"}],"wp:featuredmedia":[{"embeddable":true,"href":"https:\/\/www.europesays.com\/fr\/wp-json\/wp\/v2\/media\/152023"}],"wp:attachment":[{"href":"https:\/\/www.europesays.com\/fr\/wp-json\/wp\/v2\/media?parent=152022"}],"wp:term":[{"taxonomy":"category","embeddable":true,"href":"https:\/\/www.europesays.com\/fr\/wp-json\/wp\/v2\/categories?post=152022"},{"taxonomy":"post_tag","embeddable":true,"href":"https:\/\/www.europesays.com\/fr\/wp-json\/wp\/v2\/tags?post=152022"}],"curies":[{"name":"wp","href":"https:\/\/api.w.org\/{rel}","templated":true}]}}