{"id":152024,"date":"2025-06-04T18:18:09","date_gmt":"2025-06-04T18:18:09","guid":{"rendered":"https:\/\/www.europesays.com\/fr\/152024\/"},"modified":"2025-06-04T18:18:09","modified_gmt":"2025-06-04T18:18:09","slug":"lenquete-du-barometre-velo-un-grand-succes-en-ile-de-france","status":"publish","type":"post","link":"https:\/\/www.europesays.com\/fr\/152024\/","title":{"rendered":"L&rsquo;enqu\u00eate du Barom\u00e8tre v\u00e9lo, un \u00ab\u00a0grand succ\u00e8s\u00a0\u00bb en \u00cele-de-France"},"content":{"rendered":"\n<p lang=\"fr-FR\" style=\"margin-bottom: 0cm;\">Ce sont les mots du Collectif V\u00e9lo \u00cele-de-France, qui milite en faveur de ce mode de d\u00e9placement doux. L&rsquo;enqu\u00eate, qui vise \u00e0 faire un \u00e9tat des lieux de la pratique de la bicyclette, gr\u00e2ce aux r\u00e9ponses des usagers, s&rsquo;est termin\u00e9e le 2 juin. On compte plus de 66.300 r\u00e9pondants dans la r\u00e9gion, soit +20% par rapport \u00e0 2021. Les villes qualifi\u00e9es sont 471, c&rsquo;est 58% de plus, toujours par rapport \u00e0 2021. \u00ab\u00a0Cette r\u00e9ussite montre la progression du v\u00e9lo du quotidien et l&rsquo;int\u00e9r\u00eat des cyclistes pour l&rsquo;am\u00e9lioration des conditions de circulation\u00a0\u00bb, se r\u00e9jouit le collectif.<\/p>\n<p lang=\"fr-FR\" style=\"margin-bottom: 0cm;\">\u00a0<\/p>\n<p lang=\"fr-FR\" style=\"margin-bottom: 0cm;\">Nicolas Chacun<\/p>\n<p>!function(f,b,e,v,n,t,s){if(f.fbq)return;n=f.fbq=function(){n.callMethod?<br \/>\nn.callMethod.apply(n,arguments):n.queue.push(arguments)};if(!f._fbq)f._fbq=n;<br \/>\nn.push=n;n.loaded=!0;n.version=&rsquo;2.0&prime;;n.queue=[];t=b.createElement(e);t.async=!0;<br \/>\nt.src=v;s=b.getElementsByTagName(e)[0];s.parentNode.insertBefore(t,s)}(window,<br \/>\ndocument,&rsquo;script&rsquo;,&rsquo;https:\/\/connect.facebook.net\/en_US\/fbevents.js&rsquo;);<br \/>\nfbq(&lsquo;init&rsquo;, &lsquo;278974969201861&rsquo;); \/\/ Insert your pixel ID here.<br \/>\nfbq(&lsquo;track&rsquo;, &lsquo;PageView&rsquo;);<\/p>\n","protected":false},"excerpt":{"rendered":"Ce sont les mots du Collectif V\u00e9lo \u00cele-de-France, qui milite en faveur de ce mode de d\u00e9placement doux.&hellip;\n","protected":false},"author":2,"featured_media":152025,"comment_status":"","ping_status":"","sticky":false,"template":"","format":"standard","meta":{"footnotes":""},"categories":[1592],"tags":[1111,11,1933,1936,1777,1939,674,1011,27,662,1934,12,1940,626,1935,25,1937,1941,1938],"class_list":{"0":"post-152024","1":"post","2":"type-post","3":"status-publish","4":"format-standard","5":"has-post-thumbnail","7":"category-ile-de-france","8":"tag-actu","9":"tag-actualites","10":"tag-actualites-locales","11":"tag-essonne","12":"tag-eu","13":"tag-eure-et-loir","14":"tag-europe","15":"tag-fr","16":"tag-france","17":"tag-ile-de-france","18":"tag-infos-locales","19":"tag-news","20":"tag-oise","21":"tag-paris","22":"tag-pres-de-chez-vous","23":"tag-republique-francaise","24":"tag-seine-et-marne","25":"tag-somme","26":"tag-yvelines"},"share_on_mastodon":{"url":"https:\/\/pubeurope.com\/@fr\/114626475071429465","error":""},"_links":{"self":[{"href":"https:\/\/www.europesays.com\/fr\/wp-json\/wp\/v2\/posts\/152024","targetHints":{"allow":["GET"]}}],"collection":[{"href":"https:\/\/www.europesays.com\/fr\/wp-json\/wp\/v2\/posts"}],"about":[{"href":"https:\/\/www.europesays.com\/fr\/wp-json\/wp\/v2\/types\/post"}],"author":[{"embeddable":true,"href":"https:\/\/www.europesays.com\/fr\/wp-json\/wp\/v2\/users\/2"}],"replies":[{"embeddable":true,"href":"https:\/\/www.europesays.com\/fr\/wp-json\/wp\/v2\/comments?post=152024"}],"version-history":[{"count":0,"href":"https:\/\/www.europesays.com\/fr\/wp-json\/wp\/v2\/posts\/152024\/revisions"}],"wp:featuredmedia":[{"embeddable":true,"href":"https:\/\/www.europesays.com\/fr\/wp-json\/wp\/v2\/media\/152025"}],"wp:attachment":[{"href":"https:\/\/www.europesays.com\/fr\/wp-json\/wp\/v2\/media?parent=152024"}],"wp:term":[{"taxonomy":"category","embeddable":true,"href":"https:\/\/www.europesays.com\/fr\/wp-json\/wp\/v2\/categories?post=152024"},{"taxonomy":"post_tag","embeddable":true,"href":"https:\/\/www.europesays.com\/fr\/wp-json\/wp\/v2\/tags?post=152024"}],"curies":[{"name":"wp","href":"https:\/\/api.w.org\/{rel}","templated":true}]}}