{"id":152026,"date":"2025-06-04T18:19:12","date_gmt":"2025-06-04T18:19:12","guid":{"rendered":"https:\/\/www.europesays.com\/fr\/152026\/"},"modified":"2025-06-04T18:19:12","modified_gmt":"2025-06-04T18:19:12","slug":"marche-des-fiertes-valerie-pecresse-et-la-region-ile-de-france-se-desolidarisent-de-laffiche-polemique","status":"publish","type":"post","link":"https:\/\/www.europesays.com\/fr\/152026\/","title":{"rendered":"Marche des Fiert\u00e9s : Val\u00e9rie P\u00e9cresse et la r\u00e9gion Ile-de-France se d\u00e9solidarisent de l\u2019affiche pol\u00e9mique"},"content":{"rendered":"<p>\tMarche des Fiert\u00e9s : Val\u00e9rie P\u00e9cresse et la r\u00e9gion Ile-de-France se d\u00e9solidarisent de l\u2019affiche pol\u00e9mique &#8211; Valeurs actuelles<\/p>\n<p><a href=\"https:\/\/www.valeursactuelles.com\/\" target=\"_blank\" rel=\"noopener\">Accueil<\/a> \u00bb <a href=\"https:\/\/www.valeursactuelles.com\/societe\" target=\"_blank\" rel=\"noopener\">Soci\u00e9t\u00e9<\/a> \u00bb Marche des Fiert\u00e9s : Val\u00e9rie P\u00e9cresse et la r\u00e9gion Ile-de-France se d\u00e9solidarisent de l\u2019affiche pol\u00e9mique<\/p>\n","protected":false},"excerpt":{"rendered":"Marche des Fiert\u00e9s : Val\u00e9rie P\u00e9cresse et la r\u00e9gion Ile-de-France se d\u00e9solidarisent de l\u2019affiche pol\u00e9mique &#8211; Valeurs actuelles&hellip;\n","protected":false},"author":2,"featured_media":152027,"comment_status":"","ping_status":"","sticky":false,"template":"","format":"standard","meta":{"footnotes":""},"categories":[1592],"tags":[1111,11,12340,1777,674,1011,27,662,9087,12,626,25,2328],"class_list":{"0":"post-152026","1":"post","2":"type-post","3":"status-publish","4":"format-standard","5":"has-post-thumbnail","7":"category-ile-de-france","8":"tag-actu","9":"tag-actualites","10":"tag-affiches","11":"tag-eu","12":"tag-europe","13":"tag-fr","14":"tag-france","15":"tag-ile-de-france","16":"tag-lgbt","17":"tag-news","18":"tag-paris","19":"tag-republique-francaise","20":"tag-valerie-pecresse"},"share_on_mastodon":{"url":"https:\/\/pubeurope.com\/@fr\/114626478963462076","error":""},"_links":{"self":[{"href":"https:\/\/www.europesays.com\/fr\/wp-json\/wp\/v2\/posts\/152026","targetHints":{"allow":["GET"]}}],"collection":[{"href":"https:\/\/www.europesays.com\/fr\/wp-json\/wp\/v2\/posts"}],"about":[{"href":"https:\/\/www.europesays.com\/fr\/wp-json\/wp\/v2\/types\/post"}],"author":[{"embeddable":true,"href":"https:\/\/www.europesays.com\/fr\/wp-json\/wp\/v2\/users\/2"}],"replies":[{"embeddable":true,"href":"https:\/\/www.europesays.com\/fr\/wp-json\/wp\/v2\/comments?post=152026"}],"version-history":[{"count":0,"href":"https:\/\/www.europesays.com\/fr\/wp-json\/wp\/v2\/posts\/152026\/revisions"}],"wp:featuredmedia":[{"embeddable":true,"href":"https:\/\/www.europesays.com\/fr\/wp-json\/wp\/v2\/media\/152027"}],"wp:attachment":[{"href":"https:\/\/www.europesays.com\/fr\/wp-json\/wp\/v2\/media?parent=152026"}],"wp:term":[{"taxonomy":"category","embeddable":true,"href":"https:\/\/www.europesays.com\/fr\/wp-json\/wp\/v2\/categories?post=152026"},{"taxonomy":"post_tag","embeddable":true,"href":"https:\/\/www.europesays.com\/fr\/wp-json\/wp\/v2\/tags?post=152026"}],"curies":[{"name":"wp","href":"https:\/\/api.w.org\/{rel}","templated":true}]}}