{"id":152040,"date":"2025-06-04T18:26:10","date_gmt":"2025-06-04T18:26:10","guid":{"rendered":"https:\/\/www.europesays.com\/fr\/152040\/"},"modified":"2025-06-04T18:26:10","modified_gmt":"2025-06-04T18:26:10","slug":"apres-la-decouverte-de-trois-fillettes-mortes-le-pere-est-activement-recherche","status":"publish","type":"post","link":"https:\/\/www.europesays.com\/fr\/152040\/","title":{"rendered":"apr\u00e8s la d\u00e9couverte de trois fillettes mortes, le p\u00e8re est activement recherch\u00e9"},"content":{"rendered":"<p class=\"article-p mdl\">Trois s\u0153urs, Olivia, Evelyn et Paityn Decker, \u00e2g\u00e9es de 5, 8 et 9 ans, ont \u00e9t\u00e9 retrouv\u00e9es mortes dans une camionnette abandonn\u00e9e pr\u00e8s d\u2019un camping \u00e0 Rock Island, dans le comt\u00e9 de Chelan. Elles avaient \u00e9t\u00e9 vues pour la derni\u00e8re fois vendredi 6 juin en rejoignant leur p\u00e8re, d\u00e9sormais principal suspect et recherch\u00e9 activement.<\/p>\n<p class=\"article-p mdl\">Leur m\u00e8re, inqui\u00e8te de leur absence, avait signal\u00e9 leur disparition vendredi soir, mais l&rsquo;alerte Amber n&rsquo;a pas \u00e9t\u00e9 d\u00e9clench\u00e9e imm\u00e9diatement, car le p\u00e8re avait encore des droits de garde. Ce n\u2019est que samedi 7 juin qu\u2019une alerte officielle a \u00e9t\u00e9 lanc\u00e9e. Le v\u00e9hicule du p\u00e8re, Travis Decker, a \u00e9t\u00e9 rep\u00e9r\u00e9 <strong>se dirigeant vers l\u2019ouest <\/strong>depuis Wenatchee, et la camionnette avec les corps des enfants a \u00e9t\u00e9 retrouv\u00e9e pr\u00e8s de Leavenworth.<\/p>\n<p class=\"article-p mdl\">Un mandat d\u2019arr\u00eat a \u00e9t\u00e9 \u00e9mis contre Travis Decker, 32 ans, pour trois meurtres au premier degr\u00e9 et un enl\u00e8vement. <strong>Ancien militaire<\/strong> sans domicile fixe, il vivrait dans sa voiture ou dans des motels et campings. Il mesure environ 1,72 m, a les cheveux noirs, les yeux marron, et aurait \u00e9t\u00e9 vu pour la derni\u00e8re fois v\u00eatu d\u2019une chemise claire et d\u2019un short fonc\u00e9. Les autorit\u00e9s demandent \u00e0 toute personne ayant des informations de contacter le 911.<\/p>\n<p>    La r\u00e9daction vous recommande<\/p>\n<p class=\"s-newsletter__title\">\n                L\u2019actualit\u00e9 par la r\u00e9daction de RTL dans votre bo\u00eete mail.\n            <\/p>\n<p class=\"s-newsletter__subtitle\">\n                Gr\u00e2ce \u00e0 votre compte RTL abonnez-vous \u00e0 la newsletter RTL info pour suivre toute l&rsquo;actualit\u00e9 au quotidien\n            <\/p>\n<p>\n                                    Lire la suite\n                                <\/p>\n","protected":false},"excerpt":{"rendered":"Trois s\u0153urs, Olivia, Evelyn et Paityn Decker, \u00e2g\u00e9es de 5, 8 et 9 ans, ont \u00e9t\u00e9 retrouv\u00e9es mortes&hellip;\n","protected":false},"author":2,"featured_media":152041,"comment_status":"","ping_status":"","sticky":false,"template":"","format":"standard","meta":{"footnotes":""},"categories":[1589],"tags":[11,1719,73,1866,107,28152,12,3306,1072,1864,1865,1863,308],"class_list":{"0":"post-152040","1":"post","2":"type-post","3":"status-publish","4":"format-standard","5":"has-post-thumbnail","7":"category-etats-unis","8":"tag-actualites","9":"tag-enfants","10":"tag-etats-unis","11":"tag-etats-unis-damerique","12":"tag-fil-info","13":"tag-meurtres","14":"tag-news","15":"tag-parents","16":"tag-police","17":"tag-united-states","18":"tag-united-states-of-america","19":"tag-us","20":"tag-usa"},"share_on_mastodon":{"url":"https:\/\/pubeurope.com\/@fr\/114626506719411431","error":""},"_links":{"self":[{"href":"https:\/\/www.europesays.com\/fr\/wp-json\/wp\/v2\/posts\/152040","targetHints":{"allow":["GET"]}}],"collection":[{"href":"https:\/\/www.europesays.com\/fr\/wp-json\/wp\/v2\/posts"}],"about":[{"href":"https:\/\/www.europesays.com\/fr\/wp-json\/wp\/v2\/types\/post"}],"author":[{"embeddable":true,"href":"https:\/\/www.europesays.com\/fr\/wp-json\/wp\/v2\/users\/2"}],"replies":[{"embeddable":true,"href":"https:\/\/www.europesays.com\/fr\/wp-json\/wp\/v2\/comments?post=152040"}],"version-history":[{"count":0,"href":"https:\/\/www.europesays.com\/fr\/wp-json\/wp\/v2\/posts\/152040\/revisions"}],"wp:featuredmedia":[{"embeddable":true,"href":"https:\/\/www.europesays.com\/fr\/wp-json\/wp\/v2\/media\/152041"}],"wp:attachment":[{"href":"https:\/\/www.europesays.com\/fr\/wp-json\/wp\/v2\/media?parent=152040"}],"wp:term":[{"taxonomy":"category","embeddable":true,"href":"https:\/\/www.europesays.com\/fr\/wp-json\/wp\/v2\/categories?post=152040"},{"taxonomy":"post_tag","embeddable":true,"href":"https:\/\/www.europesays.com\/fr\/wp-json\/wp\/v2\/tags?post=152040"}],"curies":[{"name":"wp","href":"https:\/\/api.w.org\/{rel}","templated":true}]}}