{"id":152046,"date":"2025-06-04T18:29:09","date_gmt":"2025-06-04T18:29:09","guid":{"rendered":"https:\/\/www.europesays.com\/fr\/152046\/"},"modified":"2025-06-04T18:29:09","modified_gmt":"2025-06-04T18:29:09","slug":"acier-terres-rares-defense-donald-trump-met-leurope-sous-pression","status":"publish","type":"post","link":"https:\/\/www.europesays.com\/fr\/152046\/","title":{"rendered":"Acier, terres rares, d\u00e9fense\u2026 Donald Trump met l\u2019Europe sous pression"},"content":{"rendered":"<p><strong>D\u00c9CRYPTAGE <\/strong>&#8211; Les surtaxes douani\u00e8res de 50\u00a0% sur l\u2019aluminium et l\u2019acier compliquent les n\u00e9gociations qui se poursuivaient \u00e0 Paris.<\/p>\n<p class=\"fig-paragraph\">Sur tous les fronts \u00e0 la fois, l\u2019Europe tente de r\u00e9sister \u00e0 la pression du bulldozer Trump. Au lendemain des nouvelles mesures punitives de Washington sur l\u2019<a href=\"http:\/\/www.lefigaro.fr\/conjoncture\/guerre-commerciale-trump-passe-a-50-la-surtaxe-sur-l-acier-et-l-aluminium-avant-des-negociations-a-paris-20250604\" data-fig-type=\"NewsFlash\" data-gtm-custom-categorie=\"navigation\" data-gtm-custom-action=\"crossclick\" data-gtm-custom-label=\"Contextuel\" data-gtm-event=\"customEventSPE\" data-fig-domain=\"LEFIGARO\" target=\"_blank\" rel=\"noopener\">acier et l\u2019aluminium<\/a>, les Vingt-Sept ont hauss\u00e9 le ton avec une mod\u00e9ration toute diplomatique. \u00ab\u00a0Soyons clairs. L\u2019augmentation de 25\u00a0% \u00e0 50\u00a0% des droits de douane sur l\u2019acier et l\u2019aluminium (confirm\u00e9e dans la nuit de mardi \u00e0 mercredi) compromet nos efforts en vue d\u2019une solution n\u00e9goci\u00e9e avec les \u00c9tats-Unis. Si les n\u00e9gociations en cours n\u2019aboutissent pas \u00e0 une solution \u00e9quitable, l\u2019Union europ\u00e9enne est pr\u00eate \u00e0 imposer des contre-mesures, qui incluront des r\u00e9ponses \u00e0 cette nouvelle hausse et qui seront mises en place le 14\u00a0juillet ou avant si n\u00e9cessaire\u00a0\u00bb, a assur\u00e9 Olof Gill, porte-parole de la Commission europ\u00e9enne pour le commerce.<\/p>\n<p class=\"fig-paragraph\">Le\u00a0<a href=\"http:\/\/www.lefigaro.fr\/international\/en-sept-ans-de-carriere-je-n-ai-jamais-vu-cela-donald-trump-etend-sa-guerre-aux-migrants-jusqu-aux-portes-des-tribunaux-20250604\" data-fig-type=\"Article\" data-gtm-custom-categorie=\"navigation\" data-gtm-custom-action=\"crossclick\" data-gtm-custom-label=\"Contextuel\" data-gtm-event=\"customEventSPE\" data-fig-domain=\"LEFIGARO\" target=\"_blank\" rel=\"noopener\">pr\u00e9sident am\u00e9ricain<\/a>\u00a0a publi\u00e9 un d\u00e9cret portant \u00e0 50\u00a0% les taxes douani\u00e8res sur les importations d\u2019acier et d\u2019aluminium aux \u00c9tats-Unis. Il justifie cette nouvelle hausse, qui suit une taxation de 25\u00a0%\u2026<\/p>\n<p class=\"fig-premium-paywall__infos\">\n        Cet article est r\u00e9serv\u00e9 aux abonn\u00e9s.        Il vous reste 85% \u00e0 d\u00e9couvrir.\n    <\/p>\n<p>                <img  data- alt=\"Le Figaro\" class=\"fig-img--complete fig-img\"\/><\/p>\n<p class=\"fig-premium-paywall__title\">Vente Flash<\/p>\n<p class=\"fig-premium-paywall__subtitle\">4,99\u20ac par mois pendant 12 mois. Sans engagement.<\/p>\n<p class=\"fig-premium-paywall__connect\">\n                D\u00e9j\u00e0 abonn\u00e9\u00a0?                <a class=\"fig-premium-paywall__connect-link\" href=\"https:\/\/connect.lefigaro.fr\/login?client=horizon_web&amp;type=main&amp;redirect_uri=https%3A%2F%2Fwww.lefigaro.fr%2Fconjoncture%2Facier-terres-rares-defense-donald-trump-met-l-europe-sous-pression-20250604\" data-js-gtm=\"{&quot;customCategorie&quot;: &quot;conversion&quot;, &quot;customAction&quot;: &quot;before_Landing_Connexion_paywall_auto&quot;, &quot;customLabel&quot;: &quot;bGVmaWdhcm8uZnJfXzFmMDQxMjU5LTcxMzUtNjYzOC1hZDIwLTlmNDcwZjg4MjVkN19fQXJ0aWNsZQ==_Acier, terres rares, d\u00e9fense\u2026 Donald Trump met l\u2019Europe sous pression_199&quot;, &quot;customIDSPE&quot;: &quot;bGVmaWdhcm8uZnJfXzFmMDQxMjU5LTcxMzUtNjYzOC1hZDIwLTlmNDcwZjg4MjVkN19fQXJ0aWNsZQ==&quot;, &quot;event&quot;: &quot;customEventSPE&quot;}\" target=\"_blank\" rel=\"noopener\"><br \/>\n                    Connectez-vous<br \/>\n                <\/a>\n            <\/p>\n","protected":false},"excerpt":{"rendered":"D\u00c9CRYPTAGE &#8211; Les surtaxes douani\u00e8res de 50\u00a0% sur l\u2019aluminium et l\u2019acier compliquent les n\u00e9gociations qui se poursuivaient \u00e0&hellip;\n","protected":false},"author":2,"featured_media":152047,"comment_status":"","ping_status":"","sticky":false,"template":"","format":"standard","meta":{"footnotes":""},"categories":[1586],"tags":[7662,339,11,21999,340,343,345,350,130,344,352,349,75,981,33,341,313,1777,674,1011,27,346,342,353,351,347,12,348,25,354],"class_list":{"0":"post-152046","1":"post","2":"type-post","3":"status-publish","4":"format-standard","5":"has-post-thumbnail","7":"category-europe","8":"tag-acier","9":"tag-actualite-economique","10":"tag-actualites","11":"tag-aluminium","12":"tag-bourse","13":"tag-cac-40","14":"tag-chef-dentreprise","15":"tag-concurrence","16":"tag-consommation","17":"tag-creation-dentreprise","18":"tag-crise","19":"tag-delocalisations","20":"tag-donald-trump","21":"tag-douane","22":"tag-economie","23":"tag-emploi","24":"tag-entreprises","25":"tag-eu","26":"tag-europe","27":"tag-fr","28":"tag-france","29":"tag-grands-patrons","30":"tag-impots","31":"tag-licenciements","32":"tag-monopole","33":"tag-multinationales","34":"tag-news","35":"tag-privatisation","36":"tag-republique-francaise","37":"tag-unio"},"share_on_mastodon":{"url":"https:\/\/pubeurope.com\/@fr\/114626518250443726","error":""},"_links":{"self":[{"href":"https:\/\/www.europesays.com\/fr\/wp-json\/wp\/v2\/posts\/152046","targetHints":{"allow":["GET"]}}],"collection":[{"href":"https:\/\/www.europesays.com\/fr\/wp-json\/wp\/v2\/posts"}],"about":[{"href":"https:\/\/www.europesays.com\/fr\/wp-json\/wp\/v2\/types\/post"}],"author":[{"embeddable":true,"href":"https:\/\/www.europesays.com\/fr\/wp-json\/wp\/v2\/users\/2"}],"replies":[{"embeddable":true,"href":"https:\/\/www.europesays.com\/fr\/wp-json\/wp\/v2\/comments?post=152046"}],"version-history":[{"count":0,"href":"https:\/\/www.europesays.com\/fr\/wp-json\/wp\/v2\/posts\/152046\/revisions"}],"wp:featuredmedia":[{"embeddable":true,"href":"https:\/\/www.europesays.com\/fr\/wp-json\/wp\/v2\/media\/152047"}],"wp:attachment":[{"href":"https:\/\/www.europesays.com\/fr\/wp-json\/wp\/v2\/media?parent=152046"}],"wp:term":[{"taxonomy":"category","embeddable":true,"href":"https:\/\/www.europesays.com\/fr\/wp-json\/wp\/v2\/categories?post=152046"},{"taxonomy":"post_tag","embeddable":true,"href":"https:\/\/www.europesays.com\/fr\/wp-json\/wp\/v2\/tags?post=152046"}],"curies":[{"name":"wp","href":"https:\/\/api.w.org\/{rel}","templated":true}]}}