{"id":152052,"date":"2025-06-04T18:32:15","date_gmt":"2025-06-04T18:32:15","guid":{"rendered":"https:\/\/www.europesays.com\/fr\/152052\/"},"modified":"2025-06-04T18:32:15","modified_gmt":"2025-06-04T18:32:15","slug":"la-motion-de-censure-de-lfi-largement-rejetee-a-lassemblee","status":"publish","type":"post","link":"https:\/\/www.europesays.com\/fr\/152052\/","title":{"rendered":"La motion de censure de LFI largement rejet\u00e9e \u00e0 l\u2019Assembl\u00e9e"},"content":{"rendered":"<p>        <img decoding=\"async\" loading=\"lazy\" src=\"https:\/\/www.europesays.com\/fr\/wp-content\/uploads\/2025\/06\/9b38800_1732808617364-000-36ll3c4.jpg\"  width=\"728\" height=\"409\" alt=\"La pr\u00e9sidente du gorupe LFI \u00e0 l\u2019Assembl\u00e9e, Mathilde Panot, photographi\u00e9e dans l\u2019h\u00e9micycle le 5\u00a0novembre 2024\u00a0\"\/>  <\/p>\n<p>THOMAS SAMSON \/ AFP<\/p>\n<p>La pr\u00e9sidente du gorupe LFI \u00e0 l\u2019Assembl\u00e9e, Mathilde Panot, photographi\u00e9e dans l\u2019h\u00e9micycle le 5\u00a0novembre 2024\u00a0<\/p>\n<p class=\"asset asset-text\">POLITIQUE &#8211; Il s\u2019agissait de d\u00e9noncer le coup de force et tactique du socle commun sur la loi Duplomb. Il n\u2019en sera rien. Les d\u00e9put\u00e9s ont rejet\u00e9 \u00e0 une large majorit\u00e9 ce mercredi 4\u00a0juin, la motion de censure d\u00e9pos\u00e9e par <a href=\"https:\/\/www.huffingtonpost.fr\/politique\/article\/une-motion-de-censure-contre-francois-bayrou-deposee-par-lfi-apres-l-imbroglio-autour-de-la-loi-duplomb_250609.html\" rel=\"nofollow noopener\" target=\"_blank\">La France insoumise<\/a> et deux \u00e9lus \u00e9cologistes pour faire chuter le gouvernement de <a href=\"https:\/\/www.huffingtonpost.fr\/politique\/article\/marine-le-pen-menace-francois-bayrou-a-quelques-jours-d-une-motion-de-censure_250690.html\" rel=\"nofollow noopener\" target=\"_blank\">Fran\u00e7ois Bayrou<\/a>. La motion de censure n\u2019a r\u00e9colt\u00e9 que 116 voix sur les 289 n\u00e9cessaires pour renverser le Premier ministre.<\/p>\n<p class=\"asset asset-text\">Elle avait, de toute fa\u00e7on, peu de chance d\u2019aboutir, les socialistes ayant annonc\u00e9 qu\u2019ils ne la voteraient pas. \u00ab\u00a0Ce que je souhaite c\u2019est que nous focalisions notre attention sur la question des retraites\u00a0\u00bb, avait d\u00e9clar\u00e9 mardi matin le premier secr\u00e9taire Olivier Faure. M\u00eame consigne chez <a href=\"https:\/\/www.huffingtonpost.fr\/politique\/article\/plusieurs-deputes-rn-reperes-dans-un-groupe-facebook-aux-propos-racistes-et-homophobes-revele-les-jours_250873.html\" rel=\"nofollow noopener\" target=\"_blank\">les \u00e9lus RN<\/a> qui y voyaient une man\u0153uvre \u00ab\u00a0politicienne et non au b\u00e9n\u00e9fice des Fran\u00e7ais\u00a0\u00bb.<\/p>\n<p class=\"asset asset-text\">Face au texte de loi agricole, portant notamment une mesure de r\u00e9introduction \u00e0 titre d\u00e9rogatoire d\u2019un pesticide n\u00e9onicotino\u00efde, plus de 2\u00a0000\u00a0amendements venus des \u00e9cologistes et de la gauche ont \u00e9t\u00e9 d\u00e9pos\u00e9s. R\u00e9sultat, le d\u00e9put\u00e9 LR Julien Dive a d\u00e9pos\u00e9 une motion de rejet, adopt\u00e9e, et qui a permis au socle commun de sauver la loi Duplomb en la renvoyant directement en commission mixte paritaire.<\/p>\n<p> La lecture de ce contenu est susceptible d\u2019entra\u00eener un d\u00e9p\u00f4t de cookies de la part de l\u2019op\u00e9rateur tiers qui l\u2019h\u00e9berge. Compte-tenu des choix que vous avez exprim\u00e9s en mati\u00e8re de d\u00e9p\u00f4t de cookies, nous avons bloqu\u00e9 l\u2019affichage de ce contenu. Si vous souhaitez y acc\u00e9der, vous devez accepter la cat\u00e9gorie de cookies \u201cContenus tiers\u201d en cliquant sur le bouton ci-dessous. <\/p>\n<p> Lire la Vid\u00e9o        <\/p>\n<p class=\"asset asset-text\">L\u2019examen de la motion a toutefois \u00e9t\u00e9 marqu\u00e9 par quelques motions de tensions, et notamment d\u2019un rappel \u00e0 l\u2019ordre de Ya\u00ebl Braun-Pivet \u00e0 l\u2019\u00e9gard d\u2019une d\u00e9put\u00e9e de gauche. \u00ab\u00a0Vous n\u2019\u00eates pas d\u2019accord vous n\u2019avez pas \u00e0 hurler\u00a0\u00bb, a s\u00e8chement rappel\u00e9 la tenante du perchoir. Plusieurs d\u00e9put\u00e9s ont d\u00e9plor\u00e9 \u00e0 la tribune une motion de censure visant le Parlement et non le gouvernement.<\/p>\n<p class=\"asset asset-text\">\u00ab\u00a0Le gouvernement n\u2019est pas \u00e0 l\u2019origine de ce texte. Il n\u2019est pas \u00e0 l\u2019origine de son adoption. Il n\u2019est pas \u00e0 l\u2019origine de la motion de rejet, mais il est coupable\u00a0\u00bb, a ironis\u00e9 depuis la tribune Fran\u00e7ois Bayrou, estimant que \u00ab\u00a0c\u2019est la premi\u00e8re fois que l\u2019Assembl\u00e9e nationale est invit\u00e9e \u00e0 voter contre l\u2019Assembl\u00e9e nationale\u00a0\u00bb.<\/p>\n","protected":false},"excerpt":{"rendered":"THOMAS SAMSON \/ AFP La pr\u00e9sidente du gorupe LFI \u00e0 l\u2019Assembl\u00e9e, Mathilde Panot, photographi\u00e9e dans l\u2019h\u00e9micycle le 5\u00a0novembre&hellip;\n","protected":false},"author":2,"featured_media":152053,"comment_status":"","ping_status":"","sticky":false,"template":"","format":"standard","meta":{"footnotes":""},"categories":[2],"tags":[11,416,1011,27,1023,26542,12,316,25],"class_list":{"0":"post-152052","1":"post","2":"type-post","3":"status-publish","4":"format-standard","5":"has-post-thumbnail","7":"category-actualites","8":"tag-actualites","9":"tag-assemblee-nationale","10":"tag-fr","11":"tag-france","12":"tag-la-france-insoumise-lfi","13":"tag-motion-de-censure","14":"tag-news","15":"tag-politique","16":"tag-republique-francaise"},"share_on_mastodon":{"url":"https:\/\/pubeurope.com\/@fr\/114626530273956347","error":""},"_links":{"self":[{"href":"https:\/\/www.europesays.com\/fr\/wp-json\/wp\/v2\/posts\/152052","targetHints":{"allow":["GET"]}}],"collection":[{"href":"https:\/\/www.europesays.com\/fr\/wp-json\/wp\/v2\/posts"}],"about":[{"href":"https:\/\/www.europesays.com\/fr\/wp-json\/wp\/v2\/types\/post"}],"author":[{"embeddable":true,"href":"https:\/\/www.europesays.com\/fr\/wp-json\/wp\/v2\/users\/2"}],"replies":[{"embeddable":true,"href":"https:\/\/www.europesays.com\/fr\/wp-json\/wp\/v2\/comments?post=152052"}],"version-history":[{"count":0,"href":"https:\/\/www.europesays.com\/fr\/wp-json\/wp\/v2\/posts\/152052\/revisions"}],"wp:featuredmedia":[{"embeddable":true,"href":"https:\/\/www.europesays.com\/fr\/wp-json\/wp\/v2\/media\/152053"}],"wp:attachment":[{"href":"https:\/\/www.europesays.com\/fr\/wp-json\/wp\/v2\/media?parent=152052"}],"wp:term":[{"taxonomy":"category","embeddable":true,"href":"https:\/\/www.europesays.com\/fr\/wp-json\/wp\/v2\/categories?post=152052"},{"taxonomy":"post_tag","embeddable":true,"href":"https:\/\/www.europesays.com\/fr\/wp-json\/wp\/v2\/tags?post=152052"}],"curies":[{"name":"wp","href":"https:\/\/api.w.org\/{rel}","templated":true}]}}