{"id":152054,"date":"2025-06-04T18:33:14","date_gmt":"2025-06-04T18:33:14","guid":{"rendered":"https:\/\/www.europesays.com\/fr\/152054\/"},"modified":"2025-06-04T18:33:14","modified_gmt":"2025-06-04T18:33:14","slug":"les-coequipiers-de-mbappe-en-equipe-de-france-ne-veulent-pas-se-le-mettre-a-dos-deplore-rothen","status":"publish","type":"post","link":"https:\/\/www.europesays.com\/fr\/152054\/","title":{"rendered":"\u00ab\u00a0Les co\u00e9quipiers de Mbapp\u00e9 en \u00e9quipe de France ne veulent pas se le mettre \u00e0 dos\u00a0\u00bb, d\u00e9plore Rothen"},"content":{"rendered":"<p>Dans son \u00e9mission Rothen s&rsquo;enflamme sur RMC, J\u00e9r\u00f4me Rothen a expliqu\u00e9 pourquoi selon lui certains Bleus n&rsquo;osent pas se positionner entre Kylian Mbapp\u00e9 et Ousmane Demb\u00e9l\u00e9 pour le Ballon d&rsquo;or.<\/p>\n<p>Cette fois, il a pris position. Sans chercher \u00e0 botter en touche. Pr\u00e9sent en conf\u00e9rence de presse ce mercredi \u00e0 la veille de d\u00e9fier l\u2019Espagne (jeudi, 21h) en demi-finale de la Ligue des nations, <a href=\"https:\/\/rmcsport.bfmtv.com\/football\/didier-deschamps_DN-202108310503.html\" title=\"Didier Deschamps\" class=\"internal_link\" target=\"_blank\" rel=\"noopener\">Didier Deschamps<\/a> a apport\u00e9 son soutien \u00e0 <a href=\"https:\/\/rmcsport.bfmtv.com\/football\/ousmane-dembele_DN-202210100814.html\" title=\"Ousmane Demb\u00e9l\u00e9\" class=\"internal_link\" target=\"_blank\" rel=\"noopener\">Ousmane Demb\u00e9l\u00e9<\/a> dans la course au Ballon d\u2019or.<\/p>\n<p>\u00ab\u00a0\u00c9videmment qu&rsquo;Ousmane, avec la saison qu&rsquo;il r\u00e9alise, le m\u00e9rite. C&rsquo;est tout le mal que je lui souhaite\u00a0\u00bb, a appuy\u00e9 le s\u00e9lectionneur, alors qu\u2019il avait eu bien plus de mal \u00e0 trancher entre le Parisien, Kylian Mbapp\u00e9 ou encore Lamine Yamal en d\u00e9but de semaine. Pour Demb\u00e9l\u00e9, le soutien est aussi venu d\u2019Ibrahima Konat\u00e9, convaincu que son partenaire en s\u00e9lection est le grand favori pour le Ballon d\u2019or, l\u00e0 o\u00f9 <a href=\"https:\/\/rmcsport.bfmtv.com\/football\/ballon-d-or\/le-ballon-d-or-cherki-met-dembele-et-mbappe-dos-a-dos-dans-le-course-au-trophee_AV-202506020591.html\" title=\"Le Ballon d&#039;or? Cherki met Demb\u00e9l\u00e9 et Mbapp\u00e9 dos \u00e0 dos dans le course au troph\u00e9e\" class=\"internal_link\" target=\"_blank\" rel=\"noopener\">Rayan Cherki et Manu Kon\u00e9<\/a> avaient avant lui plac\u00e9 Mbapp\u00e9 au m\u00eame niveau.<\/p>\n<p><img decoding=\"async\" src=\"https:\/\/www.europesays.com\/fr\/wp-content\/uploads\/2025\/06\/principale-89_5.jpg\"  alt=\"Rothen s'enflamme du 4 juin \u2013 18h\/19h\" title=\"Rothen s'enflamme du 4 juin \u2013 18h\/19h\"\/>Rothen s&rsquo;enflamme du 4 juin \u2013 18h\/19h<\/p>\n<p>En tant que capitaine des Bleus, le Madril\u00e8ne aurait pu s\u2019exprimer \u00e0 ce sujet ce mercredi lors de la traditionnelle conf\u00e9rence de presse d\u2019avant-match, mais c\u2019est donc Konat\u00e9 qui est venu r\u00e9pondre aux questions des journalistes. Une d\u00e9ception pour J\u00e9r\u00f4me Rothen, qui aurait aim\u00e9 entendre l\u2019ancien Parisien.<\/p>\n<p>\u00ab\u00a0Il n&rsquo;assume pas\u00a0\u00bb<\/p>\n<p>\u00ab\u00a0En \u00e9quipe de France, ses co\u00e9quipiers ne veulent pas se le mettre \u00e0 dos. On sait tr\u00e8s bien que les r\u00e9actions peuvent \u00eatre tr\u00e8s dures de la part de Mbapp\u00e9. Il a un tel poids en \u00e9quipe de France. Parfois, \u00e7a ne me pose pas de probl\u00e8mes quand il ne vient pas en conf\u00e9rence de presse, apr\u00e8s avoir beaucoup parl\u00e9\u00a0\u00bb, a r\u00e9agi notre consultant dans <a href=\"https:\/\/x.com\/Rothensenflamme\" target=\"_blank\" class=\"external_link\">son \u00e9mission Rothen s\u2019enflamme<\/a>.<\/p>\n<p>\u00ab\u00a0Mais l\u00e0 il n\u2019est pas venu parce qu\u2019il savait qu\u2019il aurait \u00e9t\u00e9 questionn\u00e9 sur le sacre europ\u00e9en du PSG. Il n\u2019aurait pas pu cacher sa frustration. Il n\u2019assume pas. Il aurait pu venir et dire: \u2018J\u2019ai pass\u00e9 des ann\u00e9es fantastiques au PSG, la fin me laisse un go\u00fbt amer, je suis responsable comme le club, et l\u00e0 je suis un peu frustr\u00e9 de voir qu\u2019ils ont gagn\u00e9 la Ligue des champions.\u2019 Il aurait pu l\u2019expliquer. \u00c0 c\u00f4t\u00e9 de \u00e7a, il aurait \u00e9t\u00e9 interrog\u00e9 sur le Ballon d\u2019or. Il doit \u00eatre tr\u00e8s heureux de voir Ousmane (Demb\u00e9l\u00e9) performer comme \u00e7a. Mais son r\u00eave reste le Ballon d\u2019or\u00a0\u00bb, a-t-il \u00e9tay\u00e9.<\/p>\n<p>Concurrents pour le Ballon d\u2019or, Demb\u00e9l\u00e9 et Mbapp\u00e9 sont tous les deux attendus dans le onze de d\u00e9part de la France pour le choc contre l\u2019Espagne \u00e0 Stuttgart.<\/p>\n","protected":false},"excerpt":{"rendered":"Dans son \u00e9mission Rothen s&rsquo;enflamme sur RMC, J\u00e9r\u00f4me Rothen a expliqu\u00e9 pourquoi selon lui certains Bleus n&rsquo;osent pas&hellip;\n","protected":false},"author":2,"featured_media":152055,"comment_status":"","ping_status":"","sticky":false,"template":"","format":"standard","meta":{"footnotes":""},"categories":[4],"tags":[11,1011,27,12,25],"class_list":{"0":"post-152054","1":"post","2":"type-post","3":"status-publish","4":"format-standard","5":"has-post-thumbnail","7":"category-france","8":"tag-actualites","9":"tag-fr","10":"tag-france","11":"tag-news","12":"tag-republique-francaise"},"share_on_mastodon":{"url":"https:\/\/pubeurope.com\/@fr\/114626534210244647","error":""},"_links":{"self":[{"href":"https:\/\/www.europesays.com\/fr\/wp-json\/wp\/v2\/posts\/152054","targetHints":{"allow":["GET"]}}],"collection":[{"href":"https:\/\/www.europesays.com\/fr\/wp-json\/wp\/v2\/posts"}],"about":[{"href":"https:\/\/www.europesays.com\/fr\/wp-json\/wp\/v2\/types\/post"}],"author":[{"embeddable":true,"href":"https:\/\/www.europesays.com\/fr\/wp-json\/wp\/v2\/users\/2"}],"replies":[{"embeddable":true,"href":"https:\/\/www.europesays.com\/fr\/wp-json\/wp\/v2\/comments?post=152054"}],"version-history":[{"count":0,"href":"https:\/\/www.europesays.com\/fr\/wp-json\/wp\/v2\/posts\/152054\/revisions"}],"wp:featuredmedia":[{"embeddable":true,"href":"https:\/\/www.europesays.com\/fr\/wp-json\/wp\/v2\/media\/152055"}],"wp:attachment":[{"href":"https:\/\/www.europesays.com\/fr\/wp-json\/wp\/v2\/media?parent=152054"}],"wp:term":[{"taxonomy":"category","embeddable":true,"href":"https:\/\/www.europesays.com\/fr\/wp-json\/wp\/v2\/categories?post=152054"},{"taxonomy":"post_tag","embeddable":true,"href":"https:\/\/www.europesays.com\/fr\/wp-json\/wp\/v2\/tags?post=152054"}],"curies":[{"name":"wp","href":"https:\/\/api.w.org\/{rel}","templated":true}]}}