{"id":152056,"date":"2025-06-04T18:34:15","date_gmt":"2025-06-04T18:34:15","guid":{"rendered":"https:\/\/www.europesays.com\/fr\/152056\/"},"modified":"2025-06-04T18:34:15","modified_gmt":"2025-06-04T18:34:15","slug":"rory-mcilroy-brise-le-silence","status":"publish","type":"post","link":"https:\/\/www.europesays.com\/fr\/152056\/","title":{"rendered":"Rory McIlroy brise le silence"},"content":{"rendered":"<p>\t\t\t\t\t\t<img width=\"770\" height=\"559\" src=\"https:\/\/www.europesays.com\/fr\/wp-content\/uploads\/2025\/06\/afp__20250604__2217962501__v2__preview__rbccanadianopen2025previews-770x559.jpg\" class=\"img-responsive wp-post-image\" alt=\"Photo by Vaughn Ridley \/ GETTY IMAGES NORTH AMERICA \/ Getty Images via AFP\" decoding=\"async\" fetchpriority=\"high\"  \/>\t\t\t\t\t<\/p>\n<p>\t\t\t\t\t\t Partager cet article <\/p>\n<p class=\"screen-reader-text juiz_sps_maybe_hidden_text\">Partager la publication \u00ab\u00a0Rory McIlroy brise le silence\u00a0\u00bb<\/p>\n<p><strong>Rory McIlroy a expliqu\u00e9 que sa d\u00e9cision de ne pas parler aux m\u00e9dias au PGA Championship \u00e9tait li\u00e9e \u00e0 la fuite d\u2019informations confidentielles sur son driver non conforme et \u00e0 une semaine \u00e9prouvante, tout en soulignant la complexit\u00e9 de la relation entre joueurs et m\u00e9dias.<\/strong><\/p>\n<p>\u00a0<\/p>\n<p><strong>Rory McIlroy<\/strong> a rompu le silence pour expliquer pourquoi il avait arr\u00eat\u00e9 de s\u2019adresser aux m\u00e9dias lors du <strong>PGA Championship<\/strong>, une d\u00e9cision qui a surpris beaucoup de fans et journalistes.<\/p>\n<p>Le champion nord-irlandais a r\u00e9v\u00e9l\u00e9 qu\u2019il avait notamment \u00e9t\u00e9 \u00ab un peu \u00e9nerv\u00e9 \u00bb apr\u00e8s que des informations confidentielles concernant son driver, d\u00e9clar\u00e9 non conforme lors des contr\u00f4les avant le tournoi, aient \u00e9t\u00e9 divulgu\u00e9es par deux journalistes.<\/p>\n<blockquote><p>\nJ\u2019essayais de prot\u00e9ger Scottie.\n<\/p><\/blockquote>\n<p>\u00ab Je savais que le driver de Scottie [Scheffler] avait aussi \u00e9chou\u00e9 au test lundi, mais c\u2019est mon nom qui a fuit\u00e9, a-t-il d\u00e9clar\u00e9 lors d\u2019une conf\u00e9rence de presse avant le <strong>RBC Canadian Open <\/strong>\u00e0 Toronto. Encore une fois, je ne voulais pas prendre la parole et dire quelque chose que je regretterais, car il y a beaucoup de gens qui\u2026 J\u2019essayais de prot\u00e9ger Scottie\u2026 Je ne voulais pas mentionner son nom. J\u2019essayais de prot\u00e9ger TaylorMade. J\u2019essayais de prot\u00e9ger l\u2019USGA, la PGA of America et moi-m\u00eame.\u00a0\u00bb<\/p>\n<p>\t\t\t\t<img loading=\"lazy\" decoding=\"async\" src=\"data:image\/svg+xml,%3Csvg%20xmlns=\" http:=\"\" attributionsrc=\"\" border=\"0\" height=\"1\" width=\"1\" alt=\"Advertisement\" data-lazy-src=\"https:\/\/www.europesays.com\/fr\/wp-content\/uploads\/2025\/04\/B33178636.417292846;dc_trk_aid=609417617;dc_trk_cid=231808802;ord=[timestamp];dc_lat=;dc_rdid=;tag_f.gif\"\/><\/p>\n<p>\t\t\t\t\t<a id=\"169027\" href=\"https:\/\/ad.doubleclick.net\/ddm\/trackclk\/N1153799.3770024GOLFPLANATE\/B33178636.417292846;dc_trk_aid=609417617;dc_trk_cid=231808802;dc_lat=;dc_rdid=;tag_for_child_directed_treatment=;tfua=;gdpr=${GDPR};gdpr_consent=${GDPR_CONSENT_755};ltd=;dc_tdv=1\" target=\"_blank\" rel=\"sponsorised nofollow noopener\"><img decoding=\"async\" src=\"data:image\/svg+xml,%3Csvg%20xmlns=\" http:=\"\" class=\"img-responsive\" alt=\"\" data-lazy-src=\"https:\/\/www.europesays.com\/fr\/wp-content\/uploads\/2025\/04\/srixon-e09-balles-ultisoft-1170x275-1.jpg\"\/><\/a><\/p>\n<p>Un peu plus t\u00f4t dans la journ\u00e9e, il avait eu une interaction sympathique avec un jeune spectateur auquel il a dit qu\u2019il avait mis \u00ab un peu plus de temps \u00bb \u00e0 avoir une veste verte :<\/p>\n<p>\u00a0<\/p>\n<blockquote class=\"twitter-tweet\">\n<p dir=\"ltr\" lang=\"en\">\u00ab\u00a0It took me a little longer to get one of those.\u00a0\u00bb \u2013 <a href=\"https:\/\/twitter.com\/McIlroyRory?ref_src=twsrc%5Etfw\" rel=\"nofollow noopener\" target=\"_blank\">@McIlroyRory<\/a>.<\/p>\n<p>A heartwarming fan interaction to start your day \ud83d\udc99 <a href=\"https:\/\/t.co\/z2UTElmMbD\" rel=\"nofollow\">pic.twitter.com\/z2UTElmMbD<\/a><\/p>\n<p>\u2014 RBC Canadian Open (@RBCCanadianOpen) <a href=\"https:\/\/twitter.com\/RBCCanadianOpen\/status\/1930268316850938097?ref_src=twsrc%5Etfw\" rel=\"nofollow noopener\" target=\"_blank\">June 4, 2025<\/a><\/p>\n<\/blockquote>\n<p>\u00a0<\/p>\n<p>Rory McIlroy a ajout\u00e9 que cette semaine au PGA Championship avait \u00e9t\u00e9 \u00ab bizarre \u00bb pour lui, marqu\u00e9e par des retards de d\u00e9part et une fatigue importante, ce qui l\u2019a pouss\u00e9 \u00e0 vouloir simplement rentrer chez lui plut\u00f4t que de r\u00e9pondre aux questions.<\/p>\n<p>\u00a0<\/p>\n<p>Une relation complexe avec les m\u00e9dias<\/p>\n<p>\u00ab Je n\u2019ai pas bien jou\u00e9 le premier jour, alors j\u2019ai voulu aller m\u2019entra\u00eener, a-t-il ajout\u00e9. Le deuxi\u00e8me jour, nous avons fini tard. Je voulais rentrer voir Poppy avant qu\u2019elle aille se coucher. L\u2019annonce concernant le driver a \u00e9t\u00e9 faite. Je ne voulais pas vraiment en parler\u2026 Samedi, j\u2019\u00e9tais cens\u00e9 commencer \u00e0 8h20, mais je n\u2019ai d\u00e9but\u00e9 qu\u2019\u00e0 pratiquement 14 heures. C\u2019\u00e9tait une longue journ\u00e9e, j\u2019\u00e9tais fatigu\u00e9 et je voulais rentrer \u00e0 la maison. Dimanche, je voulais juste prendre l\u2019avion pour retourner en Floride. \u00bb<\/p>\n<p>\t\t\t\t<img loading=\"lazy\" decoding=\"async\" src=\"data:image\/svg+xml,%3Csvg%20xmlns=\" http:=\"\" attributionsrc=\"\" border=\"0\" height=\"1\" width=\"1\" alt=\"Advertisement\" data-lazy-src=\"https:\/\/www.europesays.com\/fr\/wp-content\/uploads\/2025\/06\/B33661776.421948095;dc_trk_aid=614321628;dc_trk_cid=235413172;ord=[timestamp];dc_lat=;dc_rdid=;tag_f.gif\"\/><\/p>\n<p>\t\t\t\t\t<a id=\"174697\" href=\"https:\/\/ad.doubleclick.net\/ddm\/trackclk\/N6600.3770024GOLFPLANATE\/B33661776.421948095;dc_trk_aid=614321628;dc_trk_cid=235413172;dc_lat=;dc_rdid=;tag_for_child_directed_treatment=;tfua=;gdpr=${GDPR};gdpr_consent=${GDPR_CONSENT_755};ltd=;dc_tdv=1\" target=\"_blank\" rel=\"sponsorised nofollow noopener\"><img decoding=\"async\" src=\"data:image\/svg+xml,%3Csvg%20xmlns=\" http:=\"\" class=\"img-responsive\" alt=\"\" data-lazy-src=\"https:\/\/www.europesays.com\/fr\/wp-content\/uploads\/2025\/06\/amundi-e01-retraite-2506-1170x275-1.jpg\"\/><\/a><\/p>\n<p>Le num\u00e9ro deux mondial a reconnu l\u2019importance des m\u00e9dias tout en soulignant que les joueurs pourraient tr\u00e8s bien choisir de communiquer uniquement sur les r\u00e9seaux sociaux, s\u2019ils le souhaitaient. \u00ab Je comprends que ce n\u2019est pas id\u00e9al pour vous, mais il faut que ce soit une rue \u00e0 double sens. On parle souvent avec vous, mais parfois on choisit de ne pas le faire, et c\u2019est notre droit. \u00bb<\/p>\n<p>\u00a0<\/p>\n<blockquote class=\"twitter-tweet\" data-media-max-width=\"560\">\n<p dir=\"ltr\" lang=\"en\">Rory\u2019s full remarks on not talking at PGA as well as the failed driver test. <a href=\"https:\/\/t.co\/PzKAUELmi9\" rel=\"nofollow\">pic.twitter.com\/PzKAUELmi9<\/a><\/p>\n<p>\u2014 Kyle Porter (@KylePorterNS) <a href=\"https:\/\/twitter.com\/KylePorterNS\/status\/1930288220580856164?ref_src=twsrc%5Etfw\" rel=\"nofollow noopener\" target=\"_blank\">June 4, 2025<\/a><\/p>\n<\/blockquote>\n<p>\u00a0<\/p>\n<p>Photo\u00a0: Vaughn Ridley \/ Getty Images via AFP<\/p>\n<p>\t\t\t<script async src=\"https:\/\/platform.twitter.com\/widgets.js\" charset=\"utf-8\"><\/script><\/p>\n","protected":false},"excerpt":{"rendered":"Partager cet article Partager la publication \u00ab\u00a0Rory McIlroy brise le silence\u00a0\u00bb Rory McIlroy a expliqu\u00e9 que sa d\u00e9cision&hellip;\n","protected":false},"author":2,"featured_media":152057,"comment_status":"","ping_status":"","sticky":false,"template":"","format":"standard","meta":{"footnotes":""},"categories":[1418],"tags":[1011,27,1472,60],"class_list":{"0":"post-152056","1":"post","2":"type-post","3":"status-publish","4":"format-standard","5":"has-post-thumbnail","7":"category-golf","8":"tag-fr","9":"tag-france","10":"tag-golf","11":"tag-sports"},"share_on_mastodon":{"url":"https:\/\/pubeurope.com\/@fr\/114626538111393203","error":""},"_links":{"self":[{"href":"https:\/\/www.europesays.com\/fr\/wp-json\/wp\/v2\/posts\/152056","targetHints":{"allow":["GET"]}}],"collection":[{"href":"https:\/\/www.europesays.com\/fr\/wp-json\/wp\/v2\/posts"}],"about":[{"href":"https:\/\/www.europesays.com\/fr\/wp-json\/wp\/v2\/types\/post"}],"author":[{"embeddable":true,"href":"https:\/\/www.europesays.com\/fr\/wp-json\/wp\/v2\/users\/2"}],"replies":[{"embeddable":true,"href":"https:\/\/www.europesays.com\/fr\/wp-json\/wp\/v2\/comments?post=152056"}],"version-history":[{"count":0,"href":"https:\/\/www.europesays.com\/fr\/wp-json\/wp\/v2\/posts\/152056\/revisions"}],"wp:featuredmedia":[{"embeddable":true,"href":"https:\/\/www.europesays.com\/fr\/wp-json\/wp\/v2\/media\/152057"}],"wp:attachment":[{"href":"https:\/\/www.europesays.com\/fr\/wp-json\/wp\/v2\/media?parent=152056"}],"wp:term":[{"taxonomy":"category","embeddable":true,"href":"https:\/\/www.europesays.com\/fr\/wp-json\/wp\/v2\/categories?post=152056"},{"taxonomy":"post_tag","embeddable":true,"href":"https:\/\/www.europesays.com\/fr\/wp-json\/wp\/v2\/tags?post=152056"}],"curies":[{"name":"wp","href":"https:\/\/api.w.org\/{rel}","templated":true}]}}