{"id":152065,"date":"2025-06-04T18:42:19","date_gmt":"2025-06-04T18:42:19","guid":{"rendered":"https:\/\/www.europesays.com\/fr\/152065\/"},"modified":"2025-06-04T18:42:19","modified_gmt":"2025-06-04T18:42:19","slug":"om-charlotte-verdier-premier-depart-de-lintersaison-chez-les-feminines","status":"publish","type":"post","link":"https:\/\/www.europesays.com\/fr\/152065\/","title":{"rendered":"OM. Charlotte Verdier, premier d\u00e9part de l&rsquo;intersaison chez les f\u00e9minines"},"content":{"rendered":"<p>Forc\u00e9ment, les h\u00e9ro\u00efnes de la section f\u00e9minine n&rsquo;allaient pas toutes rester en Provence cet \u00e9t\u00e9, puis d\u00e9couvrir les joies de l&rsquo;Arkema Premi\u00e8re Ligue, quelques mois apr\u00e8s avoir d\u00e9croch\u00e9, sur le terrain, leur place au sein de l&rsquo;\u00e9lite du football fran\u00e7ais.<\/p>\n<p>Avant d&rsquo;entamer les grandes man\u0153uvres du mercato, histoire de renforcer l&rsquo;effectif mis \u00e0 disposition de <a href=\"https:\/\/www.laprovence.com\/article\/om\/1196470459257714\/om-d2-feminine-frederic-goncalves-lexperience-necessaire-pour-retrouver-lelite\" target=\"_blank\" rel=\"noopener\">Fr\u00e9d\u00e9ric Gon\u00e7alves<\/a>, il va falloir dire au revoir \u00e0 plusieurs joueuses qui ne passeront pas le cap de la deuxi\u00e8me division.<\/p>\n<p>La premi\u00e8re d&rsquo;entre elles est Charlotte Verdier, comme annonc\u00e9 ce mercredi par le club sur ses r\u00e9seaux sociaux. \u00ab\u00a0Arriv\u00e9e sur la pointe des pieds l&rsquo;\u00e9t\u00e9 dernier, notre gardienne de but (31 ans) a r\u00e9alis\u00e9 une saison exemplaire, au gr\u00e9 d&rsquo;une r\u00e9silience \u00e0 toute \u00e9preuve. Travailleuse de l&rsquo;ombre, num\u00e9ro 30 dans le dos (comme son idole Steve Mandanda), Charlotte quitte l&rsquo;Olympique de Marseille en championne de Seconde Ligue. Le club lui souhaite le meilleur pour la suite de sa carri\u00e8re\u00a0\u00bb, a gazouill\u00e9 la maison ciel et blanc.<\/p>\n<p>15 apparitions sous la tunique marseillaise<\/p>\n<p>Recrut\u00e9e comme doublure de <a href=\"https:\/\/www.laprovence.com\/article\/om\/1772465708027515\/om-lukrainienne-kateryna-boklach-sengage-avec-nantes\" target=\"_blank\" rel=\"noopener\">Kateryna Boklach<\/a>, la Ruth\u00e9noise <a href=\"https:\/\/www.laprovence.com\/article\/om\/4397707146414714\/om-d2-feminine-charlotte-verdier-a-saisi-sa-chance\" target=\"_blank\" rel=\"noopener\">a fait mieux que tenir son rang<\/a>, d\u00e8s le d\u00e9but de saison, lorsque l&rsquo;Ukrainienne s&rsquo;est bless\u00e9e. Titulaire dans les buts olympiens, elle aura disput\u00e9 15 rencontres toutes comp\u00e9titions confondues, et encaiss\u00e9s 21 buts jusqu&rsquo;en mars. Puis, Chlo\u00e9 N&rsquo;Gazi, recrut\u00e9e en janvier, a pris le relais pour les derni\u00e8res lev\u00e9es du championnat.<\/p>\n","protected":false},"excerpt":{"rendered":"Forc\u00e9ment, les h\u00e9ro\u00efnes de la section f\u00e9minine n&rsquo;allaient pas toutes rester en Provence cet \u00e9t\u00e9, puis d\u00e9couvrir les&hellip;\n","protected":false},"author":2,"featured_media":152066,"comment_status":"","ping_status":"","sticky":false,"template":"","format":"standard","meta":{"footnotes":""},"categories":[1410],"tags":[17,28153,3530,3985,63,1011,27,28155,149,7910,60,28154],"class_list":{"0":"post-152065","1":"post","2":"type-post","3":"status-publish","4":"format-standard","5":"has-post-thumbnail","7":"category-football","8":"tag-17","9":"tag-charlotte","10":"tag-chez","11":"tag-depart","12":"tag-football","13":"tag-fr","14":"tag-france","15":"tag-lintersaison","16":"tag-om","17":"tag-premier","18":"tag-sports","19":"tag-verdier"},"share_on_mastodon":{"url":"https:\/\/pubeurope.com\/@fr\/114626569404719498","error":""},"_links":{"self":[{"href":"https:\/\/www.europesays.com\/fr\/wp-json\/wp\/v2\/posts\/152065","targetHints":{"allow":["GET"]}}],"collection":[{"href":"https:\/\/www.europesays.com\/fr\/wp-json\/wp\/v2\/posts"}],"about":[{"href":"https:\/\/www.europesays.com\/fr\/wp-json\/wp\/v2\/types\/post"}],"author":[{"embeddable":true,"href":"https:\/\/www.europesays.com\/fr\/wp-json\/wp\/v2\/users\/2"}],"replies":[{"embeddable":true,"href":"https:\/\/www.europesays.com\/fr\/wp-json\/wp\/v2\/comments?post=152065"}],"version-history":[{"count":0,"href":"https:\/\/www.europesays.com\/fr\/wp-json\/wp\/v2\/posts\/152065\/revisions"}],"wp:featuredmedia":[{"embeddable":true,"href":"https:\/\/www.europesays.com\/fr\/wp-json\/wp\/v2\/media\/152066"}],"wp:attachment":[{"href":"https:\/\/www.europesays.com\/fr\/wp-json\/wp\/v2\/media?parent=152065"}],"wp:term":[{"taxonomy":"category","embeddable":true,"href":"https:\/\/www.europesays.com\/fr\/wp-json\/wp\/v2\/categories?post=152065"},{"taxonomy":"post_tag","embeddable":true,"href":"https:\/\/www.europesays.com\/fr\/wp-json\/wp\/v2\/tags?post=152065"}],"curies":[{"name":"wp","href":"https:\/\/api.w.org\/{rel}","templated":true}]}}