{"id":15207,"date":"2025-04-10T14:48:20","date_gmt":"2025-04-10T14:48:20","guid":{"rendered":"https:\/\/www.europesays.com\/fr\/15207\/"},"modified":"2025-04-10T14:48:20","modified_gmt":"2025-04-10T14:48:20","slug":"elle-accompagnait-les-enfants-de-detenus-lassociation-enjeux-denfants-jette-leponge","status":"publish","type":"post","link":"https:\/\/www.europesays.com\/fr\/15207\/","title":{"rendered":"Elle accompagnait les enfants de d\u00e9tenus\u00a0: l\u2019association Enjeux d\u2019enfants jette l\u2019\u00e9ponge"},"content":{"rendered":"<p>Comment expliquez-vous l\u2019arr\u00eat de l\u2019association\u00a0?<\/p>\n<p>Le contexte \u00e9conomique est compliqu\u00e9. De nombreuses associations comme la n\u00f4tre, qui \u0153uvrent dans le social, sont menac\u00e9es. Nous avions d\u00e9j\u00e0 eu de grosses difficult\u00e9s depuis la cr\u00e9ation de l\u2019association, en 1992, mais nous nous \u00e9tions toujours relev\u00e9s. Cette ann\u00e9e, le couperet est tomb\u00e9, il nous a manqu\u00e9 45\u00a0000 \u20ac pour boucler notre budget. Nous n\u2019avions plus de tr\u00e9sorerie. Des subventions, notamment du conseil d\u00e9partemental d\u2019Ille-et-Vilaine, nous ont fait d\u00e9faut. Nos cinq salari\u00e9s ont d\u00fb \u00eatre licenci\u00e9s (*). Nous sommes tous tr\u00e8s tristes.<\/p>\n<p>Comment \u00e9tait financ\u00e9e l\u2019association\u00a0?<\/p>\n<p>Par des fonds publics essentiellement, des collectivit\u00e9s, des caisses d\u2019allocations familiales et de l\u2019administration p\u00e9nitentiaire. Nous avons tent\u00e9 de travailler le m\u00e9c\u00e9nat mais les entreprises sont frileuses. L\u2019image de la prison n\u2019est pas tr\u00e8s vendeuse. Et le contexte \u00e9conomique n\u2019est pas porteur.<\/p>\n<p>Quel \u00e9tait l\u2019objectif de l\u2019association\u00a0?<\/p>\n<p>Nous \u00e9tions l\u00e0 pour tisser du lien entre les d\u00e9tenus et leurs enfants. On constate que bon nombre de personnes incarc\u00e9r\u00e9es (\u00e0 97\u00a0% des hommes) ont eu, elles-m\u00eames, des parents en prison. Le but, c\u2019est de casser cette r\u00e9p\u00e9tition. \ufeffOn constate aussi qu\u2019il existe un secret qui entoure la d\u00e9tention, parce qu\u2019il y a la honte, parce qu\u2019il y a le silence. Certains enfants, \u00e0 qui l\u2019on a cach\u00e9 la v\u00e9rit\u00e9, se posent des questions jusqu\u2019\u00e0 imaginer que leurs parents sont d\u00e9c\u00e9d\u00e9s. Il faut briser cet imaginaire fond\u00e9 sur un tabou. Nous savons \u00e9galement que, lors du passage \u00e0 l\u2019acte qui conduit \u00e0 la prison, la famille peut traverser une crise. Or, l\u2019entretien des liens familiaux est une garantie pour faire baisser le taux de r\u00e9cidive. La r\u00e9insertion \u00e0 la sortie de prison est plus facile quand la famille est pr\u00e9sente.<\/p>\n<p>Combien de familles accompagniez-vous\u00a0?<\/p>\n<p>Chaque ann\u00e9e, nous accompagnions 320 familles sur le grand ouest de la France. Nous \u00e9tions notamment pr\u00e9sents dans les \u00e9tablissements p\u00e9nitentiaires de Rennes, Saint-Malo, Ploemeur, Saint-Brieuc, Vannes ou encore Nantes. Nous assurions, \u00e0 notre charge, les d\u00e9placements du domicile des enfants jusqu\u2019au lieu de d\u00e9tention de leur parent.<\/p>\n<p>L\u2019association va-t-elle \u00eatre d\u00e9finitivement dissoute\u00a0?<\/p>\n<p>Certains b\u00e9n\u00e9voles veulent continuer mais les perspectives restent floues.<\/p>\n<p class=\"note\">* L\u2019assembl\u00e9e g\u00e9n\u00e9rale de l\u2019association a annonc\u00e9, officiellement, le 11 mars, la mise en cessation de paiements et l\u2019ouverture d\u2019une proc\u00e9dure de liquidation judiciaire.<\/p>\n","protected":false},"excerpt":{"rendered":"Comment expliquez-vous l\u2019arr\u00eat de l\u2019association\u00a0? Le contexte \u00e9conomique est compliqu\u00e9. De nombreuses associations comme la n\u00f4tre, qui \u0153uvrent&hellip;\n","protected":false},"author":2,"featured_media":15208,"comment_status":"","ping_status":"","sticky":false,"template":"","format":"standard","meta":{"footnotes":""},"categories":[2821],"tags":[1111,11,829,765,1777,674,1011,27,1781,3729,12,6411,806,584,25,4937,801,3165],"class_list":{"0":"post-15207","1":"post","2":"type-post","3":"status-publish","4":"format-standard","5":"has-post-thumbnail","7":"category-rennes","8":"tag-actu","9":"tag-actualites","10":"tag-bretagne","11":"tag-en-continu","12":"tag-eu","13":"tag-europe","14":"tag-fr","15":"tag-france","16":"tag-lorient","17":"tag-morbihan","18":"tag-news","19":"tag-ploemeur","20":"tag-prison","21":"tag-rennes","22":"tag-republique-francaise","23":"tag-saint-brieuc","24":"tag-social","25":"tag-vannes"},"share_on_mastodon":{"url":"https:\/\/pubeurope.com\/@fr\/114314222204696365","error":""},"_links":{"self":[{"href":"https:\/\/www.europesays.com\/fr\/wp-json\/wp\/v2\/posts\/15207","targetHints":{"allow":["GET"]}}],"collection":[{"href":"https:\/\/www.europesays.com\/fr\/wp-json\/wp\/v2\/posts"}],"about":[{"href":"https:\/\/www.europesays.com\/fr\/wp-json\/wp\/v2\/types\/post"}],"author":[{"embeddable":true,"href":"https:\/\/www.europesays.com\/fr\/wp-json\/wp\/v2\/users\/2"}],"replies":[{"embeddable":true,"href":"https:\/\/www.europesays.com\/fr\/wp-json\/wp\/v2\/comments?post=15207"}],"version-history":[{"count":0,"href":"https:\/\/www.europesays.com\/fr\/wp-json\/wp\/v2\/posts\/15207\/revisions"}],"wp:featuredmedia":[{"embeddable":true,"href":"https:\/\/www.europesays.com\/fr\/wp-json\/wp\/v2\/media\/15208"}],"wp:attachment":[{"href":"https:\/\/www.europesays.com\/fr\/wp-json\/wp\/v2\/media?parent=15207"}],"wp:term":[{"taxonomy":"category","embeddable":true,"href":"https:\/\/www.europesays.com\/fr\/wp-json\/wp\/v2\/categories?post=15207"},{"taxonomy":"post_tag","embeddable":true,"href":"https:\/\/www.europesays.com\/fr\/wp-json\/wp\/v2\/tags?post=15207"}],"curies":[{"name":"wp","href":"https:\/\/api.w.org\/{rel}","templated":true}]}}