{"id":152071,"date":"2025-06-04T18:45:09","date_gmt":"2025-06-04T18:45:09","guid":{"rendered":"https:\/\/www.europesays.com\/fr\/152071\/"},"modified":"2025-06-04T18:45:09","modified_gmt":"2025-06-04T18:45:09","slug":"lady-macbeth-monsieur-jourdain-gregor-samsa-dix-neuf-personnages-en-quete-de-psy-liberation","status":"publish","type":"post","link":"https:\/\/www.europesays.com\/fr\/152071\/","title":{"rendered":"Lady Macbeth, Monsieur Jourdain, Gregor Samsa\u2026 Dix-neuf personnages en qu\u00eate de psy \u2013 Lib\u00e9ration"},"content":{"rendered":"<p class=\"sc-ksZaOG ehjQrN text-element\">La culture et la d\u00e9pression font la paire depuis quelques semaines ; c\u2019est un signe des temps. Ce livre-ci, co\u00e9crit par une journaliste et un psychiatre, offre un \u00e9cho au <a href=\"https:\/\/www.liberation.fr\/societe\/sante\/nicolas-demorand-qui-se-dit-publiquement-malade-mental-un-coming-out-courageux-et-solidaire-20250326_5JSTQMU7TFFD3DSPNE2PAQD5KI\/\" target=\"_blank\" rel=\"noopener\" title=\"https:\/\/www.liberation.fr\/societe\/sante\/nicolas-demorand-qui-se-dit-publiquement-malade-mental-un-coming-out-courageux-et-solidaire-20250326_5JSTQMU7TFFD3DSPNE2PAQD5KI\/\">r\u00e9cit de Nicolas Demorand<\/a> sur sa bipolarit\u00e9 (Int\u00e9rieur nuit, les Ar\u00e8nes), puisqu\u2019il est dans l\u2019un et l\u2019autre question de maladie mentale. Mais sont abord\u00e9s \u00e9galement, dans la Sant\u00e9 psychique des \u00e9crivains et de leurs personnages, le narcissisme, les troubles de l\u2019identit\u00e9, et une myriade de probl\u00e8mes. Heureusement, malgr\u00e9 ce qu\u2019indique le titre, il est davantage question des personnages que de leurs auteurs, qui ne font pas l\u2019objet d\u2019une consultation sauvage. L\u2019ouvrage est construit sur un mod\u00e8le a priori amusant : apr\u00e8s l\u2019extrait d\u2019un classique de la litt\u00e9rature mondiale \u2013 la Peste de Camus, Spleen de Baudelaire, <a href=\"https:\/\/www.liberation.fr\/cinema\/2018\/08\/03\/madame-de-merteuil-l-immorale-de-l-histoire_1670681\/\" target=\"_blank\" rel=\"noopener\" title=\"https:\/\/www.liberation.fr\/cinema\/2018\/08\/03\/madame-de-merteuil-l-immorale-de-l-histoire_1670681\/\">les Liaisons dangereuses de Laclos<\/a>, <a href=\"https:\/\/www.liberation.fr\/culture\/livres\/lady-macbeth-monsieur-jourdain-gregor-samsa-dix-neuf-personnages-en-quete-de-psy-20250604_T5S7NP2QGBBSZHLLCRJET357ZE\/http&lt;\/p&gt;&lt;\/div&gt;&lt;\/article&gt;&lt;\/div&gt;&lt;div data-fusion-lazy-id=\" f0f8vgvlad832fw=\"\" target=\"_blank\" rel=\"noopener\"><\/p>\n","protected":false},"excerpt":{"rendered":"La culture et la d\u00e9pression font la paire depuis quelques semaines ; c\u2019est un signe des temps. Ce&hellip;\n","protected":false},"author":2,"featured_media":152072,"comment_status":"","ping_status":"","sticky":false,"template":"","format":"standard","meta":{"footnotes":""},"categories":[1357],"tags":[1379,10488,58,59,1011,27,1380],"class_list":{"0":"post-152071","1":"post","2":"type-post","3":"status-publish","4":"format-standard","5":"has-post-thumbnail","7":"category-livres","8":"tag-books","9":"tag-cahier-livres","10":"tag-divertissement","11":"tag-entertainment","12":"tag-fr","13":"tag-france","14":"tag-livres"},"share_on_mastodon":{"url":"https:\/\/pubeurope.com\/@fr\/114626581304150095","error":""},"_links":{"self":[{"href":"https:\/\/www.europesays.com\/fr\/wp-json\/wp\/v2\/posts\/152071","targetHints":{"allow":["GET"]}}],"collection":[{"href":"https:\/\/www.europesays.com\/fr\/wp-json\/wp\/v2\/posts"}],"about":[{"href":"https:\/\/www.europesays.com\/fr\/wp-json\/wp\/v2\/types\/post"}],"author":[{"embeddable":true,"href":"https:\/\/www.europesays.com\/fr\/wp-json\/wp\/v2\/users\/2"}],"replies":[{"embeddable":true,"href":"https:\/\/www.europesays.com\/fr\/wp-json\/wp\/v2\/comments?post=152071"}],"version-history":[{"count":0,"href":"https:\/\/www.europesays.com\/fr\/wp-json\/wp\/v2\/posts\/152071\/revisions"}],"wp:featuredmedia":[{"embeddable":true,"href":"https:\/\/www.europesays.com\/fr\/wp-json\/wp\/v2\/media\/152072"}],"wp:attachment":[{"href":"https:\/\/www.europesays.com\/fr\/wp-json\/wp\/v2\/media?parent=152071"}],"wp:term":[{"taxonomy":"category","embeddable":true,"href":"https:\/\/www.europesays.com\/fr\/wp-json\/wp\/v2\/categories?post=152071"},{"taxonomy":"post_tag","embeddable":true,"href":"https:\/\/www.europesays.com\/fr\/wp-json\/wp\/v2\/tags?post=152071"}],"curies":[{"name":"wp","href":"https:\/\/api.w.org\/{rel}","templated":true}]}}