{"id":152073,"date":"2025-06-04T18:46:10","date_gmt":"2025-06-04T18:46:10","guid":{"rendered":"https:\/\/www.europesays.com\/fr\/152073\/"},"modified":"2025-06-04T18:46:10","modified_gmt":"2025-06-04T18:46:10","slug":"a-son-grand-age-jungeli-surprend-lenie-et-lache-un-secret-sur-la-gagnante-de-dals","status":"publish","type":"post","link":"https:\/\/www.europesays.com\/fr\/152073\/","title":{"rendered":"\u00c0 son grand \u00e2ge\u2026\u00a0\u00bb : Jungeli surprend L\u00e9nie et l\u00e2che un secret sur la gagnante de \u00ab\u00a0DALS"},"content":{"rendered":"<p>Entre <a href=\"https:\/\/www.public.fr\/tag\/lenie\" target=\"_blank\" rel=\"noopener\">L\u00e9nie<\/a> et <a href=\"https:\/\/www.public.fr\/danse-avec-les-stars-jungeli-fait-pleurer-les-telespectateurs-apres-sa-declaration-a-ines-vandamme\" target=\"_blank\" rel=\"noopener\">Jungeli<\/a>, une grande histoire est n\u00e9e depuis leur participation commune \u00e0 <strong>\u00ab\u00a0Danse avec les stars\u00a0\u00bb<\/strong>. En effet, l\u2019ancienne candidate de la <strong>\u00ab\u00a0Star Acadamy\u00a0\u00bb<\/strong> et <a href=\"https:\/\/vsd.fr\/tag\/jungeli\/\" target=\"_blank\" rel=\"noopener\">le jeune homme \u00e0 l\u2019origine du tube \u00e0 succ\u00e8s <strong>\u00ab\u00a0Petit g\u00e9nie\u00a0\u00bb<\/strong><\/a>, ont pris part \u00e0 la derni\u00e8re \u00e9dition du t\u00e9l\u00e9-crochet de TF1 en janvier 2025.<\/p>\n<p>Au cours de cette \u00e9dition, de belles histoires ont vu le jour et, ce, notamment gr\u00e2ce \u00e0 la bonne ambiance et la bienveillance qui r\u00e9gnait au cours des r\u00e9p\u00e9titions et des repas partag\u00e9s entre deux entra\u00eenements.<\/p>\n<p>En plus d\u2019avoir d\u00e9couvert de belles personnes, L\u00e9nie a \u00e9galement eu la chance de r\u00e9aliser l\u2019un de ses r\u00eaves : remporter <strong>\u00ab\u00a0Danse avec les stars\u00a0\u00bb<\/strong>. Mais plus qu\u2019un troph\u00e9e, c\u2019est une belle amiti\u00e9 qu\u2019elle a nou\u00e9e avec le jeune artiste Jungeli.<\/p>\n<p>L\u00e9nie revient sur sa mont\u00e9e des marches du Palais des Festivals<\/p>\n<p>Au cours de l\u2019aventure, les benjamins du programme ne se l\u00e2chaient pas d\u2019une semelle et ont m\u00eame enregistr\u00e9 un morceau qui a vu le jour le 4 avril 2025,<strong> \u00ab\u00a0\u00c0 tes c\u00f4t\u00e9s\u00a0\u00bb<\/strong>. Depuis, L\u00e9nie et le jeune chanteur ne se l\u00e2chent plus et ont m\u00eame r\u00e9pondu, ensemble, aux questions de <strong>\u00ab\u00a0La Bo\u00eete \u00e0 questions\u00a0\u00bb<\/strong> de Canal+, ce mercredi 4 juin 2025.<\/p>\n<p>Lors de cet entretien, la jolie brune se faisait dans un premier temps interroger sur <a href=\"https:\/\/www.public.fr\/festival-de-cannes-2025-lenie-star-academy-ose-le-look-tres-ose-pour-sa-premiere-montee-des-marches-et-en-devoile-un-peu-trop\" target=\"_blank\" rel=\"noopener\">sa r\u00e9cente mont\u00e9e des marches au Palais des Festivals<\/a>, il y a quelques semaines. <\/p>\n<p>\u00ab\u00a0C&rsquo;est un moment un peu particulier. D\u00e9j\u00e0, c&rsquo;est un honneur de pouvoir se retrouver sur les marches du Festival de Cannes parce que quand on repense \u00e0 tous les artistes qui ont mont\u00e9 ces marches, c&rsquo;est quand m\u00eame fou. Donc il y a un peu ce syndrome de l&rsquo;imposteur, mais c&rsquo;\u00e9tait un moment trop cool\u00a0\u00bb, a reconnu L\u00e9nie lorsqu\u2019un internaute lui a demand\u00e9 son ressenti lorsqu\u2019elle a pu monter les marches.<\/p>\n<p>Des secrets balanc\u00e9s entre Jungeli et la gagnante de \u00ab\u00a0Danse avec les stars\u00a0\u00bb<\/p>\n<p>Outre ce souvenir imp\u00e9rissable, L\u00e9nie a \u00e9galement d\u00fb r\u00e9v\u00e9ler un secret de Jungeli comme le lui a demand\u00e9 un internaute. \u00ab\u00a0C\u2019est un gars susceptible\u00a0\u00bb, a-t-elle confi\u00e9, avant de poursuivre avec le sourire : \u00ab\u00a0J\u2019ai su \u00e7a il n&rsquo;y a pas tr\u00e8s longtemps\u00a0\u00bb.<\/p>\n<p>De son c\u00f4t\u00e9, Jungeli n\u2019a pas tard\u00e9 \u00e0 d\u00e9voiler, \u00e0 son tour, un secret de sa partenaire : <strong>\u00ab\u00a0Elle a peur du noir. \u00c0 son grand \u00e2ge\u00a0\u00bb<\/strong>, a-t-il r\u00e9v\u00e9l\u00e9, suscitant les rires de la gagnante de \u00ab\u00a0Danse avec les stars\u00a0\u00bb. <\/p>\n<p>Mais l\u2019interpr\u00e8te de <strong>\u00ab\u00a0Petit g\u00e9nie\u00a0\u00bb<\/strong> ne s\u2019est pas arr\u00eat\u00e9 l\u00e0 et a m\u00eame balanc\u00e9 :<strong> \u00ab\u00a0Tu dors avec des doudous\u00a0\u00bb.<\/strong> Un nouveau secret confirm\u00e9 par a principale int\u00e9ress\u00e9e, hilare.\u00a0<\/p>\n<p>      Mentionn\u00e9s dans cet article<\/p>\n<p>\u00c0 lire aussi<\/p>\n","protected":false},"excerpt":{"rendered":"Entre L\u00e9nie et Jungeli, une grande histoire est n\u00e9e depuis leur participation commune \u00e0 \u00ab\u00a0Danse avec les stars\u00a0\u00bb.&hellip;\n","protected":false},"author":2,"featured_media":152074,"comment_status":"","ping_status":"","sticky":false,"template":"","format":"standard","meta":{"footnotes":""},"categories":[1356],"tags":[194,58,59,1011,27,28156,12370,252,1364],"class_list":{"0":"post-152073","1":"post","2":"type-post","3":"status-publish","4":"format-standard","5":"has-post-thumbnail","7":"category-television","8":"tag-danse-avec-les-stars","9":"tag-divertissement","10":"tag-entertainment","11":"tag-fr","12":"tag-france","13":"tag-jungeli","14":"tag-lenie","15":"tag-television","16":"tag-tv"},"share_on_mastodon":{"url":"https:\/\/pubeurope.com\/@fr\/114626585136686890","error":""},"_links":{"self":[{"href":"https:\/\/www.europesays.com\/fr\/wp-json\/wp\/v2\/posts\/152073","targetHints":{"allow":["GET"]}}],"collection":[{"href":"https:\/\/www.europesays.com\/fr\/wp-json\/wp\/v2\/posts"}],"about":[{"href":"https:\/\/www.europesays.com\/fr\/wp-json\/wp\/v2\/types\/post"}],"author":[{"embeddable":true,"href":"https:\/\/www.europesays.com\/fr\/wp-json\/wp\/v2\/users\/2"}],"replies":[{"embeddable":true,"href":"https:\/\/www.europesays.com\/fr\/wp-json\/wp\/v2\/comments?post=152073"}],"version-history":[{"count":0,"href":"https:\/\/www.europesays.com\/fr\/wp-json\/wp\/v2\/posts\/152073\/revisions"}],"wp:featuredmedia":[{"embeddable":true,"href":"https:\/\/www.europesays.com\/fr\/wp-json\/wp\/v2\/media\/152074"}],"wp:attachment":[{"href":"https:\/\/www.europesays.com\/fr\/wp-json\/wp\/v2\/media?parent=152073"}],"wp:term":[{"taxonomy":"category","embeddable":true,"href":"https:\/\/www.europesays.com\/fr\/wp-json\/wp\/v2\/categories?post=152073"},{"taxonomy":"post_tag","embeddable":true,"href":"https:\/\/www.europesays.com\/fr\/wp-json\/wp\/v2\/tags?post=152073"}],"curies":[{"name":"wp","href":"https:\/\/api.w.org\/{rel}","templated":true}]}}