{"id":152079,"date":"2025-06-04T18:49:09","date_gmt":"2025-06-04T18:49:09","guid":{"rendered":"https:\/\/www.europesays.com\/fr\/152079\/"},"modified":"2025-06-04T18:49:09","modified_gmt":"2025-06-04T18:49:09","slug":"la-reunion-cinq-nouveaux-deces-imputes-au-chikungunya-malgre-une-epidemie-en-decrue-actualites","status":"publish","type":"post","link":"https:\/\/www.europesays.com\/fr\/152079\/","title":{"rendered":"La R\u00e9union: cinq nouveaux d\u00e9c\u00e8s imput\u00e9s au chikungunya malgr\u00e9 une \u00e9pid\u00e9mie en d\u00e9crue : Actualit\u00e9s"},"content":{"rendered":"<p class=\"lead \">Les d\u00e9c\u00e8s de cinq personnes ont \u00e9t\u00e9 imput\u00e9s au chikungunya \u00e0 La R\u00e9union, portant \u00e0 20 le nombre de morts li\u00e9es \u00e0 l&rsquo;\u00e9pid\u00e9mie qui est pourtant \u00ab\u00a0en phase de d\u00e9croissance\u00a0\u00bb, a annonc\u00e9 mercredi Sant\u00e9 publique France (SPF).<\/p>\n<p class=\"lead \">\u00ab\u00a0Suite \u00e0 la derni\u00e8re r\u00e9union du comit\u00e9 d&rsquo;imputabilit\u00e9 (&#8230;), cinq dossiers ont \u00e9t\u00e9 class\u00e9s\u00a0\u00bb comme des d\u00e9c\u00e8s li\u00e9s au chikungunya, a pr\u00e9cis\u00e9 SPF dans son bulletin \u00e9pid\u00e9miologique, tout en pr\u00e9cisant que \u00ab\u00a0La R\u00e9union est en phase de d\u00e9croissance \u00e9pid\u00e9mique\u00a0\u00bb depuis la fin du mois d&rsquo;avril.<\/p>\n<p class=\"lead \">Dans un communiqu\u00e9, la pr\u00e9fecture de La R\u00e9union a pour sa part annonc\u00e9 un retour au \u00ab\u00a0stade d&rsquo;\u00e9pid\u00e9mie de faible intensit\u00e9\u00a0\u00bb, \u00e9voquant la \u00ab\u00a0forte diminution\u00a0\u00bb du nombre de consultations pour des cas cliniquement \u00e9vocateurs de chikungunya et des passages aux urgences.<\/p>\n<p class=\"lead \">\u00ab\u00a0L&rsquo;impact sur les \u00e9tablissements de sant\u00e9 a \u00e9galement diminu\u00e9\u00a0\u00bb, a pr\u00e9cis\u00e9 la pr\u00e9fecture.<\/p>\n<p class=\"lead \">Les cinq d\u00e9c\u00e8s survenus entre le 31 mars et le 11 mai faisaient l&rsquo;objet d&rsquo;une investigation dans le cadre de l&rsquo;\u00e9pid\u00e9mie qui a d\u00e9marr\u00e9 en ao\u00fbt 2024 \u00e0 La R\u00e9union, o\u00f9 les cas ont explos\u00e9 \u00e0 partir de mars 2025.<\/p>\n<p class=\"lead \">Ils concernent tous des personnes \u00e2g\u00e9es de 68 \u00e0 95 ans porteuses de comorbidit\u00e9s (pathologies chroniques essentiellement), selon l&rsquo;agence, qui pr\u00e9cise que 37 autres d\u00e9c\u00e8s sont en cours d&rsquo;investigation quant \u00e0 l&rsquo;imputabilit\u00e9 du chikungunya.<\/p>\n<p class=\"lead \">Le d\u00e9partement de l&rsquo;oc\u00e9an Indien est en phase de \u00ab\u00a0d\u00e9croissance \u00e9pid\u00e9mique\u00a0\u00bb pour la cinqui\u00e8me semaine cons\u00e9cutive, assure toutefois l&rsquo;agence sanitaire, ajoutant que \u00ab\u00a0bien qu&rsquo;en forte diminution, la circulation du chikungunya sur l&rsquo;\u00eele reste encore importante avec des disparit\u00e9s selon les secteurs g\u00e9ographiques\u00a0\u00bb.<\/p>\n<p class=\"lead \">L&rsquo;activit\u00e9 en m\u00e9decine de ville concernant l&rsquo;\u00e9pid\u00e9mie a baiss\u00e9 de 55% sur une semaine, passant d&rsquo;environ 3.800 consultations \u00e0 1.800.<\/p>\n<p class=\"lead \">Les passages aux urgences pour cause de chikungunya ont pour leur part baiss\u00e9 de 15% sur une semaine.<\/p>\n<p class=\"lead \">Depuis le d\u00e9but de l&rsquo;ann\u00e9e 2025, pr\u00e8s de 53.000 cas \u00ab\u00a0confirm\u00e9s biologiquement de chikungunya autochtones\u00a0\u00bb ont \u00e9t\u00e9 signal\u00e9s \u00e0 La R\u00e9union, qui compte environ 900.000 habitants.<\/p>\n<p class=\"lead \">Le nombre total de cas est toutefois consid\u00e9r\u00e9 comme bien plus \u00e9lev\u00e9, nombre de malades ne s&rsquo;\u00e9tant pas fait d\u00e9pister. L&rsquo;Agence r\u00e9gionale de sant\u00e9 (ARS) de La R\u00e9union estime ainsi que 200.000 personnes auraient \u00e9t\u00e9 contamin\u00e9es par le virus.<\/p>\n<p class=\"lead \">L&rsquo;hiver austral qui s&rsquo;annonce devrait marquer un d\u00e9clin durable de la propagation de la maladie, a indiqu\u00e9 l&rsquo;ARS en d\u00e9but de semaine, estimant en outre peu probable un rebond de l&rsquo;\u00e9pid\u00e9mie l&rsquo;an prochain en raison du nombre de personnes d\u00e9sormais immunis\u00e9es.<\/p>\n<p class=\"lead \">Mayotte, autre d\u00e9partement fran\u00e7ais de l&rsquo;oc\u00e9an Indien, est en revanche pass\u00e9 en phase d&rsquo;\u00e9pid\u00e9mie cette semaine, avec une \u00ab\u00a0transmission intense et g\u00e9n\u00e9ralis\u00e9e\u00a0\u00bb de cette maladie virale transmise par le moustique tigre. Depuis le d\u00e9but de l&rsquo;ann\u00e9e, 560 cas confirm\u00e9s de chikungunya y ont \u00e9t\u00e9 signal\u00e9s.<\/p>\n<p class=\"small font-weight-bold text-gray3 \"> publi\u00e9 le 4 juin \u00e0 16h17, AFP<\/p>\n<p>                             Partager<\/p>\n","protected":false},"excerpt":{"rendered":"Les d\u00e9c\u00e8s de cinq personnes ont \u00e9t\u00e9 imput\u00e9s au chikungunya \u00e0 La R\u00e9union, portant \u00e0 20 le nombre&hellip;\n","protected":false},"author":2,"featured_media":152080,"comment_status":"","ping_status":"","sticky":false,"template":"","format":"standard","meta":{"footnotes":""},"categories":[10],"tags":[4009,1011,27,72,4166,5337,71,5336],"class_list":{"0":"post-152079","1":"post","2":"type-post","3":"status-publish","4":"format-standard","5":"has-post-thumbnail","7":"category-sante","8":"tag-pidmie","9":"tag-fr","10":"tag-france","11":"tag-health","12":"tag-outre-mer","13":"tag-runion","14":"tag-sante","15":"tag-virus"},"share_on_mastodon":{"url":"https:\/\/pubeurope.com\/@fr\/114626596914734036","error":""},"_links":{"self":[{"href":"https:\/\/www.europesays.com\/fr\/wp-json\/wp\/v2\/posts\/152079","targetHints":{"allow":["GET"]}}],"collection":[{"href":"https:\/\/www.europesays.com\/fr\/wp-json\/wp\/v2\/posts"}],"about":[{"href":"https:\/\/www.europesays.com\/fr\/wp-json\/wp\/v2\/types\/post"}],"author":[{"embeddable":true,"href":"https:\/\/www.europesays.com\/fr\/wp-json\/wp\/v2\/users\/2"}],"replies":[{"embeddable":true,"href":"https:\/\/www.europesays.com\/fr\/wp-json\/wp\/v2\/comments?post=152079"}],"version-history":[{"count":0,"href":"https:\/\/www.europesays.com\/fr\/wp-json\/wp\/v2\/posts\/152079\/revisions"}],"wp:featuredmedia":[{"embeddable":true,"href":"https:\/\/www.europesays.com\/fr\/wp-json\/wp\/v2\/media\/152080"}],"wp:attachment":[{"href":"https:\/\/www.europesays.com\/fr\/wp-json\/wp\/v2\/media?parent=152079"}],"wp:term":[{"taxonomy":"category","embeddable":true,"href":"https:\/\/www.europesays.com\/fr\/wp-json\/wp\/v2\/categories?post=152079"},{"taxonomy":"post_tag","embeddable":true,"href":"https:\/\/www.europesays.com\/fr\/wp-json\/wp\/v2\/tags?post=152079"}],"curies":[{"name":"wp","href":"https:\/\/api.w.org\/{rel}","templated":true}]}}