{"id":152087,"date":"2025-06-04T18:53:10","date_gmt":"2025-06-04T18:53:10","guid":{"rendered":"https:\/\/www.europesays.com\/fr\/152087\/"},"modified":"2025-06-04T18:53:10","modified_gmt":"2025-06-04T18:53:10","slug":"le-ligerien-rivolier-reprend-lentreprise","status":"publish","type":"post","link":"https:\/\/www.europesays.com\/fr\/152087\/","title":{"rendered":"le Lig\u00e9rien Rivolier reprend l&rsquo;entreprise"},"content":{"rendered":"<p>\u00ab\u00a0Ce choix nous oblige et nous honore\u00a0\u00bb, a r\u00e9agi \u00e0 chaud Arnaud Van Robais, le pr\u00e9sident du groupe Rivolier, \u00e0 la communication du d\u00e9lib\u00e9r\u00e9 du Tribunal de commerce de Saint-\u00c9tienne lui attribuant la reprise de Verney-Carron.<\/p>\n<p>Elle faisait face \u00e0 l\u2019offre concurrente des Belges de FN Browning. \u00ab\u00a0Nous nous sommes battus pour reprendre cette entreprise, nous devons maintenons la sortir de cette impasse manag\u00e9riale et \u00e9conomique dans laquelle elle se trouve depuis plusieurs mois.\u00a0\u00bb<\/p>\n<p>  \u00ab\u00a0Nous esp\u00e9rons d\u00e9sormais repartir sur de bonnes bases\u00a0\u00bb<\/p>\n<p>Rivolier reprend 55 des 66 salari\u00e9s. Le b\u00e2timent actuel sera lou\u00e9 trois ans avant un investissement dans un b\u00e2timent plus grand et plus moderne. Dans ce dossier, Rivolier s\u2019est associ\u00e9 avec le family office tch\u00e8que RSBC. Celui-ci (qui sera actionnaire \u00e0 hauteur de 35\u00a0%) poss\u00e8de d\u00e9j\u00e0 le fabricant d\u2019armes de petit calibre slov\u00e8ne Arex et le fabricant d\u2019armes autrichien Steyr.<\/p>\n<p>Pour Pascal Darnon, d\u00e9l\u00e9gu\u00e9 syndical CGT, \u00ab\u00a0c\u2019est la fin d\u2019une \u00e9tape, nous esp\u00e9rons d\u00e9sormais repartir sur de bonnes bases m\u00eame si nous d\u00e9plorons le d\u00e9part de onze coll\u00e8gues\u00a0\u00bb. Pour m\u00e9moire, le CSE n\u2019avait pas pris position entre les deux offres pr\u00e9sent\u00e9es, estimant qu\u2019elles \u00e9taient toutes deux \u00ab\u00a0s\u00e9rieuses\u00a0\u00bb.<\/p>\n<p>Victoire du local de l\u2019\u00e9tape<\/p>\n<p>Le groupe Rivolier, (qui emploie 320 salari\u00e9s et r\u00e9alise un chiffre d\u2019affaires de 150\u00a0millions d\u2019euros), est sp\u00e9cialis\u00e9, notamment dans la distribution d\u2019armes, munitions et \u00e9quipements (gilets, chaussures, sacs) destin\u00e9s aux forces de l\u2019ordre et \u00e0 l\u2019arm\u00e9e fran\u00e7aise.<\/p>\n<p>Il \u00e9tait d\u2019ailleurs d\u00e9j\u00e0 le distributeur exclusif de Verney-Carron et lui avait permis, par exemple, de remporter il y a quelques mois un contrat majeur avec les CRS et la police nationale pour 3\u00a0000 \u00ab\u00a0Cobra\u00a0\u00bb, le nouveau lanceur de Verney-Carron, destin\u00e9 au tir indirect de munitions sp\u00e9cialis\u00e9es pour le maintien de l\u2019ordre.<\/p>\n<p>Les deux projets consid\u00e9r\u00e9s comme s\u00e9rieux<\/p>\n<p>Cette connaissance de l\u2019armurier st\u00e9phanois semble avoir pes\u00e9 en sa faveur, malgr\u00e9 la diff\u00e9rence notable de moyens financiers dont disposaient les deux candidats. Effectivement, FN Browning fr\u00f4le le milliard d\u2019euros de chiffre d\u2019affaires.<\/p>\n<p>Selon le d\u00e9lib\u00e9r\u00e9 du jugement, dont nous avons pu prendre connaissance, si le tribunal de commerce a reconnu que les deux projets \u00e9taient tous deux \u00ab\u00a0incontestablement s\u00e9rieux et r\u00e9fl\u00e9chis\u00a0\u00bb, il a point\u00e9 la \u00ab\u00a0tr\u00e8s bonne connaissance de la soci\u00e9t\u00e9 Verney-Carron, de ses produits, de ses comp\u00e9tences\u00a0\u00bb, par Rivolier.<\/p>\n","protected":false},"excerpt":{"rendered":"\u00ab\u00a0Ce choix nous oblige et nous honore\u00a0\u00bb, a r\u00e9agi \u00e0 chaud Arnaud Van Robais, le pr\u00e9sident du groupe&hellip;\n","protected":false},"author":2,"featured_media":152088,"comment_status":"","ping_status":"","sticky":false,"template":"","format":"standard","meta":{"footnotes":""},"categories":[6],"tags":[35,33,34,7539,341,107,1011,27,3367,4001],"class_list":{"0":"post-152087","1":"post","2":"type-post","3":"status-publish","4":"format-standard","5":"has-post-thumbnail","7":"category-economie","8":"tag-business","9":"tag-economie","10":"tag-economy","11":"tag-edition-loire-sud","12":"tag-emploi","13":"tag-fil-info","14":"tag-fr","15":"tag-france","16":"tag-loire","17":"tag-saint-etienne"},"share_on_mastodon":{"url":"https:\/\/pubeurope.com\/@fr\/114626612674668016","error":""},"_links":{"self":[{"href":"https:\/\/www.europesays.com\/fr\/wp-json\/wp\/v2\/posts\/152087","targetHints":{"allow":["GET"]}}],"collection":[{"href":"https:\/\/www.europesays.com\/fr\/wp-json\/wp\/v2\/posts"}],"about":[{"href":"https:\/\/www.europesays.com\/fr\/wp-json\/wp\/v2\/types\/post"}],"author":[{"embeddable":true,"href":"https:\/\/www.europesays.com\/fr\/wp-json\/wp\/v2\/users\/2"}],"replies":[{"embeddable":true,"href":"https:\/\/www.europesays.com\/fr\/wp-json\/wp\/v2\/comments?post=152087"}],"version-history":[{"count":0,"href":"https:\/\/www.europesays.com\/fr\/wp-json\/wp\/v2\/posts\/152087\/revisions"}],"wp:featuredmedia":[{"embeddable":true,"href":"https:\/\/www.europesays.com\/fr\/wp-json\/wp\/v2\/media\/152088"}],"wp:attachment":[{"href":"https:\/\/www.europesays.com\/fr\/wp-json\/wp\/v2\/media?parent=152087"}],"wp:term":[{"taxonomy":"category","embeddable":true,"href":"https:\/\/www.europesays.com\/fr\/wp-json\/wp\/v2\/categories?post=152087"},{"taxonomy":"post_tag","embeddable":true,"href":"https:\/\/www.europesays.com\/fr\/wp-json\/wp\/v2\/tags?post=152087"}],"curies":[{"name":"wp","href":"https:\/\/api.w.org\/{rel}","templated":true}]}}