{"id":152095,"date":"2025-06-04T18:57:13","date_gmt":"2025-06-04T18:57:13","guid":{"rendered":"https:\/\/www.europesays.com\/fr\/152095\/"},"modified":"2025-06-04T18:57:13","modified_gmt":"2025-06-04T18:57:13","slug":"saint-priest-en-jarez-une-saison-theatrale-pleine-de-couleurs-a-venir-au-nouvel-espace-culturel","status":"publish","type":"post","link":"https:\/\/www.europesays.com\/fr\/152095\/","title":{"rendered":"Saint-Priest-en-Jarez. Une saison th\u00e9\u00e2trale pleine de couleurs \u00e0 venir au Nouvel Espace Culturel"},"content":{"rendered":"<p>Sur la sc\u00e8ne du NEC, Christine Geusens, adjointe \u00e0 la culture, a tout d\u2019abord tenu \u00e0 remercier les spectateurs pour leur fid\u00e9lit\u00e9. Le nombre d\u2019abonn\u00e9s et la fr\u00e9quentation sont toujours en hausse, ce qui confirme la qualit\u00e9 de la programmation. Elle a \u00e9galement remerci\u00e9 le conseil municipal, qui soutient la vie culturelle locale.<\/p>\n<p>Le 13\u00b0 festival de th\u00e9\u00e2tre amateur pour d\u00e9marrer une saison de d\u00e9couvertes<\/p>\n<p>\u00ab\u00a0Notre festival de th\u00e9\u00e2tre amateur, qui r\u00e9serve toujours de bonnes surprises, se d\u00e9roulera vendredi\u00a03 et samedi 4\u00a0octobre. Six pi\u00e8ces interpr\u00e9t\u00e9es par des com\u00e9diens r\u00e9gionaux sont pr\u00e9vues. Je rappelle que l\u2019entr\u00e9e est gratuite les deux jours\u00a0\u00bb, annonce Christine Geusens.<\/p>\n<p>Par ailleurs, ce sont les spectacles laur\u00e9ats qui ouvrent traditionnellement la saison culturelle suivante et seront offerts aux 770 premiers abonn\u00e9s. Cette ann\u00e9e, ils auront le choix entre Oscar d\u2019apr\u00e8s Eric-Emmanuel Schmidt le 19\u00a0septembre \u00e0 20\u00a0heures et L\u2019illusion conjugale par les Th\u00e9\u00e2treux Roannais le 28\u00a0septembre \u00e0&#8230;<\/p>\n","protected":false},"excerpt":{"rendered":"Sur la sc\u00e8ne du NEC, Christine Geusens, adjointe \u00e0 la culture, a tout d\u2019abord tenu \u00e0 remercier les&hellip;\n","protected":false},"author":2,"featured_media":152096,"comment_status":"","ping_status":"","sticky":false,"template":"","format":"standard","meta":{"footnotes":""},"categories":[9653],"tags":[1111,11,2430,1687,7539,1777,674,1011,27,12,25,4001,9664,15696,3140],"class_list":{"0":"post-152095","1":"post","2":"type-post","3":"status-publish","4":"format-standard","5":"has-post-thumbnail","7":"category-saint-etienne","8":"tag-actu","9":"tag-actualites","10":"tag-auvergne-rhone-alpes","11":"tag-culture-loisirs","12":"tag-edition-loire-sud","13":"tag-eu","14":"tag-europe","15":"tag-fr","16":"tag-france","17":"tag-news","18":"tag-republique-francaise","19":"tag-saint-etienne","20":"tag-saint-etienne-bassin","21":"tag-saint-priest-en-jarez","22":"tag-spectacle"},"share_on_mastodon":{"url":"https:\/\/pubeurope.com\/@fr\/114626628393498424","error":""},"_links":{"self":[{"href":"https:\/\/www.europesays.com\/fr\/wp-json\/wp\/v2\/posts\/152095","targetHints":{"allow":["GET"]}}],"collection":[{"href":"https:\/\/www.europesays.com\/fr\/wp-json\/wp\/v2\/posts"}],"about":[{"href":"https:\/\/www.europesays.com\/fr\/wp-json\/wp\/v2\/types\/post"}],"author":[{"embeddable":true,"href":"https:\/\/www.europesays.com\/fr\/wp-json\/wp\/v2\/users\/2"}],"replies":[{"embeddable":true,"href":"https:\/\/www.europesays.com\/fr\/wp-json\/wp\/v2\/comments?post=152095"}],"version-history":[{"count":0,"href":"https:\/\/www.europesays.com\/fr\/wp-json\/wp\/v2\/posts\/152095\/revisions"}],"wp:featuredmedia":[{"embeddable":true,"href":"https:\/\/www.europesays.com\/fr\/wp-json\/wp\/v2\/media\/152096"}],"wp:attachment":[{"href":"https:\/\/www.europesays.com\/fr\/wp-json\/wp\/v2\/media?parent=152095"}],"wp:term":[{"taxonomy":"category","embeddable":true,"href":"https:\/\/www.europesays.com\/fr\/wp-json\/wp\/v2\/categories?post=152095"},{"taxonomy":"post_tag","embeddable":true,"href":"https:\/\/www.europesays.com\/fr\/wp-json\/wp\/v2\/tags?post=152095"}],"curies":[{"name":"wp","href":"https:\/\/api.w.org\/{rel}","templated":true}]}}