{"id":152097,"date":"2025-06-04T18:58:13","date_gmt":"2025-06-04T18:58:13","guid":{"rendered":"https:\/\/www.europesays.com\/fr\/152097\/"},"modified":"2025-06-04T18:58:13","modified_gmt":"2025-06-04T18:58:13","slug":"saint-etienne-verney-carron-passe-sous-le-controle-de-rivolier","status":"publish","type":"post","link":"https:\/\/www.europesays.com\/fr\/152097\/","title":{"rendered":"Saint-Etienne: Verney-Carron passe sous le contr\u00f4le de Rivolier"},"content":{"rendered":"<p><img loading=\"lazy\" decoding=\"async\" alt=\"\u00a9 Denis Meynard - Arnaud van Robais et son fils Alexandre devant le tribunal de commerce de Saint-Etienne.\" data-zoom-src=\"https:\/\/www.europesays.com\/fr\/wp-content\/uploads\/2025\/06\/initial-rivolier.jpg\" data-zoomable=\"\" height=\"702\" src=\"https:\/\/www.europesays.com\/fr\/wp-content\/uploads\/2025\/06\/initial-rivolier.jpg\" width=\"1248\"\/>  <\/p>\n<p class=\"article-desc\">\u00a9 Denis Meynard &#8211; Arnaud van Robais et son fils Alexandre devant le tribunal de commerce de Saint-Etienne. <\/p>\n<p>\u00ab\u00a0C\u2019est une d\u00e9cision qui nous honore et qui nous oblige\u00a0\u00bb, a r\u00e9agi Arnaud van Robais\u00a0mercredi 4 juin \u00e0 l\u2019annonce du choix du groupe de Saint-Just-Saint-Rambert qu\u2019il pr\u00e9side pour la reprise de <strong>Verney-Carron<\/strong>. <\/p>\n<p>Si le premier\u00a0magistrat st\u00e9phanois, Ga\u00ebl Perdriau, a salu\u00e9 \u00ab\u00a0une excellente nouvelle pour Saint-\u00c9tienne, pour ses salari\u00e9s et pour notre tissu industriel\u00a0\u00bb, FN Browning, dont l\u2019offre n\u2019a pas \u00e9t\u00e9 retenue, a, de son c\u00f4t\u00e9, exprim\u00e9 sa \u00ab\u00a0surprise compte-tenu de la qualit\u00e9 de notre offre soulign\u00e9e par l\u2019avis favorable de l\u2019ensemble des intervenants.\u00a0\u00bb  <\/p>\n<p>Ajoutant : \u00ab\u00a0Nous allons maintenant \u00e9tudier le jugement avec attention (\u2026) Quoi qu\u2019il en soit, nous souhaitons le meilleur aux travailleurs de l\u2019entreprise\u00a0\u00bb. <\/p>\n<p> Rivolier prendra possession de Verney-Carron jeudi 5 juin <\/p>\n<p>Rivolier prendra possession d\u00e8s jeudi de l\u2019entreprise dont les salari\u00e9s \u00e9taient majoritairement en activit\u00e9 partielle depuis d\u00e9cembre. Il va constituer une soci\u00e9t\u00e9 commune (dont il d\u00e9tiendra 65 %) avec le familiy office tch\u00e8que RSBC, propri\u00e9taire des <strong>fabricants d\u2019armes<\/strong> de petit calibre slov\u00e8ne Arex et autrichien Steyr.<\/p>\n<p>Son offre, qui reprend 55 des 67 salari\u00e9s, a \u00e9t\u00e9 pr\u00e9f\u00e9r\u00e9e \u00e0 celle de l\u2019industriel belge de l\u2019armement terrestre FN Browning, qui proposait d\u2019en conserver 50. En 2024 les groupes Rivolier et FN Browning ont r\u00e9alis\u00e9 respectivement un chiffre d\u2019affaires de 131 millions d\u2019euros avec 280 salari\u00e9s, et de 934 millions avec 3 100 salari\u00e9s. <\/p>\n<p>Dans sa d\u00e9cision, qui avait \u00e9t\u00e9 mise en d\u00e9lib\u00e9r\u00e9 \u00e0 l\u2019issue de l\u2019audience de mercredi dernier, le tribunal estime que \u00ab\u00a0les deux projets sont incontestablement s\u00e9rieux et r\u00e9fl\u00e9chis, qu\u2019ils paraissent r\u00e9alisables au regard des pr\u00e9visions d\u2019exploitation et d\u2019investissement\u00a0\u00bb. <\/p>\n<p>Il constate que Rivolier, en tant que distributeurs des <strong>armes de chasse<\/strong> et de tir, ainsi que des <strong>flash-ball<\/strong> fabriqu\u00e9s par Verney-Carron, a \u00ab\u00a0une tr\u00e8s bonne connaissance de la soci\u00e9t\u00e9, de ses produits, de ses comp\u00e9tences et qu\u2019il indique avoir des commandes en attente de fabrication pour des volumes importants\u00a0\u00bb. <\/p>\n<p>Rivolier et Verney-Carron cumulent 400 ans d\u2019exp\u00e9rience <\/p>\n<p>Le tribunal exprime par ailleurs son attachement \u00e0 ce que \u00ab\u00a0le patrimoine, le savoir-faire, les marques et autres droits de propri\u00e9t\u00e9 intellectuelle, les emplois directs et indirects etc\u2026 dans le secteur strat\u00e9gique de la fili\u00e8re armuri\u00e8re (chasse et d\u00e9fense) soient conserv\u00e9s en France et plus particuli\u00e8rement sur le territoire st\u00e9phanois o\u00f9 s\u2019inscrit le projet Rivolier\u00a0\u00bb.<\/p>\n<p>On notera que Rivolier, n\u00e9e en 1830, et Verney-Carron, fond\u00e9 en 1820, cumulent ensemble 400 ans d\u2019existence. <\/p>\n<p>Pour le groupe familial de Saint-Just-Saint-Rambert, h\u00e9ritier de l\u2019entreprise st\u00e9phanoise Rivolier qui a fabriqu\u00e9 des armes de chasses de 1830 \u00e0 1963, avant de se concentrer sur le m\u00e9tier de <strong>distributeur<\/strong> d\u2019armes \u00e0 feu, 2025 est l\u2019ann\u00e9e du retour \u00e0 une <strong>production industrielle<\/strong> car il s\u2019appr\u00eate \u00e0 boucler dans les prochaines semaines la prise de contr\u00f4le majoritaire (75 %) du fabricant fran\u00e7ais de drones <a href=\"https:\/\/mesinfos.fr\/42170-saint-just-saint-rambert\/saint-just-saint-rambert-hexadrone-passe-sous-le-controle-du-ligerien-rivolier-219490.html\" rel=\"noopener nofollow\" target=\"_blank\">Hexadrone<\/a>.<\/p>\n","protected":false},"excerpt":{"rendered":"\u00a9 Denis Meynard &#8211; Arnaud van Robais et son fils Alexandre devant le tribunal de commerce de Saint-Etienne.&hellip;\n","protected":false},"author":2,"featured_media":152098,"comment_status":"","ping_status":"","sticky":false,"template":"","format":"standard","meta":{"footnotes":""},"categories":[9653],"tags":[1111,11,2430,4183,16291,1777,674,1011,27,693,12,2872,25,4001],"class_list":{"0":"post-152097","1":"post","2":"type-post","3":"status-publish","4":"format-standard","5":"has-post-thumbnail","7":"category-saint-etienne","8":"tag-actu","9":"tag-actualites","10":"tag-auvergne-rhone-alpes","11":"tag-chasse","12":"tag-du00e9fense-nationale","13":"tag-eu","14":"tag-europe","15":"tag-fr","16":"tag-france","17":"tag-industrie","18":"tag-news","19":"tag-police-municipale","20":"tag-republique-francaise","21":"tag-saint-etienne"},"share_on_mastodon":{"url":"https:\/\/pubeurope.com\/@fr\/114626632538455660","error":""},"_links":{"self":[{"href":"https:\/\/www.europesays.com\/fr\/wp-json\/wp\/v2\/posts\/152097","targetHints":{"allow":["GET"]}}],"collection":[{"href":"https:\/\/www.europesays.com\/fr\/wp-json\/wp\/v2\/posts"}],"about":[{"href":"https:\/\/www.europesays.com\/fr\/wp-json\/wp\/v2\/types\/post"}],"author":[{"embeddable":true,"href":"https:\/\/www.europesays.com\/fr\/wp-json\/wp\/v2\/users\/2"}],"replies":[{"embeddable":true,"href":"https:\/\/www.europesays.com\/fr\/wp-json\/wp\/v2\/comments?post=152097"}],"version-history":[{"count":0,"href":"https:\/\/www.europesays.com\/fr\/wp-json\/wp\/v2\/posts\/152097\/revisions"}],"wp:featuredmedia":[{"embeddable":true,"href":"https:\/\/www.europesays.com\/fr\/wp-json\/wp\/v2\/media\/152098"}],"wp:attachment":[{"href":"https:\/\/www.europesays.com\/fr\/wp-json\/wp\/v2\/media?parent=152097"}],"wp:term":[{"taxonomy":"category","embeddable":true,"href":"https:\/\/www.europesays.com\/fr\/wp-json\/wp\/v2\/categories?post=152097"},{"taxonomy":"post_tag","embeddable":true,"href":"https:\/\/www.europesays.com\/fr\/wp-json\/wp\/v2\/tags?post=152097"}],"curies":[{"name":"wp","href":"https:\/\/api.w.org\/{rel}","templated":true}]}}