{"id":152099,"date":"2025-06-04T18:59:09","date_gmt":"2025-06-04T18:59:09","guid":{"rendered":"https:\/\/www.europesays.com\/fr\/152099\/"},"modified":"2025-06-04T18:59:09","modified_gmt":"2025-06-04T18:59:09","slug":"grand-nancy-plus-de-300-rendez-vous-dans-la-metropole-pour-animer-votre-ete","status":"publish","type":"post","link":"https:\/\/www.europesays.com\/fr\/152099\/","title":{"rendered":"Grand Nancy. Plus de 300 rendez-vous dans la M\u00e9tropole pour animer votre \u00e9t\u00e9"},"content":{"rendered":"<p>Le coup d\u2019envoi des animations estivales sera donn\u00e9 ce vendredi 6\u00a0juin avec l\u2019ouverture du Heavy Week-end au Z\u00e9nith de Nancy. Cet \u00e9t\u00e9, la ville de Nancy et la m\u00e9tropole du Grand Nancy proposent plus de <a href=\"https:\/\/www.estrepublicain.fr\/culture-loisirs\/2025\/06\/02\/quelles-activites-et-sorties-sont-proposees-cet-ete-a-nancy\" target=\"_blank\" rel=\"noopener\">300 rendez-vous festifs, sportifs et culturels aux habitants<\/a>.<\/p>\n<p>M\u00e9tro\u2019Folies, consacrant les Ann\u00e9es folles et l\u2019Art d\u00e9co sur le territoire de la m\u00e9tropole, sera cette ann\u00e9e le fil conducteur d\u2019une programmation \u00e9clectique destin\u00e9e \u00e0 tous les publics.<\/p>\n<p>  1\u00a0200 marcheurs au Trailwalker Oxfam<\/p>\n<p>Ce samedi 7\u00a0juin, \u00e0 partir de 6\u00a0h, 1\u00a0600 marcheurs seront au d\u00e9part du Trailwalker Oxfam, place de la Carri\u00e8re, \u00e0 Nancy. Ce trail de 100\u00a0km sans relais, \u00e0 parcourir en moins trente heures autour de la m\u00e9tropole du Grand Nancy, sera l\u2019un des temps forts des \u00e9v\u00e8nements sportifs estivaux.<\/p>\n<p>Le sport sera encore c\u00e9l\u00e9br\u00e9 du 27 au 29\u00a0juin, dans le parc de la P\u00e9pini\u00e8re, avec la manifestation \u00ab\u00a0Bouge\u00a0\u00bb, qui rassemblera une soixantaine d\u2019associations et plus de 1\u00a0500 enfants invit\u00e9s \u00e0 d\u00e9couvrir des sports des Ann\u00e9es folles.<\/p>\n<p>  Andr\u00e9 Manoukian au lancement du vid\u00e9o-mapping place Stanislas<\/p>\n<p>Chaque soir de l\u2019\u00e9t\u00e9, du 13\u00a0juin au 14\u00a0septembre sur la place Stanislas, un nouveau vid\u00e9o-mapping monumental c\u00e9l\u00e9brera l\u2019alliance du patrimoine remarquable et de la cr\u00e9ation contemporaine. La cr\u00e9ation graphique de la nouvelle version de <a href=\"https:\/\/www.estrepublicain.fr\/culture-loisirs\/2025\/05\/13\/mapping-a-nancy-andre-manoukian-signe-la-bande-son-de-morphing-architecture-le-nouveau-son-et-lumiere-de-la-place-stanislas\" target=\"_blank\" rel=\"noopener\">\u00ab\u00a0La Belle Saison\u00a0\u00bb<\/a> est propos\u00e9e par Josselin Fouch\u00e9, sous la direction artistique de J\u00e9r\u00e9mie Bellot, artiste plasticien qui a r\u00e9cemment sublim\u00e9 la cath\u00e9drale Notre-Dame de Paris \u00e0 l\u2019occasion de sa r\u00e9ouverture au public.<\/p>\n<p>Andr\u00e9 Manoukian, qui a sign\u00e9 la musique du nouveau vid\u00e9o-mapping avec Ena Eno, sera pr\u00e9sent \u00e0 Nancy pour la premi\u00e8re projection programm\u00e9e vendredi 13\u00a0juin, \u00e0 22\u00a0h\u00a045. Le compositeur et l\u2019\u00e9quipe artistique rencontreront le public quelques heures avant, de 15\u00a0h\u00a030 \u00e0 16\u00a0h\u00a030, dans l\u2019auditorium du mus\u00e9e des Beaux-Arts.<\/p>\n<p>  Retour aux Ann\u00e9es folles dans le parc Madame de Graffigny<\/p>\n<p>C\u2019est l\u2019une des grandes nouveaut\u00e9s de la programmation estivale. Dimanche 29\u00a0juin, de 10\u00a0h\u00a030 \u00e0 21\u00a0h, le parc du ch\u00e2teau Madame de Graffigny, \u00e0 Villers-l\u00e8s-Nancy, servira de cadre \u00e0 \u00ab\u00a0La folle journ\u00e9e d\u2019\u00c9l\u00e9onore\u00a0\u00bb, une manifestation rappelant la m\u00e9moire d\u2019\u00c9l\u00e9onore Corbin, sous le signe des Ann\u00e9es folles. La fille d\u2019Antoine Corbin, fondateur des Magasins R\u00e9unis, fut propri\u00e9taire du ch\u00e2teau Madame de Graffigny de 1906 \u00e0 1925 qu\u2019elle a am\u00e9nag\u00e9 dans le style Art d\u00e9co. Concerts, th\u00e9\u00e2tre, concours d\u2019\u00e9l\u00e9gance, pique-nique g\u00e9ant, course en sac, animeront la journ\u00e9e.<\/p>\n<p>Un rallye de voitures anciennes, en partenariat avec le Club vignette gratuite et le Mus\u00e9e automobile de Lorraine, accompagnera la manifestation. Les v\u00e9hicules quitteront la place Carnot, \u00e0 Nancy, pour rejoindre le ch\u00e2teau.<\/p>\n<p>  Plage des 2 Rives et guinguettes<\/p>\n<p>Les rives de Meurthe se transformeront pour la quatri\u00e8me ann\u00e9e cons\u00e9cutive en plage estivale, du 1er \u00a0juillet au 31\u00a0ao\u00fbt. Les habitants de la m\u00e9tropole retrouveront encore cette ann\u00e9e, \u00e0 partir du 13\u00a0juin, la guinguette de la plage de la M\u00e9chelle et des guinguettes dans la ville, place Carnot, dans le parc Blondot, \u00e0 la Cure d\u2019Air, dans le parc Charles-III, Porte de la Craffe, ainsi que dans le parc Olry (guinguette solidaire au b\u00e9n\u00e9fice d\u2019associations). Cette ann\u00e9e il n\u2019y aura pas de guinguette dans le jardin du Mus\u00e9e de l\u2019\u00c9cole de Nancy faute de candidature.<\/p>\n<p>  Cin\u00e9ma en plein air<\/p>\n<p>Festival de musiques \u00e9lectroniques, ouverture d\u2019ateliers d\u2019artistes, concerts, balades gourmandes, expositions, cin\u00e9ma en plein air, constituent d\u2019autres temps forts dont les dates et les horaires sont \u00e0 d\u00e9couvrir sur les sites nancy.fr et <a href=\"https:\/\/www.grandnancy.eu\/accueil\" target=\"_blank\" rel=\"noopener\">grandnancy.eu.<\/a><\/p>\n","protected":false},"excerpt":{"rendered":"Le coup d\u2019envoi des animations estivales sera donn\u00e9 ce vendredi 6\u00a0juin avec l\u2019ouverture du Heavy Week-end au Z\u00e9nith&hellip;\n","protected":false},"author":2,"featured_media":152100,"comment_status":"","ping_status":"","sticky":false,"template":"","format":"standard","meta":{"footnotes":""},"categories":[9635],"tags":[1111,11,1687,1704,1777,674,1011,27,775,1702,1703,12,25],"class_list":{"0":"post-152099","1":"post","2":"type-post","3":"status-publish","4":"format-standard","5":"has-post-thumbnail","7":"category-nancy","8":"tag-actu","9":"tag-actualites","10":"tag-culture-loisirs","11":"tag-edition-nancy-et-agglomeration","12":"tag-eu","13":"tag-europe","14":"tag-fr","15":"tag-france","16":"tag-grand-est","17":"tag-nancy","18":"tag-nancy-ville-54b","19":"tag-news","20":"tag-republique-francaise"},"share_on_mastodon":{"url":"https:\/\/pubeurope.com\/@fr\/114626636267610016","error":""},"_links":{"self":[{"href":"https:\/\/www.europesays.com\/fr\/wp-json\/wp\/v2\/posts\/152099","targetHints":{"allow":["GET"]}}],"collection":[{"href":"https:\/\/www.europesays.com\/fr\/wp-json\/wp\/v2\/posts"}],"about":[{"href":"https:\/\/www.europesays.com\/fr\/wp-json\/wp\/v2\/types\/post"}],"author":[{"embeddable":true,"href":"https:\/\/www.europesays.com\/fr\/wp-json\/wp\/v2\/users\/2"}],"replies":[{"embeddable":true,"href":"https:\/\/www.europesays.com\/fr\/wp-json\/wp\/v2\/comments?post=152099"}],"version-history":[{"count":0,"href":"https:\/\/www.europesays.com\/fr\/wp-json\/wp\/v2\/posts\/152099\/revisions"}],"wp:featuredmedia":[{"embeddable":true,"href":"https:\/\/www.europesays.com\/fr\/wp-json\/wp\/v2\/media\/152100"}],"wp:attachment":[{"href":"https:\/\/www.europesays.com\/fr\/wp-json\/wp\/v2\/media?parent=152099"}],"wp:term":[{"taxonomy":"category","embeddable":true,"href":"https:\/\/www.europesays.com\/fr\/wp-json\/wp\/v2\/categories?post=152099"},{"taxonomy":"post_tag","embeddable":true,"href":"https:\/\/www.europesays.com\/fr\/wp-json\/wp\/v2\/tags?post=152099"}],"curies":[{"name":"wp","href":"https:\/\/api.w.org\/{rel}","templated":true}]}}