{"id":15211,"date":"2025-04-10T14:50:23","date_gmt":"2025-04-10T14:50:23","guid":{"rendered":"https:\/\/www.europesays.com\/fr\/15211\/"},"modified":"2025-04-10T14:50:23","modified_gmt":"2025-04-10T14:50:23","slug":"avec-la-fin-de-lhiver-2-artistes-chantent-la-fin-dune-histoire-damour","status":"publish","type":"post","link":"https:\/\/www.europesays.com\/fr\/15211\/","title":{"rendered":"avec \u00ab La fin de l\u2019hiver \u00bb, 2 artistes chantent la fin d\u2019une histoire d\u2019amour"},"content":{"rendered":"<p><b>Vous attendiez le tube de l\u2019\u00e9t\u00e9 ? En ce mois d\u2019avril, on lui pr\u00e9f\u00e9rera celui du printemps qui signe La fin de l\u2019hiver\u00a0\u00e0 coups de photos br\u00fbl\u00e9es, et d\u2019un renouveau esp\u00e9r\u00e9. Chanteur et compositeur du groupe strasbourgeois Amoure (depuis 2015), Nicolas Lietaert prouve qu\u2019il sait toujours parler de sentiments. Ici, il nous chante une histoire pass\u00e9e \u00e0 demi-mot\u2026 Avec en duo, pour dire le reste : la jolie voix de la Strasbourgeoise Mau.<\/b><\/p>\n<p>Lui, chante haut et fort dans son titre Strasbourg\u00a0qu\u2019il \u00ab\u00a0vien[t] de Strasbourg et elle sait m\u00eame pas o\u00f9 c\u2019est\u00a0\u00bb. De notre ville, avec son groupe Amoure, <b>Nicolas Lietaert<\/b> y parlait \u00ab\u00a0des hivers de cent jours\u00a0\u00bb\u2026 Six ans plus tard, le voil\u00e0 \u00e0 signer La fin de l\u2019hiver, justement.<\/p>\n<p><b>Un titre doux, en guitare-voix, extrait de leur dernier album <\/b><b>Vertige Invers\u00e9 <\/b><b>(sorti en septembre 2024)<\/b>. Aux c\u00f4t\u00e9s des \u00e9nergiques <a href=\"https:\/\/www.youtube.com\/watch?v=MLYiBQnwgP4\" target=\"_blank\" rel=\"noopener\">Je m\u2019en fous<\/a> et autres <a href=\"https:\/\/www.youtube.com\/watch?v=F14ivUSr7sM\" target=\"_blank\" rel=\"noopener\">Crash Test<\/a>, dans la ligne droite de ces Gar\u00e7ons ordinaires [leur premier album, ndlr] \u2013 pop, rock et r\u00e9tro juste comme il faut \u2013 Nicolas revient le c\u0153ur l\u00e9ger : apr\u00e8s le ressentiment, le retour du printemps.<\/p>\n<\/p>\n<p>                <img width=\"750\" height=\"500\" src=\"https:\/\/www.europesays.com\/fr\/wp-content\/uploads\/2025\/04\/amoure-by-emma-birski-1-1-750x500.jpeg\" class=\"attachment-gallery size-gallery\" alt=\"Amoure Nicolas Lietaert\" data-full-url=\"https:\/\/pokaa.fr\/wp-content\/uploads\/2025\/04\/08\/amoure-by-emma-birski-1-1.jpeg\" decoding=\"async\" loading=\"lazy\"  \/>            <\/p>\n<p>                <img width=\"500\" height=\"500\" src=\"https:\/\/www.europesays.com\/fr\/wp-content\/uploads\/2025\/04\/3-n-est-cense-fannylaubepin1-500x500.jpg\" class=\"attachment-gallery size-gallery\" alt=\"MAU\" data-full-url=\"https:\/\/pokaa.fr\/wp-content\/uploads\/2025\/04\/08\/3-n-est-cense-fannylaubepin1.jpg\" decoding=\"async\" loading=\"lazy\"  \/>            <\/p>\n<p>                    1. Nicolas Lietaert, Julien Herrmann et Thibault Dutt. \u00a9 Emma Birski \/ Document remis ; 2. MAU. \u00a9 Fanny Laubepin \/ Document remis<\/p>\n<p>Elle, elle sera <b>bient\u00f4t \u00e0 l\u2019affiche du Pelpass Festival<\/b> (le 31 mai) pour pr\u00e9senter son deuxi\u00e8me EP en exclusivit\u00e9 (<a href=\"https:\/\/www.youtube.com\/watch?v=C5BHtqe-mwI\" target=\"_blank\" rel=\"noopener\"><b>Faire des efforts<\/b><\/a>, d\u00e8s le 23 mai 2025) :<b> Mau, jeune autrice-interpr\u00e8te-compositrice strasbourgeoise, rejoint l\u2019artiste d\u2019Amoure sur son nouveau titre<\/b>. Un duo enchanteur, r\u00e9uni dans un chalet vosgien.<\/p>\n<p>    <img width=\"450\" height=\"600\" src=\"https:\/\/www.europesays.com\/fr\/wp-content\/uploads\/2025\/04\/img-5596-450x600.jpeg\" class=\"attachment-image-size-M size-image-size-M\" alt=\"Nicolas Lietaert MAU Amoure\" decoding=\"async\" loading=\"lazy\"  \/>         \u00ab La fin de l&rsquo;hiver \u00bb Nicolas Lietaert (Amoure) &amp; MAU. \u00a9 Document remis <\/p>\n<p>\u00ab\u00a0C&rsquo;est la fin de l&rsquo;hiver. J&rsquo;ai le c\u0153ur \u00e0 l&rsquo;envers\u00a0\u00bb<\/p>\n<p>Parce qu\u2019il sait parler d\u2019Amour(e), Nicolas imagine La fin de l\u2019hiver, un titre qu\u2019il \u00e9crit d\u2019abord comme un solo. Une m\u00e9lodie douce qui \u00e9voque les histoires pass\u00e9es et convoque leurs lendemains. Si elle commence par \u00ab\u00a0C\u2019est la fin de l\u2019hiver. J\u2019ai le c\u0153ur \u00e0 l\u2019envers\u00a0\u00bb\u00a0; <b>le refrain ass\u00e8ne rapidement <\/b><b>\u00ab\u00a0D\u00e9cembre ensemble, avril en cendres\u00a0\u00bb<\/b><b>.<\/b> \u00c0 la mani\u00e8re d\u2019<b>un feu carnavalesque qui cl\u00f4t la froide saison.<\/b><\/p>\n<p>Comme Nicolas nous l\u2019explique\u00a0: <b>il s\u2019agit du<\/b><b> <\/b><b>\u00ab\u00a0printemps apr\u00e8s un hiver sentimental, qui peut \u00eatre un deuil d\u2019une relation. Le fait de retrouver go\u00fbt \u00e0 la vie, \u00e9motionnellement, c\u2019est une sorte de printemps affectif apr\u00e8s une longue p\u00e9riode vide\u00a0\u00bb<\/b>.<\/p>\n<p>    <img width=\"600\" height=\"600\" src=\"https:\/\/www.europesays.com\/fr\/wp-content\/uploads\/2025\/04\/la-fin-de-lhiver-600x600.jpg\" class=\"attachment-image-size-M size-image-size-M\" alt=\"Nicolas Lietaert MAU Amoure\" decoding=\"async\" loading=\"lazy\"  \/>         \u00ab La fin de l&rsquo;hiver \u00bb Nicolas Lietaert (Amoure) &amp; MAU. \u00a9 Document remis <\/p>\n<p>Se r\u00e9f\u00e9rant \u00e0 la chanson <b>Strasbourg et ses<\/b><b> \u00ab\u00a0hivers de cent jours\u00a0\u00bb<\/b>, il fait le parall\u00e8le entre cette saison qui lui \u00ab\u00a0p\u00e8se beaucoup\u00a0\u00bb (\u00ab\u00a0de novembre \u00e0 avril, c\u2019est long, quoi\u00a0!\u00a0\u00bb), o\u00f9 il \u00ab a tendance \u00e0 se rouler en boule en attendant que \u00e7a se passe \u00bb. Un sentiment qu\u2019on peut ressentir apr\u00e8s une rupture, jusqu\u2019au moment o\u00f9 \u00ab\u00a0reprend l\u2019envie d\u2019aborder les gens\u2026\u00a0\u00bb.<\/p>\n<p>Et puis, en fond, l\u2019id\u00e9e de l\u2019apr\u00e8s\u00a0: \u00ab Comment on se sent,<b> comment on se reconstruit. <\/b>\u00bb Une invitation <b>\u00e0 aller de l\u2019avant, <\/b><b>\u00ab\u00a0une fois qu\u2019on a dig\u00e9r\u00e9 la perte\u00a0\u00bb<\/b>.<\/p>\n<p>\u00ab Comme la neige au soleil. Comme un r\u00eave au r\u00e9veil \u00bb nous dit la chanson. \u00c0 la voix de Nicolas, lui r\u00e9pond celle de Mau, tout en douceur\u00a0:<b> <\/b><b>\u00ab C\u2019est la fin d\u2019une saison. Le d\u00e9but d\u2019une nouvelle. \u00bb<\/b>\u00a0Un duo qui ne devait pas \u00eatre, mais prend tout son sens, finalement.<\/p>\n<p>                <img width=\"375\" height=\"500\" src=\"https:\/\/www.europesays.com\/fr\/wp-content\/uploads\/2025\/04\/img-0420-375x500.jpg\" class=\"attachment-gallery size-gallery\" alt=\"Nicolas Lietaert MAU Amoure\" data-full-url=\"https:\/\/pokaa.fr\/wp-content\/uploads\/2025\/04\/08\/img-0420.jpg\" decoding=\"async\" loading=\"lazy\"  \/>            <\/p>\n<p>                <img width=\"375\" height=\"500\" src=\"https:\/\/www.europesays.com\/fr\/wp-content\/uploads\/2025\/04\/img-5597-375x500.jpeg\" class=\"attachment-gallery size-gallery\" alt=\"Nicolas Lietaert MAU Amoure\" data-full-url=\"https:\/\/pokaa.fr\/wp-content\/uploads\/2025\/04\/08\/img-5597-rotated.jpeg\" decoding=\"async\" loading=\"lazy\"  \/>            <\/p>\n<p>                    \u00ab La fin de l&rsquo;hiver \u00bb Nicolas Lietaert (Amoure) &amp; MAU. \u00a9 Documents remis<\/p>\n<p>Un duo et un clip<\/p>\n<p><b>Car s\u2019il pose d\u2019abord seul sa voix sur La fin de l\u2019hiver, Nicolas trouve encore qu\u2019il <\/b><b>\u00ab\u00a0passe en force parfois\u00a0\u00bb<\/b>, trop habitu\u00e9 \u00e0 \u00ab\u00a0[se] cacher derri\u00e8re un groupe\u00a0\u00bb, et <b>\u00ab\u00a0un peu pudique\u00a0\u00bb<\/b>, aussi. Alors que sa version est d\u00e9j\u00e0 enregistr\u00e9e, il se dit que \u00ab\u00a0cette chanson-l\u00e0, m\u00e9ritait d\u2019y <b>gagner en douceur<\/b>\u00a0\u00bb.<\/p>\n<p><b>Il d\u00e9cide alors, d\u00e9but mars, d\u2019y convier Mau<\/b>. Une artiste strasbourgeoise (<b>autrice, compositrice et interpr\u00e8te<\/b>) berc\u00e9e au jazz et \u00e0 la chanson fran\u00e7aise, \u00e0 la<b> voix douce et suave<\/b> que l\u2019on retrouve dans ses propres compos, teint\u00e9es de m\u00e9lodies pop, jazz, soul et R\u2019n\u2019B. <b>La r\u00e9ponse <\/b><b>\u00ab\u00a0d\u00e9licate\u00a0\u00bb<\/b><b> que Nicolas attendait.<\/b><\/p>\n<p>    <img width=\"450\" height=\"600\" src=\"https:\/\/www.europesays.com\/fr\/wp-content\/uploads\/2025\/04\/img-5599-450x600.jpeg\" class=\"attachment-image-size-M size-image-size-M\" alt=\"Nicolas Lietaert MAU Amoure\" decoding=\"async\" loading=\"lazy\"  \/>         \u00ab La fin de l&rsquo;hiver \u00bb Nicolas Lietaert (Amoure) &amp; MAU. \u00a9 Document remis <\/p>\n<p>Ami(e)s et coll\u00e8gues sur les plateaux de tournage qu\u2019il et elle fr\u00e9quentent pour le travail, Nicolas voit ici <b>\u00ab\u00a0le prolongement de cette amiti\u00e9\u00a0\u00bb<\/b>. Une collaboration qui \u00ab fait sens \u00bb pour lui, puisqu\u2019entre deux Strasbourgeois(es).<\/p>\n<p>Nicolas explique \u00eatre \u00ab\u00a0tr\u00e8s content du r\u00e9sultat\u00a0\u00bb\u00a0: <b>Mau apporte avec sa voix <\/b><b>\u00ab\u00a0la fragilit\u00e9 qu\u2019il manquait\u00a0\u00bb<\/b>. \u00ab\u00a0Elle a tout de suite eu la bonne intention\u00a0\u00bb, explique-t-il. Malgr\u00e9 [leurs] \u00ab\u00a0univers tr\u00e8s diff\u00e9rents\u00a0\u00bb, les deux s\u2019harmonisent parfaitement. <b>\u00ab Si c\u2019\u00e9tait un <\/b><b>featuring<\/b><b> sur une chanson qui existait d\u00e9j\u00e0, j\u2019ai l\u2019impression qu\u2019elle existe vraiment maintenant\u00a0\u00bb<\/b>. \u00ab J\u2019\u00e9tais tr\u00e8s content de la chanter tout seul, mais je trouve que <b>c\u2019est encore mieux \u00e0 deux <\/b>\u00bb, confie-t-il.<\/p>\n<p>                <img width=\"375\" height=\"500\" src=\"https:\/\/www.europesays.com\/fr\/wp-content\/uploads\/2025\/04\/img-5595-375x500.jpeg\" class=\"attachment-gallery size-gallery\" alt=\"Nicolas Lietaert MAU Amoure\" data-full-url=\"https:\/\/pokaa.fr\/wp-content\/uploads\/2025\/04\/08\/img-5595-rotated.jpeg\" decoding=\"async\" loading=\"lazy\"  \/>            <\/p>\n<p>                <img width=\"375\" height=\"500\" src=\"https:\/\/www.europesays.com\/fr\/wp-content\/uploads\/2025\/04\/img-5593-375x500.jpeg\" class=\"attachment-gallery size-gallery\" alt=\"Nicolas Lietaert MAU Amoure\" data-full-url=\"https:\/\/pokaa.fr\/wp-content\/uploads\/2025\/04\/08\/img-5593-rotated.jpeg\" decoding=\"async\" loading=\"lazy\"  \/>            <\/p>\n<p>                    \u00ab La fin de l&rsquo;hiver \u00bb Nicolas Lietaert (Amoure) &amp; MAU. \u00a9 Documents remis<\/p>\n<p>Pour marquer le nouveau tournant du titre et c\u00e9l\u00e9brer le printemps,<b>\u00a0un mini-clip <\/b><b>\u00ab\u00a0cosy\u00a0\u00bb<\/b><b> est sorti ce vendredi 4 avril, sur leurs r\u00e9seaux<\/b>. Un Reel d\u2019une minute, un avant-go\u00fbt des 2,33 minutes que dure la chanson. <b>R\u00e9alis\u00e9 par Yves Brua<\/b>, il nous embarque, avec le duo, dans un chalet dans les Vosges sur les traces de cette histoire qui prend fin.<\/p>\n<p>Pour illustrer leur pass\u00e9 : des mises en sc\u00e8ne et des photos, que Nicolas d\u00e9crit comme \u00ab\u00a0plusieurs versions d'[eux]-m\u00eames\u00a0\u00bb. Pendant que le feu du po\u00eale et les souvenirs br\u00fblent, les paroles tournent et rappellent que, <b>comme les saisons, les choses passent.<\/b><\/p>\n<p>Une certitude pourtant : le refrain, lui, risque bien de vous rester en t\u00eate\u2026<strong> Un morceau doux \u00e0 \u00e9couter ci-dessous :<\/strong><\/p>\n<p style=\"text-align: center;\"><b>Pour retrouver Amoure\u00a0:<br \/><\/b><a href=\"https:\/\/instagram.com\/amouremusic\" target=\"_blank\" rel=\"noopener\">Amoure sur Instagram<\/a><\/p>\n<p style=\"text-align: center;\"><b>Leur actu\u00a0:<br \/><\/b>Leur album Vertige Invers\u00e9 (sorti en septembre 2024) : disponible partout<br \/>En concert au Festival Rock in Dabo (57) le 7 juin, et au ZMF (Freiburg, Allemagne) le 17 juillet<\/p>\n<p style=\"text-align: center;\"><b>Pour retrouver Mau\u00a0:<br \/><\/b>Mau sur <a href=\"https:\/\/www.instagram.com\/mau.gane\/\" target=\"_blank\" rel=\"noopener\">Instragram<\/a> et <a href=\"https:\/\/www.facebook.com\/mau.gane\" target=\"_blank\" rel=\"noopener\">Facebook<\/a><\/p>\n<p style=\"text-align: center;\"><b>Son actu\u00a0:<br \/><\/b>Son EP Faire des efforts\u00a0: d\u00e8s le 23 mai 2025<br \/>En concert au Pelpass Festival le 31 mai<\/p>\n<p><script async src=\"\/\/www.instagram.com\/embed.js\"><\/script><\/p>\n","protected":false},"excerpt":{"rendered":"Vous attendiez le tube de l\u2019\u00e9t\u00e9 ? En ce mois d\u2019avril, on lui pr\u00e9f\u00e9rera celui du printemps qui&hellip;\n","protected":false},"author":2,"featured_media":15212,"comment_status":"","ping_status":"","sticky":false,"template":"","format":"standard","meta":{"footnotes":""},"categories":[2820],"tags":[1111,11,1376,6412,1695,251,1777,674,1011,27,775,6413,873,12,6414,4767,25,640],"class_list":{"0":"post-15211","1":"post","2":"type-post","3":"status-publish","4":"format-standard","5":"has-post-thumbnail","7":"category-strasbourg","8":"tag-actu","9":"tag-actualites","10":"tag-amour","11":"tag-amoure","12":"tag-chanson","13":"tag-culture","14":"tag-eu","15":"tag-europe","16":"tag-fr","17":"tag-france","18":"tag-grand-est","19":"tag-mau","20":"tag-musique","21":"tag-news","22":"tag-nicolas-lietaert","23":"tag-printemps","24":"tag-republique-francaise","25":"tag-strasbourg"},"share_on_mastodon":{"url":"https:\/\/pubeurope.com\/@fr\/114314230423251611","error":""},"_links":{"self":[{"href":"https:\/\/www.europesays.com\/fr\/wp-json\/wp\/v2\/posts\/15211","targetHints":{"allow":["GET"]}}],"collection":[{"href":"https:\/\/www.europesays.com\/fr\/wp-json\/wp\/v2\/posts"}],"about":[{"href":"https:\/\/www.europesays.com\/fr\/wp-json\/wp\/v2\/types\/post"}],"author":[{"embeddable":true,"href":"https:\/\/www.europesays.com\/fr\/wp-json\/wp\/v2\/users\/2"}],"replies":[{"embeddable":true,"href":"https:\/\/www.europesays.com\/fr\/wp-json\/wp\/v2\/comments?post=15211"}],"version-history":[{"count":0,"href":"https:\/\/www.europesays.com\/fr\/wp-json\/wp\/v2\/posts\/15211\/revisions"}],"wp:featuredmedia":[{"embeddable":true,"href":"https:\/\/www.europesays.com\/fr\/wp-json\/wp\/v2\/media\/15212"}],"wp:attachment":[{"href":"https:\/\/www.europesays.com\/fr\/wp-json\/wp\/v2\/media?parent=15211"}],"wp:term":[{"taxonomy":"category","embeddable":true,"href":"https:\/\/www.europesays.com\/fr\/wp-json\/wp\/v2\/categories?post=15211"},{"taxonomy":"post_tag","embeddable":true,"href":"https:\/\/www.europesays.com\/fr\/wp-json\/wp\/v2\/tags?post=15211"}],"curies":[{"name":"wp","href":"https:\/\/api.w.org\/{rel}","templated":true}]}}