{"id":152110,"date":"2025-06-04T19:05:08","date_gmt":"2025-06-04T19:05:08","guid":{"rendered":"https:\/\/www.europesays.com\/fr\/152110\/"},"modified":"2025-06-04T19:05:08","modified_gmt":"2025-06-04T19:05:08","slug":"se-dehancher-sur-la-musique-des-annees-80-une-soiree-avec-un-membre-demile-et-images-au-moulin-rose","status":"publish","type":"post","link":"https:\/\/www.europesays.com\/fr\/152110\/","title":{"rendered":"Se d\u00e9hancher sur la musique des ann\u00e9es 80 ? Une soir\u00e9e avec un membre d&rsquo;\u00c9mile et Images au Moulin Rose"},"content":{"rendered":"<p>            Par<br \/>\n        <strong><br \/>\n            <a href=\"https:\/\/actu.fr\/auteur\/laredaction\" title=\"Consulter tous les articles de R\u00e9daction Normandie\" target=\"_blank\" rel=\"noopener\">R\u00e9daction Normandie<\/a><br \/>\n        <\/strong><\/p>\n<p>        Publi\u00e9 le<\/p>\n<p>            4 juin 2025 \u00e0 21h00        <\/p>\n<p>Le <strong>nouveau directeur du Moulin Rose, Rapha\u00ebl Alarcon<\/strong>, a annonc\u00e9 une marche arri\u00e8re, lors de la reprise de la c\u00e9l\u00e8bre discoth\u00e8que <strong>Le Moulin Rose<\/strong>, de Belbeuf Saint-Adrien pr\u00e8s de <a href=\"https:\/\/actu.fr\/normandie\/rouen_76540\" target=\"_blank\" rel=\"noopener\">Rouen<\/a>, pour renouer avec les recettes qui ont fait sa notori\u00e9t\u00e9. Illustration avec la soir\u00e9e du vendredi 13 juin 2025, sur le <strong>th\u00e8me des ann\u00e9es 80<\/strong>.\u00a0<\/p>\n<p>Avec Mario Ramsamy, d\u2019Emile et Images<\/p>\n<p class=\" wall-content\">\u00ab Je mise sur les artistes des ann\u00e9es 80 \u00bb, annonce le directeur. Chose promise, chose due\u2026 Ainsi, lors de cette grande soir\u00e9e Ann\u00e9es 80, l\u2019invit\u00e9 d\u2019honneur sera <strong>Mario Ramsamy<\/strong> du groupe \u00c9mile et Images. Ambiance assur\u00e9e en perspective !<\/p>\n<p><strong>Infos pratiques<\/strong><br \/>Le Moulin Rose, 68 route de Paris, \u00e0 Belbeuf Saint-Adrien. Soir\u00e9e Ann\u00e9es 80, vendredi 13 juin 2025. <br \/>Entr\u00e9e : 20 euros. <br \/>Vestiaire : 1 euro.\u00a0<br \/>Infos et r\u00e9servation : 02 76 86 20 16.\u00a0<\/p>\n<p class=\" wall-content\">Suivez toute l\u2019actualit\u00e9 de vos villes et m\u00e9dias favoris en vous inscrivant \u00e0 <a href=\"https:\/\/moncompte.actu.fr\" title=\"D\u00e9couvez Mon Actu\" rel=\"nofollow noopener\" data-trk=\"{&quot;cta&quot;:{&quot;action&quot;:&quot;https:\\\/\\\/moncompte.actu.fr&quot;,&quot;category&quot;:&quot;mon compte&quot;,&quot;from&quot;:&quot;article footer&quot;,&quot;name&quot;:&quot;Mon actu&quot;,&quot;type&quot;:&quot;cta&quot;}}\" target=\"_blank\">Mon Actu<\/a>.<\/p>\n","protected":false},"excerpt":{"rendered":"Par R\u00e9daction Normandie Publi\u00e9 le 4 juin 2025 \u00e0 21h00 Le nouveau directeur du Moulin Rose, Rapha\u00ebl Alarcon,&hellip;\n","protected":false},"author":2,"featured_media":152111,"comment_status":"","ping_status":"","sticky":false,"template":"","format":"standard","meta":{"footnotes":""},"categories":[9587],"tags":[1111,11,5972,1777,674,1011,27,1652,873,12,5161,25,9590],"class_list":{"0":"post-152110","1":"post","2":"type-post","3":"status-publish","4":"format-standard","5":"has-post-thumbnail","7":"category-rouen","8":"tag-actu","9":"tag-actualites","10":"tag-danse","11":"tag-eu","12":"tag-europe","13":"tag-fr","14":"tag-france","15":"tag-loisirs-culture","16":"tag-musique","17":"tag-news","18":"tag-normandie","19":"tag-republique-francaise","20":"tag-rouen"},"share_on_mastodon":{"url":"https:\/\/pubeurope.com\/@fr\/114626659855477231","error":""},"_links":{"self":[{"href":"https:\/\/www.europesays.com\/fr\/wp-json\/wp\/v2\/posts\/152110","targetHints":{"allow":["GET"]}}],"collection":[{"href":"https:\/\/www.europesays.com\/fr\/wp-json\/wp\/v2\/posts"}],"about":[{"href":"https:\/\/www.europesays.com\/fr\/wp-json\/wp\/v2\/types\/post"}],"author":[{"embeddable":true,"href":"https:\/\/www.europesays.com\/fr\/wp-json\/wp\/v2\/users\/2"}],"replies":[{"embeddable":true,"href":"https:\/\/www.europesays.com\/fr\/wp-json\/wp\/v2\/comments?post=152110"}],"version-history":[{"count":0,"href":"https:\/\/www.europesays.com\/fr\/wp-json\/wp\/v2\/posts\/152110\/revisions"}],"wp:featuredmedia":[{"embeddable":true,"href":"https:\/\/www.europesays.com\/fr\/wp-json\/wp\/v2\/media\/152111"}],"wp:attachment":[{"href":"https:\/\/www.europesays.com\/fr\/wp-json\/wp\/v2\/media?parent=152110"}],"wp:term":[{"taxonomy":"category","embeddable":true,"href":"https:\/\/www.europesays.com\/fr\/wp-json\/wp\/v2\/categories?post=152110"},{"taxonomy":"post_tag","embeddable":true,"href":"https:\/\/www.europesays.com\/fr\/wp-json\/wp\/v2\/tags?post=152110"}],"curies":[{"name":"wp","href":"https:\/\/api.w.org\/{rel}","templated":true}]}}