{"id":152122,"date":"2025-06-04T19:11:32","date_gmt":"2025-06-04T19:11:32","guid":{"rendered":"https:\/\/www.europesays.com\/fr\/152122\/"},"modified":"2025-06-04T19:11:32","modified_gmt":"2025-06-04T19:11:32","slug":"en-juin-10-000-jeunes-europeennes-vont-faire-vibrer-strasbourg","status":"publish","type":"post","link":"https:\/\/www.europesays.com\/fr\/152122\/","title":{"rendered":"en juin, 10 000 jeunes europ\u00e9en(ne)s vont faire vibrer Strasbourg"},"content":{"rendered":"<p>    <img loading=\"lazy\" width=\"1800\" height=\"900\" src=\"https:\/\/www.europesays.com\/fr\/wp-content\/uploads\/2025\/04\/jeanne-callthepolice.jpg\" class=\"attachment-full size-full\" alt=\"\" id=\"imageLove\" decoding=\"async\"  \/><\/p>\n<p id=\"breadcrumbs\"><a href=\"https:\/\/pokaa.fr\/\" rel=\"nofollow noopener\" target=\"_blank\">Accueil<\/a> \/ <a href=\"https:\/\/pokaa.fr\/categories\/ses-sorties\/\" rel=\"nofollow noopener\" target=\"_blank\">Sorties<\/a> \/ Festival gratuit : en juin, 10 000 jeunes europ\u00e9en(ne)s vont faire vibrer Strasbourg<\/p>\n<p>                    Sorties<\/p>\n<p><b>Du 12 au 14 juin, Strasbourg va accueillir la 6e \u00e9dition de la \u00ab Rencontre des jeunes europ\u00e9en\u00b7nes \u00bb \u2013 le \u00ab European Youth Event \u00bb ou \u00ab EYE2025 \u00bb pour faire court. Un rassemblement organis\u00e9 tous les deux ans par le Parlement europ\u00e9en avec de nombreux rendez-vous gratuits : d\u00e9bats, rencontres, animations, visites, concerts et DJ sets. L\u2019occasion de vibrer avec 10 000 jeunes de 16 \u00e0 30 ans, venu(e)s des quatre coins du continent !<\/b><\/p>\n<p><b>Capitale europ\u00e9enne et deuxi\u00e8me ville diplomatique de France<\/b>, Strasbourg jouit d\u2019un statut tout particulier sur la carte europ\u00e9enne. Avec ses nombreuses institutions, son actualit\u00e9 s\u2019entrecroise avec celle de l\u2019Europe. Et <b>depuis 2014, s\u2019y tient d\u00e9sormais tous les deux ans <\/b><b>\u00ab\u00a0le plus grand \u00e9v\u00e9nement de jeunesse d\u2019Europe organis\u00e9 par le Parlement europ\u00e9en\u00a0\u00bb<\/b>, au pied de ce dernier : <b>le \u00ab\u00a0European Youth Event\u00a0\u00bb<\/b> (EYE).<\/p>\n<p>R\u00e9unissant <b>10 000 jeunes de 16 \u00e0 30 ans <\/b>issu(e)s de l\u2019Union europ\u00e9enne ou plus largement d\u2019Europe, le EYE t\u2019invite \u00e0 les rejoindre. Pour sa 6e \u00e9dition, il d\u00e9ploie une nouvelle fois <b>un riche panel d\u2019activit\u00e9s \u2013 hybrides et en pr\u00e9sentiel \u00e0 Strasbourg \u2013<\/b> imagin\u00e9es par des groupes et organisations de jeunes, des organisations internationales et des institutions.<\/p>\n<p>                <img width=\"750\" height=\"500\" src=\"https:\/\/www.europesays.com\/fr\/wp-content\/uploads\/2025\/06\/eye-european-youth-event-5-750x500.jpg\" class=\"attachment-gallery size-gallery\" alt=\"EYE + European Youth Event Europe UE\" data-full-url=\"https:\/\/pokaa.fr\/wp-content\/uploads\/2025\/06\/03\/eye-european-youth-event-5.jpg\" decoding=\"async\" loading=\"lazy\"  \/>            <\/p>\n<p>                <img width=\"750\" height=\"500\" src=\"https:\/\/www.europesays.com\/fr\/wp-content\/uploads\/2025\/06\/eye-european-youth-event-7-750x500.jpg\" class=\"attachment-gallery size-gallery\" alt=\"EYE + European Youth Event Europe UE\" data-full-url=\"https:\/\/pokaa.fr\/wp-content\/uploads\/2025\/06\/03\/eye-european-youth-event-7.jpg\" decoding=\"async\" loading=\"lazy\"  \/>            <\/p>\n<p>                    European Youth Event (EYE 2023). \u00a9 European Union 2023 &#8211; Source : EP \/ Documents remis<\/p>\n<p>    <img width=\"768\" height=\"512\" src=\"https:\/\/www.europesays.com\/fr\/wp-content\/uploads\/2025\/06\/eye-european-youth-event-4.jpg\" class=\"attachment-image-size-L size-image-size-L\" alt=\"EYE + European Youth Event Europe UE\" decoding=\"async\" loading=\"lazy\"  \/>         European Youth Event (EYE 2023). \u00a9 European Union 2023 &#8211; Source : EP \/ Document remis <\/p>\n<p><b>Il se d\u00e9coupe en deux parties\u00a0: l\u2019une, organis\u00e9e au sein du Parlement<\/b>, avec des ateliers ou tables rondes (mais dont les inscriptions sont d\u00e9j\u00e0 closes). Et <b>une seconde <\/b><b>\u00ab\u00a0plus festive\u00a0\u00bb<\/b><b>, au c\u0153ur du \u00ab\u00a0EYE Village\u00a0\u00bb <\/b>\u00e9ph\u00e9m\u00e8re, install\u00e9 en face du Parlement, <b>sur l\u2019\u00eele des Sports au Wacken<\/b> (avec des food trucks, une sc\u00e8ne et de nombreux stands).<\/p>\n<p>S\u2019y r\u00e9uniront des personnalit\u00e9s politiques \u2013 \u00e9lu(e)s locaux\/ales et europ\u00e9en(ne)s \u2013, des militant(e)s, des journalistes, etc. On notera par exemple <b>la rencontre autour de l\u2019\u00e9nergie avec l\u2019incontournable Salom\u00e9 Saqu\u00e9<\/b> (journaliste sp\u00e9cialis\u00e9e dans la jeunesse et l\u2019environnement) et l\u2019association <b>Banlieues Climat le 13 juin \u00e0 17h30<\/b>. Un \u00ab\u00a0afterwork citoyen\u00a0\u00bb en vue de la venue des Assises europ\u00e9ennes de la transition \u00e9nerg\u00e9tique (AETE), organis\u00e9es pour la premi\u00e8re fois \u00e0 Strasbourg (du 24 au 26 juin).<\/p>\n<p>                <img width=\"750\" height=\"500\" src=\"https:\/\/www.europesays.com\/fr\/wp-content\/uploads\/2025\/06\/eye-european-youth-event-750x500.jpg\" class=\"attachment-gallery size-gallery\" alt=\"EYE + European Youth Event Europe UE\" data-full-url=\"https:\/\/pokaa.fr\/wp-content\/uploads\/2025\/06\/03\/eye-european-youth-event.jpg\" decoding=\"async\" loading=\"lazy\"  \/>            <\/p>\n<p>                <img width=\"750\" height=\"500\" src=\"https:\/\/www.europesays.com\/fr\/wp-content\/uploads\/2025\/06\/eye-european-youth-event-9-750x500.jpg\" class=\"attachment-gallery size-gallery\" alt=\"EYE + European Youth Event Europe UE\" data-full-url=\"https:\/\/pokaa.fr\/wp-content\/uploads\/2025\/06\/03\/eye-european-youth-event-9.jpg\" decoding=\"async\" loading=\"lazy\"  \/>            <\/p>\n<p>                    European Youth Event (EYE 2023). \u00a9 European Union 2023 &#8211; Source : EP \/ Documents remis<\/p>\n<p>    <img width=\"768\" height=\"512\" src=\"https:\/\/www.europesays.com\/fr\/wp-content\/uploads\/2025\/06\/eye-european-youth-event-13.jpg\" class=\"attachment-image-size-L size-image-size-L\" alt=\"EYE + European Youth Event Europe UE\" decoding=\"async\" loading=\"lazy\"  \/>         EYE Village (EYE 2023). \u00a9 European Union 2023 &#8211; Source : EP \/ Document remis <\/p>\n<p>Sur le reste du programme\u00a0? Des <b>rencontres, d\u00e9bats, ateliers, stands et activit\u00e9s artistiques, auxquels tu peux assister gratuitement<\/b>. Des visites aussi : Commission europ\u00e9enne, Nations Unies, ou<b> au fil de l\u2019eau dans Strasbourg<\/b> avec Batorama (le samedi 14 juin).<\/p>\n<p>Et puis\u00a0: <b>des quiz<\/b>, <b>une chasse au tr\u00e9sor<\/b> (avec des lots \u00e0 gagner), <b>le stand de tatouages \u00e9ph\u00e9m\u00e8res de Maison Magique<\/b>, et le <b>\u00ab\u00a0Votomaton\u00a0\u00bb<\/b> (une machine de vote magique).<\/p>\n<p>Et chaque soir, du jeudi au samedi\u00a0: des <b>DJ sets et concerts gratuits<\/b>, en plein air.<\/p>\n<p>                <img width=\"750\" height=\"500\" src=\"https:\/\/www.europesays.com\/fr\/wp-content\/uploads\/2025\/06\/eye-european-youth-event-11-750x500.jpg\" class=\"attachment-gallery size-gallery\" alt=\"EYE + European Youth Event Europe UE\" data-full-url=\"https:\/\/pokaa.fr\/wp-content\/uploads\/2025\/06\/03\/eye-european-youth-event-11.jpg\" decoding=\"async\" loading=\"lazy\"  \/>            <\/p>\n<p>                <img width=\"750\" height=\"500\" src=\"https:\/\/www.europesays.com\/fr\/wp-content\/uploads\/2025\/06\/eye-european-youth-event-14-750x500.jpg\" class=\"attachment-gallery size-gallery\" alt=\"EYE + European Youth Event Europe UE\" data-full-url=\"https:\/\/pokaa.fr\/wp-content\/uploads\/2025\/06\/03\/eye-european-youth-event-14.jpg\" decoding=\"async\" loading=\"lazy\"  \/>            <\/p>\n<p>                <img width=\"750\" height=\"500\" src=\"https:\/\/www.europesays.com\/fr\/wp-content\/uploads\/2025\/06\/eye-european-youth-event-15-750x500.jpg\" class=\"attachment-gallery size-gallery\" alt=\"EYE + European Youth Event Europe UE\" data-full-url=\"https:\/\/pokaa.fr\/wp-content\/uploads\/2025\/06\/03\/eye-european-youth-event-15.jpg\" decoding=\"async\" loading=\"lazy\"  \/>            <\/p>\n<p>                    EYE Village (EYE 2023). \u00a9 European Union 2023 &#8211; Source : EP \/ Documents remis<\/p>\n<p>Un double-concert d&rsquo;ouverture\u00a0gratuit\u00a0: Ridsa et Asfar Shamsi, le jeudi\u00a0!<\/p>\n<p><b>Pour inaugurer ce EYE2025, le parvis du Parlement s\u2019animera d\u00e8s le jeudi 12 juin<\/b>, avec un gros <b>concert d\u2019ouverture d\u00e8s 18h30<\/b>. Sur sc\u00e8ne\u00a0: <b>Ridsa, star montante de la pop fran\u00e7aise<\/b> qui viendra nous faire chalouper sur des \u00ab\u00a0rythmes latinos et urbains\u00a0\u00bb.<\/p>\n<\/p>\n<p>Il sera rejoint par <b>la rappeuse strasbourgeoise Asfar Shamsi<\/b>, une jeune artiste \u00e0 suivre de pr\u00e8s, qui a conquis ce week-end encore le Pelpass Festival.<\/p>\n<p>                <a href=\"https:\/\/pokaa.fr\/2023\/12\/08\/papa-naime-pas-le-hip-hop-avec-asfar-shamsi-lartiste-strasbourgeoise-quon-va-voir-monter-monter\/\" rel=\"nofollow noopener\" target=\"_blank\"><br \/>\n                    <img width=\"450\" height=\"270\" src=\"https:\/\/www.europesays.com\/fr\/wp-content\/uploads\/2025\/06\/06300012-450x270.jpg\" class=\"attachment-card-horizontal--same-subject size-card-horizontal--same-subject wp-post-image\" alt=\"\" decoding=\"async\" loading=\"lazy\"\/>                <\/a><\/p>\n<p><a href=\"https:\/\/ep-events.secure.europarl.europa.eu\/comm\/eye2025\/e\/ce\/lg\/fr\/g\/99330\/kk\/7ab0e71b2d1808096bc696853b7d1985\/\" target=\"_blank\" rel=\"noopener nofollow\"><strong>Pour ce double-concert gratuit, il te suffira de t\u2019inscrire au pr\u00e9alable par ici !<\/strong><\/a><\/p>\n<p>D\u00e8s les 11 et 12 juin, retrouve aussi sur la place Kl\u00e9ber un stand d\u2019info sur le EYE, tenu par des associations strasbourgeoises et le Parlement europ\u00e9en. Et pour le reste\u00a0: <strong>sois curieus(e) et viens\u00a0!<\/strong><\/p>\n<p>            EYE2025\u00a0: 6e \u00ab\u00a0Rencontre des jeunes europ\u00e9en\u00b7nes\u00a0\u00bb \/ \u00ab\u00a0European Youth Event\u00a0\u00bb<\/p>\n<p>            Quoi ? <\/p>\n<p>D\u00e9bats, rencontres, ateliers, animations, visites, concerts et DJ sets gratuits<\/p>\n<p>                Quand ?<\/p>\n<p>Concert d\u2019ouverture :<\/p>\n<p>EYE Village\u00a0:<\/p>\n<ul>\n<li>Vendredi 13 juin de 10h \u00e0 23h30<\/li>\n<li>Samedi 14 juin de 10h \u00e0 22h30<\/li>\n<\/ul>\n<p>            o\u00f9 ?<\/p>\n<p>Au Parlement europ\u00e9en de Strasbourg et sur l\u2019\u00eele aux Sports au Wacken, \u00e0 Strasbourg<\/p>\n<p>                Plus d&rsquo;infos ?<\/p>\n<p><a href=\"https:\/\/european-youth-event.europarl.europa.eu\/fr\/programme\" target=\"_blank\" rel=\"noopener nofollow\">Programme du EYE2025<\/a><\/p>\n<p>Attention : <a href=\"https:\/\/ep-events.secure.europarl.europa.eu\/comm\/eye2025\/e\/ce\/lg\/fr\/g\/99330\/kk\/7ab0e71b2d1808096bc696853b7d1985\/\" target=\"_blank\" rel=\"noopener nofollow\">inscription obligatoire au concert du jeudi 12 juin<\/a> (et une pi\u00e8ce d\u2019identit\u00e9 sera demand\u00e9e pour l\u2019inscription et pour l\u2019entr\u00e9e sur le site du concert)<\/p>\n","protected":false},"excerpt":{"rendered":"Accueil \/ Sorties \/ Festival gratuit : en juin, 10 000 jeunes europ\u00e9en(ne)s vont faire vibrer Strasbourg Sorties&hellip;\n","protected":false},"author":2,"featured_media":152123,"comment_status":"","ping_status":"","sticky":false,"template":"","format":"standard","meta":{"footnotes":""},"categories":[2820],"tags":[1111,11,4396,1697,12084,1777,674,28158,28159,1011,27,775,326,3913,12,8552,25,28160,640,17404,4064],"class_list":{"0":"post-152122","1":"post","2":"type-post","3":"status-publish","4":"format-standard","5":"has-post-thumbnail","7":"category-strasbourg","8":"tag-actu","9":"tag-actualites","10":"tag-atelier","11":"tag-concert","12":"tag-dj-set","13":"tag-eu","14":"tag-europe","15":"tag-european-youth-event","16":"tag-eye","17":"tag-fr","18":"tag-france","19":"tag-grand-est","20":"tag-gratuit","21":"tag-jeune","22":"tag-news","23":"tag-parlement-europeen","24":"tag-republique-francaise","25":"tag-salome-saque","26":"tag-strasbourg","27":"tag-wacken","28":"tag-week-end"},"share_on_mastodon":{"url":"https:\/\/pubeurope.com\/@fr\/114626683932641842","error":""},"_links":{"self":[{"href":"https:\/\/www.europesays.com\/fr\/wp-json\/wp\/v2\/posts\/152122","targetHints":{"allow":["GET"]}}],"collection":[{"href":"https:\/\/www.europesays.com\/fr\/wp-json\/wp\/v2\/posts"}],"about":[{"href":"https:\/\/www.europesays.com\/fr\/wp-json\/wp\/v2\/types\/post"}],"author":[{"embeddable":true,"href":"https:\/\/www.europesays.com\/fr\/wp-json\/wp\/v2\/users\/2"}],"replies":[{"embeddable":true,"href":"https:\/\/www.europesays.com\/fr\/wp-json\/wp\/v2\/comments?post=152122"}],"version-history":[{"count":0,"href":"https:\/\/www.europesays.com\/fr\/wp-json\/wp\/v2\/posts\/152122\/revisions"}],"wp:featuredmedia":[{"embeddable":true,"href":"https:\/\/www.europesays.com\/fr\/wp-json\/wp\/v2\/media\/152123"}],"wp:attachment":[{"href":"https:\/\/www.europesays.com\/fr\/wp-json\/wp\/v2\/media?parent=152122"}],"wp:term":[{"taxonomy":"category","embeddable":true,"href":"https:\/\/www.europesays.com\/fr\/wp-json\/wp\/v2\/categories?post=152122"},{"taxonomy":"post_tag","embeddable":true,"href":"https:\/\/www.europesays.com\/fr\/wp-json\/wp\/v2\/tags?post=152122"}],"curies":[{"name":"wp","href":"https:\/\/api.w.org\/{rel}","templated":true}]}}