{"id":152150,"date":"2025-06-04T19:26:16","date_gmt":"2025-06-04T19:26:16","guid":{"rendered":"https:\/\/www.europesays.com\/fr\/152150\/"},"modified":"2025-06-04T19:26:16","modified_gmt":"2025-06-04T19:26:16","slug":"pres-de-lyon-un-burger-king-va-remplacer-le-restaurant-dune-star-du-rugby-bien-connue","status":"publish","type":"post","link":"https:\/\/www.europesays.com\/fr\/152150\/","title":{"rendered":"Pr\u00e8s de Lyon. Un Burger King va remplacer le restaurant d&rsquo;une star du rugby bien connue"},"content":{"rendered":"<p>            Par<br \/>\n        <strong><br \/>\n            <a href=\"https:\/\/actu.fr\/auteur\/julien-damboise\" title=\"Consulter tous les articles de Julien Damboise\" rel=\"nofollow noopener\" target=\"_blank\">Julien Damboise<\/a><br \/>\n        <\/strong><\/p>\n<p>        Publi\u00e9 le<\/p>\n<p>            4 juin 2025 \u00e0 18h11        <\/p>\n<p>C\u2019est un <strong>changement de taille<\/strong> pour les habitants de <a href=\"https:\/\/actu.fr\/auvergne-rhone-alpes\/meyzieu_69282\" rel=\"nofollow noopener\" target=\"_blank\">Meyzieu<\/a>, en p\u00e9riph\u00e9rie de <a href=\"https:\/\/actu.fr\/auvergne-rhone-alpes\/lyon_69123\" rel=\"nofollow noopener\" target=\"_blank\">Lyon<\/a>, et les amateurs de fast-food : depuis le 5 juin 2025, <strong>Burger King<\/strong> a ouvert ses portes \u00e0 la place du restaurant, Au champ du coq, tenu par deux figures embl\u00e9matiques du rugby fran\u00e7ais, dont le c\u00e9l\u00e8bre <a href=\"https:\/\/actu.fr\/sports\/rugby\/chabal-s-explique-sur-sa-perte-de-memoire-je-vais-me-faire-suivre_62537291.html\" rel=\"nofollow noopener\" target=\"_blank\">S\u00e9bastien Chabal<\/a>.<\/p>\n<p class=\" wall-content\">Le <strong>mastodonte de la malbouffe<\/strong> am\u00e9ricaine compte notamment attirer les centaines de milliers de spectateurs qui viennent chaque ann\u00e9e au <a href=\"https:\/\/actu.fr\/tag\/groupama-stadium\" rel=\"nofollow noopener\" target=\"_blank\">Groupama Stadium<\/a> ou \u00e0 la <a href=\"https:\/\/actu.fr\/tag\/ldlc-arena\" rel=\"nofollow noopener\" target=\"_blank\">LDLC Arena<\/a>.<\/p>\n<p>Pr\u00e8s de l\u2019OL Vall\u00e9e<\/p>\n<p class=\" wall-content\">Burger King ouvrira au 150 rue de la R\u00e9publique, au sein de l\u2019h\u00f4tel des Lumi\u00e8res, \u00e0 quelques encablures d\u2019un parking relais du Groupama Stadium, jardin de l\u2019<a href=\"https:\/\/actu.fr\/tag\/olympique-lyonnais-ol\" rel=\"nofollow noopener\" target=\"_blank\">Olympique lyonnais<\/a>.\u00a0<\/p>\n<p class=\" wall-content\">Le fast-food s\u2019attend \u00e0 recevoir du monde, puisque <strong>174 places<\/strong> assises ont \u00e9t\u00e9 construites, dont 38 en terrasse. Une aire de jeux pour enfants est \u00e9galement disponible.<\/p>\n<p class=\" wall-content\">Les g\u00e9rants \u00e9voquent \u00ab\u00a0une double piste\u00a0\u00bb pour aller chercher en drive les burgers, frites et autres nuggets \u00ab\u00a0pour ceux qui pr\u00e9f\u00e8rent une soir\u00e9e Whopper-t\u00e9l\u00e9\u00a0\u00bb. En voiture, il sera aussi possible de passer par les services \u00ab\u00a0Click &amp; Collect\u00a0\u00bb et le \u00ab\u00a0Click &amp; Parking\u00a0\u00bb.<\/p>\n<p>Vid\u00e9os : en ce moment sur Actu<\/p>\n<p class=\" wall-content\">Le restaurant est ouvert <strong>tous les jours de 11 h \u00e0 23 h<\/strong>, et m\u00eame jusqu\u2019\u00e0 minuit les vendredis et samedis, 1 h pour le drive ces m\u00eames soirs. Une \u00e9quipe compos\u00e9e de 60 salari\u00e9s en CDI a \u00e9t\u00e9 embauch\u00e9e.<\/p>\n<p>S\u00e9bastien Chabal toujours propri\u00e9taire<\/p>\n<p class=\" wall-content\">Selon <a href=\"https:\/\/c.leprogres.fr\/economie\/2025\/06\/04\/un-burger-king-va-remplacer-le-restaurant-de-sebastien-chabal-et-lionel-nallet-a-meyzieu\" rel=\"nofollow noopener\" target=\"_blank\">Le Progr\u00e8s<\/a>, le restaurant Burger King prend donc la place d\u2019un autre \u00e9tablissement, Au champ du coq, qui a ferm\u00e9 ses portes, fin 2023. Un ancien concept lanc\u00e9 \u00e0 l\u2019\u00e9poque par les anciens internationaux de rugby <strong>S\u00e9bastien Chabal<\/strong> et <strong>Lionel Nallet<\/strong>, en parall\u00e8le de l\u2019ouverture de\u00a0l\u2019h\u00f4tel des Lumi\u00e8res, toujours en activit\u00e9.<\/p>\n<p class=\" wall-content\">Le duo est toujours propri\u00e9taire du b\u00e2timent, d\u2019apr\u00e8s nos confr\u00e8res, et proposent donc \u00e0 la <strong>location<\/strong> leurs locaux \u00e0 Burger King, situ\u00e9s pr\u00e8s de la d\u00e9partementale 302.<\/p>\n<p class=\" wall-content\">Suivez toute l\u2019actualit\u00e9 de vos villes et m\u00e9dias favoris en vous inscrivant \u00e0 <a href=\"https:\/\/moncompte.actu.fr\" title=\"D\u00e9couvez Mon Actu\" rel=\"nofollow noopener\" data-trk=\"{&quot;cta&quot;:{&quot;action&quot;:&quot;https:\\\/\\\/moncompte.actu.fr&quot;,&quot;category&quot;:&quot;mon compte&quot;,&quot;from&quot;:&quot;article footer&quot;,&quot;name&quot;:&quot;Mon actu&quot;,&quot;type&quot;:&quot;cta&quot;}}\" target=\"_blank\">Mon Actu<\/a>.<\/p>\n","protected":false},"excerpt":{"rendered":"Par Julien Damboise Publi\u00e9 le 4 juin 2025 \u00e0 18h11 C\u2019est un changement de taille pour les habitants&hellip;\n","protected":false},"author":2,"featured_media":152151,"comment_status":"","ping_status":"","sticky":false,"template":"","format":"standard","meta":{"footnotes":""},"categories":[1889],"tags":[1111,11,2430,215,33,1777,674,1011,27,1661,2428,12,25,1340],"class_list":{"0":"post-152150","1":"post","2":"type-post","3":"status-publish","4":"format-standard","5":"has-post-thumbnail","7":"category-lyon","8":"tag-actu","9":"tag-actualites","10":"tag-auvergne-rhone-alpes","11":"tag-commerce","12":"tag-economie","13":"tag-eu","14":"tag-europe","15":"tag-fr","16":"tag-france","17":"tag-gastronomie","18":"tag-lyon","19":"tag-news","20":"tag-republique-francaise","21":"tag-restaurant"},"share_on_mastodon":{"url":"https:\/\/pubeurope.com\/@fr\/114626742433340597","error":""},"_links":{"self":[{"href":"https:\/\/www.europesays.com\/fr\/wp-json\/wp\/v2\/posts\/152150","targetHints":{"allow":["GET"]}}],"collection":[{"href":"https:\/\/www.europesays.com\/fr\/wp-json\/wp\/v2\/posts"}],"about":[{"href":"https:\/\/www.europesays.com\/fr\/wp-json\/wp\/v2\/types\/post"}],"author":[{"embeddable":true,"href":"https:\/\/www.europesays.com\/fr\/wp-json\/wp\/v2\/users\/2"}],"replies":[{"embeddable":true,"href":"https:\/\/www.europesays.com\/fr\/wp-json\/wp\/v2\/comments?post=152150"}],"version-history":[{"count":0,"href":"https:\/\/www.europesays.com\/fr\/wp-json\/wp\/v2\/posts\/152150\/revisions"}],"wp:featuredmedia":[{"embeddable":true,"href":"https:\/\/www.europesays.com\/fr\/wp-json\/wp\/v2\/media\/152151"}],"wp:attachment":[{"href":"https:\/\/www.europesays.com\/fr\/wp-json\/wp\/v2\/media?parent=152150"}],"wp:term":[{"taxonomy":"category","embeddable":true,"href":"https:\/\/www.europesays.com\/fr\/wp-json\/wp\/v2\/categories?post=152150"},{"taxonomy":"post_tag","embeddable":true,"href":"https:\/\/www.europesays.com\/fr\/wp-json\/wp\/v2\/tags?post=152150"}],"curies":[{"name":"wp","href":"https:\/\/api.w.org\/{rel}","templated":true}]}}