{"id":152193,"date":"2025-06-04T19:49:09","date_gmt":"2025-06-04T19:49:09","guid":{"rendered":"https:\/\/www.europesays.com\/fr\/152193\/"},"modified":"2025-06-04T19:49:09","modified_gmt":"2025-06-04T19:49:09","slug":"plan-social-a-venir-et-une-vingtaine-de-departs-en-vue-pour-le-sm-caen-de-mbappe","status":"publish","type":"post","link":"https:\/\/www.europesays.com\/fr\/152193\/","title":{"rendered":"plan social \u00e0 venir et \u00abune vingtaine de d\u00e9parts\u00bb en vue pour le SM Caen de Mbapp\u00e9"},"content":{"rendered":"<p>Rel\u00e9gu\u00e9 en National 1 \u00e0 l\u2019issue de la saison \u00e9coul\u00e9e, le club normand va se s\u00e9parer d\u2019une vingtaine de ses collaborateurs.<\/p>\n<p class=\"fig-paragraph\">Une rel\u00e9gation que certains vont payer cher. Longtemps habitu\u00e9 de la Ligue 1, le Stade Malherbe de Caen vient de vivre une saison catastrophique.\u00a0<a href=\"http:\/\/www.lefigaro.fr\/sports\/football\/ligue-2-caen-relegue-en-troisieme-division-moins-d-un-an-apres-son-rachat-par-kylian-mbappe-20250418\" data-fig-type=\"NewsFlash\" data-gtm-custom-categorie=\"navigation\" data-gtm-custom-action=\"crossclick\" data-gtm-custom-label=\"Contextuel\" data-gtm-event=\"customEventSPE\" data-fig-domain=\"LEFIGARO\" target=\"_blank\" rel=\"noopener\">Saison au terme de laquelle le club normand a \u00e9t\u00e9 rel\u00e9gu\u00e9 en National 1<\/a>, le troisi\u00e8me \u00e9chelon du foot hexagonal. Avec une baisse sensible des revenus, Malherbe,\u00a0<a href=\"http:\/\/www.lefigaro.fr\/sports\/football\/une-lourde-accumulation-d-erreurs-malgre-kylian-mbappe-caen-en-zone-de-tres-fortes-turbulences-20250331\" data-fig-type=\"Article\" data-gtm-custom-categorie=\"navigation\" data-gtm-custom-action=\"crossclick\" data-gtm-custom-label=\"Contextuel\" data-gtm-event=\"customEventSPE\" data-fig-domain=\"LEFIGARO\" target=\"_blank\" rel=\"noopener\">dont l\u2019actionnaire majoritaire se nomme Kylian Mbapp\u00e9<\/a>, ne coupera donc pas \u00e0 un plan social, comme la direction l\u2019a indiqu\u00e9 aux repr\u00e9sentants du personnel, r\u00e9unis au sein du conseil social et \u00e9conomique (CSE), vendredi 30 mai dernier, comme le rapporte\u00a0<a href=\"https:\/\/www.ouest-france.fr\/sport\/football\/sm-caen\/enquete-plan-social-mercato-revolution-en-interne-au-sm-caen-les-mbappe-dessinent-lavenir-8a7aadd4-4050-11f0-b704-f7b46f41b8ae\" target=\"_blank\" rel=\"nofollow noopener\" data-gtm-custom-categorie=\"navigation\" data-gtm-custom-action=\"crossclick\" data-gtm-custom-label=\"Contextuel\" data-gtm-event=\"customEventSPE\">Ouest France<\/a> .<\/p>\n<p class=\"fig-paragraph\">Le sc\u00e9nario du pire\u00a0? Une trentaine de d\u00e9parts. Finalement, c\u2019est tout de m\u00eame \u00abune vingtaine\u00bb de collaborateurs qui vont devoir plier bagage, croit savoir le quotidien r\u00e9gional. Un plan qui doit aider \u00e0 passer l\u2019obstacle de la Direction Nationale du Contr\u00f4le et de Gestion (DNCG), appel\u00e9e \u00e0 d\u00e9cider si Caen conserve ou non le statut professionnel. Toujours selon Ouest France, qui rappelle qu\u2019il est \u00abobligatoire\u00bb d\u2019en passer par un plan social \u00abpour toute entreprise d\u2019au moins 50 salari\u00e9s proc\u00e9dant au licenciement pour motif \u00e9conomique d\u2019au moins 10 salari\u00e9s sur 30 jours\u00bb, le club envisage de partir avec un budget de 8 M\u20ac, contre 15 pour la saison \u00e9coul\u00e9e en Ligue 2. Les temps sont durs pour la premi\u00e8re saison pleine de l\u2019\u00e8re Mbapp\u00e9&#8230;<\/p>\n","protected":false},"excerpt":{"rendered":"Rel\u00e9gu\u00e9 en National 1 \u00e0 l\u2019issue de la saison \u00e9coul\u00e9e, le club normand va se s\u00e9parer d\u2019une vingtaine&hellip;\n","protected":false},"author":2,"featured_media":152194,"comment_status":"","ping_status":"","sticky":false,"template":"","format":"standard","meta":{"footnotes":""},"categories":[1412],"tags":[454,69,5492,448,83,451,64,450,449,1451,1452,1453,1454,1455,1011,27,452,6477,453,66,446,447,70,60,455],"class_list":{"0":"post-152193","1":"post","2":"type-post","3":"status-publish","4":"format-standard","5":"has-post-thumbnail","7":"category-f1","8":"tag-ballon-dor","9":"tag-bundesliga","10":"tag-caen","11":"tag-champions-league","12":"tag-coupe-de-france","13":"tag-coupe-du-monde","14":"tag-equipe-de-france","15":"tag-euro","16":"tag-europa-league","17":"tag-f1","18":"tag-formula-1","19":"tag-formula1","20":"tag-formule-1","21":"tag-formule1","22":"tag-fr","23":"tag-france","24":"tag-italie","25":"tag-kylian-mbappe","26":"tag-liga","27":"tag-ligue-1","28":"tag-ligue-2","29":"tag-ligue-des-champions","30":"tag-premier-league","31":"tag-sports","32":"tag-uefa"},"share_on_mastodon":{"url":"https:\/\/pubeurope.com\/@fr\/114626832901692233","error":""},"_links":{"self":[{"href":"https:\/\/www.europesays.com\/fr\/wp-json\/wp\/v2\/posts\/152193","targetHints":{"allow":["GET"]}}],"collection":[{"href":"https:\/\/www.europesays.com\/fr\/wp-json\/wp\/v2\/posts"}],"about":[{"href":"https:\/\/www.europesays.com\/fr\/wp-json\/wp\/v2\/types\/post"}],"author":[{"embeddable":true,"href":"https:\/\/www.europesays.com\/fr\/wp-json\/wp\/v2\/users\/2"}],"replies":[{"embeddable":true,"href":"https:\/\/www.europesays.com\/fr\/wp-json\/wp\/v2\/comments?post=152193"}],"version-history":[{"count":0,"href":"https:\/\/www.europesays.com\/fr\/wp-json\/wp\/v2\/posts\/152193\/revisions"}],"wp:featuredmedia":[{"embeddable":true,"href":"https:\/\/www.europesays.com\/fr\/wp-json\/wp\/v2\/media\/152194"}],"wp:attachment":[{"href":"https:\/\/www.europesays.com\/fr\/wp-json\/wp\/v2\/media?parent=152193"}],"wp:term":[{"taxonomy":"category","embeddable":true,"href":"https:\/\/www.europesays.com\/fr\/wp-json\/wp\/v2\/categories?post=152193"},{"taxonomy":"post_tag","embeddable":true,"href":"https:\/\/www.europesays.com\/fr\/wp-json\/wp\/v2\/tags?post=152193"}],"curies":[{"name":"wp","href":"https:\/\/api.w.org\/{rel}","templated":true}]}}