{"id":152195,"date":"2025-06-04T19:50:09","date_gmt":"2025-06-04T19:50:09","guid":{"rendered":"https:\/\/www.europesays.com\/fr\/152195\/"},"modified":"2025-06-04T19:50:09","modified_gmt":"2025-06-04T19:50:09","slug":"cyclisme-criterium-du-dauphine-jonas-vingegaard-je-suis-une-personne-differente","status":"publish","type":"post","link":"https:\/\/www.europesays.com\/fr\/152195\/","title":{"rendered":"Cyclisme. Crit\u00e9rium du Dauphin\u00e9 &#8211; Jonas Vingegaard : \u00abJe suis une personne diff\u00e9rente&#8230;\u00bb"},"content":{"rendered":"<p>Ce dimanche, la 77e \u00e9dition du <strong><a href=\"https:\/\/www.cyclismactu.net\/..\/news-criterium-du-dauphine-route-evenepoel-pogacar-vingegaard-tetes-d-affiche-88093.html\" target=\"_blank\" rel=\"nofollow noopener\">Crit\u00e9rium du Dauphin\u00e9<\/a><\/strong> s&rsquo;\u00e9lancera de Dom\u00e9rat avec un plateau de stars pour le moins exceptionnel. En effet, <strong>Tadej Pogacar<\/strong>, <strong>Remco Evenepoel<\/strong> ou encore <strong><a href=\"https:\/\/www.cyclismactu.net\/..\/news-tour-de-france-route-jonas-vingegaard-tadej-pogacar-pour-etre-honnete-87945.html\" target=\"_blank\" rel=\"nofollow noopener\">Jonas Vingegaard<\/a><\/strong> vont s&rsquo;affronter \u00e0 un mois du Grand D\u00e9part \u00e0 Lille du <strong>Tour de France<\/strong> 2025. Depuis son camp d&rsquo;entra\u00eenement en Sierra Nevada, le double vainqueur de la Grande Boucle, <strong>Jonas Vingegaard<\/strong>, s&rsquo;est adress\u00e9 \u00e0 nos confr\u00e8res d&rsquo;<a href=\"https:\/\/www.eurosport.de\/radsport\/criterium-du-dauphine\/2025\/jonas-vingegaard-exklusiv-trainingslager-harte-arbeit-topform_sto23189146\/story.shtml\" target=\"_blank\" rel=\"nofollow noopener\">Eurosport<\/a> sur sa pr\u00e9paration de ces derniers mois pour revenir \u00e0 son meilleur niveau apr\u00e8s sa chute et sa commotion c\u00e9r\u00e9brale survenues lors de la 5e \u00e9tape de <strong>Paris-Nice<\/strong> en mars dernier.<\/p>\n<p>Vid\u00e9o &#8211; Vingegaard lors d&rsquo;une conf\u00e9rence de presse en mai dernier Lire la suite de l&rsquo;article&#13;<\/p>\n<p>\u00a0<\/p>\n<p>&#13;<br \/>\n<strong>\u00ab\u00a0J&rsquo;appr\u00e9cie vraiment d&rsquo;avoir un rival comme Tadej Pogacar&#8230;\u00a0\u00bb<\/strong>&#13;<\/p>\n<p>Le Danois de la formation <strong>Visma | Lease a Bike<\/strong> tentera de vaincre l&rsquo;ogre slov\u00e8ne sur le prochain <strong>Tour de France<\/strong> mais doit d&rsquo;abord se concentrer sur le <strong>Crit\u00e9rium du Dauphin\u00e9<\/strong> : \u00ab\u00a0M\u00eame l&rsquo;ann\u00e9e derni\u00e8re, avant le Tour, je croyais encore que je pouvais viser la victoire. \u00c9videmment, \u00e7a n&rsquo;a pas march\u00e9, mais cette ann\u00e9e, je me sens comme une personne compl\u00e8tement diff\u00e9rente, pour \u00eatre honn\u00eate, dans la fa\u00e7on dont mon corps r\u00e9agit \u00e0 l&rsquo;entra\u00eenement, mais aussi dans la fa\u00e7on dont mon corps est en g\u00e9n\u00e9ral. J&rsquo;ai toujours aim\u00e9 le processus qui consiste \u00e0 atteindre le plus haut niveau possible pour le Tour de France ; c&rsquo;est toujours le grand objectif, et j&rsquo;aime toujours faire le travail difficile ici. Tout le monde fait un pas en avant en ce moment, donc \u00e9videmment, je dois aussi \u00eatre meilleur qu&rsquo;il y a deux ans\u00a0\u00bb, lors de sa derni\u00e8re victoire sur le <strong>Tour de France<\/strong>, \u00ab\u00a0mais j&rsquo;ai aussi le sentiment de progresser. Si je courais sans Tadej [Pogacar], ce ne serait pas pareil, et j&rsquo;esp\u00e8re qu&rsquo;il ressent la m\u00eame chose dans l&rsquo;autre sens. J&rsquo;appr\u00e9cie vraiment d&rsquo;avoir un rival comme lui\u00a0\u00bb, conclut <strong>Jonas Vingegaard<\/strong>.<\/p>\n<p>&#13;<\/p>\n<p>\u00a0<\/p>\n","protected":false},"excerpt":{"rendered":"Ce dimanche, la 77e \u00e9dition du Crit\u00e9rium du Dauphin\u00e9 s&rsquo;\u00e9lancera de Dom\u00e9rat avec un plateau de stars pour&hellip;\n","protected":false},"author":2,"featured_media":152196,"comment_status":"","ping_status":"","sticky":false,"template":"","format":"standard","meta":{"footnotes":""},"categories":[1411],"tags":[24803,1154,207,211,1011,27,209,60,210,212,208,213],"class_list":{"0":"post-152195","1":"post","2":"type-post","3":"status-publish","4":"format-standard","5":"has-post-thumbnail","7":"category-cyclisme","8":"tag-criterium-du-dauphine","9":"tag-cycling","10":"tag-cyclisme","11":"tag-ffc","12":"tag-fr","13":"tag-france","14":"tag-route","15":"tag-sports","16":"tag-tour-de-france","17":"tag-uci","18":"tag-velo","19":"tag-world-tour"},"share_on_mastodon":{"url":"https:\/\/pubeurope.com\/@fr\/114626836750124748","error":""},"_links":{"self":[{"href":"https:\/\/www.europesays.com\/fr\/wp-json\/wp\/v2\/posts\/152195","targetHints":{"allow":["GET"]}}],"collection":[{"href":"https:\/\/www.europesays.com\/fr\/wp-json\/wp\/v2\/posts"}],"about":[{"href":"https:\/\/www.europesays.com\/fr\/wp-json\/wp\/v2\/types\/post"}],"author":[{"embeddable":true,"href":"https:\/\/www.europesays.com\/fr\/wp-json\/wp\/v2\/users\/2"}],"replies":[{"embeddable":true,"href":"https:\/\/www.europesays.com\/fr\/wp-json\/wp\/v2\/comments?post=152195"}],"version-history":[{"count":0,"href":"https:\/\/www.europesays.com\/fr\/wp-json\/wp\/v2\/posts\/152195\/revisions"}],"wp:featuredmedia":[{"embeddable":true,"href":"https:\/\/www.europesays.com\/fr\/wp-json\/wp\/v2\/media\/152196"}],"wp:attachment":[{"href":"https:\/\/www.europesays.com\/fr\/wp-json\/wp\/v2\/media?parent=152195"}],"wp:term":[{"taxonomy":"category","embeddable":true,"href":"https:\/\/www.europesays.com\/fr\/wp-json\/wp\/v2\/categories?post=152195"},{"taxonomy":"post_tag","embeddable":true,"href":"https:\/\/www.europesays.com\/fr\/wp-json\/wp\/v2\/tags?post=152195"}],"curies":[{"name":"wp","href":"https:\/\/api.w.org\/{rel}","templated":true}]}}