{"id":1522,"date":"2025-04-03T22:06:07","date_gmt":"2025-04-03T22:06:07","guid":{"rendered":"https:\/\/www.europesays.com\/fr\/1522\/"},"modified":"2025-04-03T22:06:07","modified_gmt":"2025-04-03T22:06:07","slug":"trois-hommes-mis-en-examen","status":"publish","type":"post","link":"https:\/\/www.europesays.com\/fr\/1522\/","title":{"rendered":"trois hommes mis en examen"},"content":{"rendered":"<p>Cinq personnes avaient \u00e9t\u00e9 interpell\u00e9es entre la <strong>Balagne<\/strong> et le continent, ce lundi 31\u00a0mars et ce mardi 1er\u00a0avril, par la section de recherches de la gendarmerie de Corse. Selon nos informations, <strong>Hugo Verbeke<\/strong>\u00a0a \u00e9t\u00e9 mis en examen et plac\u00e9 en d\u00e9tention provisoire, de m\u00eame que <strong>Fabio Rancurel et<\/strong>\u00a0<strong>Eyoub Hammami<\/strong>, qui, eux, ont \u00e9t\u00e9 plac\u00e9s sous contr\u00f4le judiciaire.<\/p>\n<p>Ils sont poursuivis dans le cadre d&rsquo;une commission rogatoire d&rsquo;un juge d&rsquo;instruction bastiais qui porte sur une association de malfaiteurs en vue de commettre un crime ou un d\u00e9lit passible de 10 ans d&#8217;emprisonnement. Il s&rsquo;agirait de la pr\u00e9paration d&rsquo;un homicide. Les poursuites porteraient \u00e9galement sur un trafic de stup\u00e9fiants.<\/p>\n<p>Des armes, d&rsquo;importantes sommes d&rsquo;argent liquide et plusieurs kilos de produits stup\u00e9fiants ont \u00e9t\u00e9 saisis<\/p>\n<p>Jean-Philippe Navarre, le procureur de la R\u00e9publique de Bastia, confirme simplement la mise en examen des trois individus sans pr\u00e9ciser leurs identit\u00e9s\u00a0:\u00a0\u00bbTrois personnes ont \u00e9t\u00e9 mises en examen ce mercredi soir, dont une a \u00e9t\u00e9 plac\u00e9e en d\u00e9tention provisoire, les deux autres sous contr\u00f4le judiciaire, du chef d&rsquo;association de malfaiteurs.\u00a0\u00bb<\/p>\n<p>Selon nos informations, la personne arr\u00eat\u00e9e \u00e0 <strong>Aix-en-Provence<\/strong> (Bouches-du-Rh\u00f4ne) pourrait \u00eatre pr\u00e9sent\u00e9e ce vendredi devant le juge d&rsquo;instruction tout comme un cinqui\u00e8me individu. Pour rappel, des armes, d&rsquo;importantes sommes d&rsquo;argent liquide et plusieurs kilos de produits stup\u00e9fiants ont \u00e9t\u00e9 saisis au cours de ces perquisitions.<\/p>\n","protected":false},"excerpt":{"rendered":"Cinq personnes avaient \u00e9t\u00e9 interpell\u00e9es entre la Balagne et le continent, ce lundi 31\u00a0mars et ce mardi 1er\u00a0avril,&hellip;\n","protected":false},"author":2,"featured_media":1523,"comment_status":"","ping_status":"","sticky":false,"template":"","format":"standard","meta":{"footnotes":""},"categories":[4],"tags":[17,11,1102,1096,274,1011,27,1099,1101,12,1095,25,1098,1097,1100],"class_list":{"0":"post-1522","1":"post","2":"type-post","3":"status-publish","4":"format-standard","5":"has-post-thumbnail","7":"category-france","8":"tag-17","9":"tag-actualites","10":"tag-breakingnews","11":"tag-dassassinat","12":"tag-faits-divers-justice","13":"tag-fr","14":"tag-france","15":"tag-haute-corse","16":"tag-hommes","17":"tag-news","18":"tag-projet","19":"tag-republique-francaise","20":"tag-stupefiants","21":"tag-trafic","22":"tag-trois"},"share_on_mastodon":{"url":"https:\/\/pubeurope.com\/@fr\/114276308351420000","error":""},"_links":{"self":[{"href":"https:\/\/www.europesays.com\/fr\/wp-json\/wp\/v2\/posts\/1522","targetHints":{"allow":["GET"]}}],"collection":[{"href":"https:\/\/www.europesays.com\/fr\/wp-json\/wp\/v2\/posts"}],"about":[{"href":"https:\/\/www.europesays.com\/fr\/wp-json\/wp\/v2\/types\/post"}],"author":[{"embeddable":true,"href":"https:\/\/www.europesays.com\/fr\/wp-json\/wp\/v2\/users\/2"}],"replies":[{"embeddable":true,"href":"https:\/\/www.europesays.com\/fr\/wp-json\/wp\/v2\/comments?post=1522"}],"version-history":[{"count":0,"href":"https:\/\/www.europesays.com\/fr\/wp-json\/wp\/v2\/posts\/1522\/revisions"}],"wp:featuredmedia":[{"embeddable":true,"href":"https:\/\/www.europesays.com\/fr\/wp-json\/wp\/v2\/media\/1523"}],"wp:attachment":[{"href":"https:\/\/www.europesays.com\/fr\/wp-json\/wp\/v2\/media?parent=1522"}],"wp:term":[{"taxonomy":"category","embeddable":true,"href":"https:\/\/www.europesays.com\/fr\/wp-json\/wp\/v2\/categories?post=1522"},{"taxonomy":"post_tag","embeddable":true,"href":"https:\/\/www.europesays.com\/fr\/wp-json\/wp\/v2\/tags?post=1522"}],"curies":[{"name":"wp","href":"https:\/\/api.w.org\/{rel}","templated":true}]}}