{"id":15221,"date":"2025-04-10T14:55:18","date_gmt":"2025-04-10T14:55:18","guid":{"rendered":"https:\/\/www.europesays.com\/fr\/15221\/"},"modified":"2025-04-10T14:55:18","modified_gmt":"2025-04-10T14:55:18","slug":"61-premiers-arbres-plantes-place-de-la-petite-hollande-a-nantes","status":"publish","type":"post","link":"https:\/\/www.europesays.com\/fr\/15221\/","title":{"rendered":"61\u00a0premiers arbres plant\u00e9s place de la Petite-Hollande \u00e0 Nantes"},"content":{"rendered":"<p>Le parking de la Petite-Hollande, \u00e0 Nantes (Loire-Atlantique), se transforme peu \u00e0 peu. Ce n\u2019est pas encore le vaste parc promis, mais soixante et un\u00a0premiers arbres viennent d\u2019\u00eatre plant\u00e9s.<\/p>\n<p>Pas encore pour tout de suite que <a target=\"_self\" href=\"https:\/\/nantes.maville.com\/actu\/actudet_-place-de-la-petite-hollande-a-nantes-les-travaux-de-transformation-demarrent-_52716-6640781_actu.Htm\" rel=\"noopener\">le parking de la petite-Hollande va prendre des airs de jardins.<\/a> Mais soixante et un\u00a0premiers arbres viennent d\u2019y \u00eatre plant\u00e9s.\u00a0Trente-trois\u00a0d\u2019entre eux proviennent de la p\u00e9pini\u00e8re municipale du Grand-Blottereau.\u00a0Sorbier des oiseleurs, aulnes, alisiers, cormiers, ch\u00eanes\u2026<\/p>\n<p>Les habitants invit\u00e9s \u00e0 mettre la main \u00e0 la terre<\/p>\n<p>Sous ces grands arbres, de jeunes plants de deux ans, hauts de 80\u00a0cm \u00e0 un\u00a0m\u00e8tre, prendront place pour cr\u00e9er un sous-bois. Les enfants de l\u2019\u00e9cole du Ch\u00eane-d\u2019Aron en planteront une partie. Et les habitants sont invit\u00e9s \u00e0 mettre la main \u00e0 la terre pour planter les autres, mercredi 23\u00a0avril, lors d\u2019une animation appel\u00e9e \u00ab\u00a0Plante ta graine\u00a0\u00bb.<\/p>\n<p>\u00a0<\/p>\n","protected":false},"excerpt":{"rendered":"Le parking de la Petite-Hollande, \u00e0 Nantes (Loire-Atlantique), se transforme peu \u00e0 peu. Ce n\u2019est pas encore le&hellip;\n","protected":false},"author":2,"featured_media":15222,"comment_status":"","ping_status":"","sticky":false,"template":"","format":"standard","meta":{"footnotes":""},"categories":[2818],"tags":[6415,1111,11,3570,1777,674,1011,27,766,12,2636,6416,5536,4896,25],"class_list":{"0":"post-15221","1":"post","2":"type-post","3":"status-publish","4":"format-standard","5":"has-post-thumbnail","7":"category-nantes","8":"tag-6415","9":"tag-actu","10":"tag-actualites","11":"tag-arbres","12":"tag-eu","13":"tag-europe","14":"tag-fr","15":"tag-france","16":"tag-nantes","17":"tag-news","18":"tag-pays-de-la-loire","19":"tag-petite-hollande","20":"tag-place","21":"tag-plantes","22":"tag-republique-francaise"},"share_on_mastodon":{"url":"https:\/\/pubeurope.com\/@fr\/114314249759218778","error":""},"_links":{"self":[{"href":"https:\/\/www.europesays.com\/fr\/wp-json\/wp\/v2\/posts\/15221","targetHints":{"allow":["GET"]}}],"collection":[{"href":"https:\/\/www.europesays.com\/fr\/wp-json\/wp\/v2\/posts"}],"about":[{"href":"https:\/\/www.europesays.com\/fr\/wp-json\/wp\/v2\/types\/post"}],"author":[{"embeddable":true,"href":"https:\/\/www.europesays.com\/fr\/wp-json\/wp\/v2\/users\/2"}],"replies":[{"embeddable":true,"href":"https:\/\/www.europesays.com\/fr\/wp-json\/wp\/v2\/comments?post=15221"}],"version-history":[{"count":0,"href":"https:\/\/www.europesays.com\/fr\/wp-json\/wp\/v2\/posts\/15221\/revisions"}],"wp:featuredmedia":[{"embeddable":true,"href":"https:\/\/www.europesays.com\/fr\/wp-json\/wp\/v2\/media\/15222"}],"wp:attachment":[{"href":"https:\/\/www.europesays.com\/fr\/wp-json\/wp\/v2\/media?parent=15221"}],"wp:term":[{"taxonomy":"category","embeddable":true,"href":"https:\/\/www.europesays.com\/fr\/wp-json\/wp\/v2\/categories?post=15221"},{"taxonomy":"post_tag","embeddable":true,"href":"https:\/\/www.europesays.com\/fr\/wp-json\/wp\/v2\/tags?post=15221"}],"curies":[{"name":"wp","href":"https:\/\/api.w.org\/{rel}","templated":true}]}}