{"id":152219,"date":"2025-06-04T20:02:09","date_gmt":"2025-06-04T20:02:09","guid":{"rendered":"https:\/\/www.europesays.com\/fr\/152219\/"},"modified":"2025-06-04T20:02:09","modified_gmt":"2025-06-04T20:02:09","slug":"maprimerenov-va-etre-suspendu-mais-bercy-dit-vouloir-retablir-le-dispositif-avant-la-fin-de-lannee-liberation","status":"publish","type":"post","link":"https:\/\/www.europesays.com\/fr\/152219\/","title":{"rendered":"MaPrimeR\u00e9nov va \u00eatre suspendu, mais Bercy dit vouloir r\u00e9tablir le dispositif \u00abavant la fin de l\u2019ann\u00e9e\u00bb \u2013 Lib\u00e9ration"},"content":{"rendered":"<p class=\"sc-ksZaOG ehjQrN text-element\">Un dispositif victime de son succ\u00e8s. Le ministre de l\u2019Economie a confirm\u00e9 ce mercredi 4 juin la suspension du dispositif d\u2019aides \u00e0 la r\u00e9novation \u00e9nerg\u00e9tique MaPrimeR\u00e9nov. La raison avanc\u00e9e : de nombreuses demandes et fraudes. Eric Lombard a n\u00e9anmoins dit vouloir le r\u00e9tablir \u00abavant la fin de l\u2019ann\u00e9e\u00bb\u2026 sans qu\u2019on sache \u00e0 partir de quand et pour combien cette suspension est pr\u00e9vue.<\/p>\n<p class=\"sc-ksZaOG ehjQrN text-element\">Sur MaPrimeR\u00e9nov, \u00abil y a \u00e0 la fois un encombrement en ce moment et un exc\u00e8s des fraudes [\u2026], d\u2019o\u00f9 la suspension\u00bb, a-t-il argu\u00e9 lors des questions au gouvernement au S\u00e9nat. \u00abMais naturellement, une fois que cela sera r\u00e9gl\u00e9, le processus pourra continuer\u00bb, a-t-il ajout\u00e9, en pr\u00e9cisant ult\u00e9rieurement, devant la commission des Affaires \u00e9conomiques du S\u00e9nat, que le gouvernement avait \u00abbien l\u2019intention de r\u00e9tablir le fonctionnement avant la fin de l\u2019ann\u00e9e\u00bb. Un changement de pied par rapport \u00e0 la veille, o\u00f9 le gouvernement avait r\u00e9p\u00e9t\u00e9 que rien n\u2019\u00e9tait arbitr\u00e9 sur ce sujet \u00e0 la suite d\u2019un article du <a href=\"https:\/\/www.leparisien.fr\/economie\/renovation-energetique-maprimerenov-suspendue-des-juillet-03-06-2025-NVVSMWFZGRB4DJYPMCJDCKYLMQ.php\" target=\"_blank\" rel=\"noreferrer noopener\" title=\"https:\/\/www.leparisien.fr\/economie\/renovation-energetique-maprimerenov-suspendue-des-juillet-03-06-2025-NVVSMWFZGRB4DJYPMCJDCKYLMQ.php\">Parisien<\/a>.<\/p>\n<p class=\"sc-ksZaOG ehjQrN text-element\">La ministre charg\u00e9e du Logement, Val\u00e9rie L\u00e9tard, a confirm\u00e9 dans un communiqu\u00e9 \u00abla fermeture temporaire cet \u00e9t\u00e9 des d\u00e9p\u00f4ts des dossiers pour la r\u00e9novation globale individuelle et pour les travaux individuels d\u2019isolation ou de changement de syst\u00e8me de chauffage\u00bb. Ils pourront \u00eatre de nouveau d\u00e9pos\u00e9s \u00abd\u2019ici la fin du mois de septembre\u00bb, a-t-elle promis.<\/p>\n<p class=\"sc-ksZaOG ehjQrN text-element\">Dans l\u2019intervalle, ceux d\u00e9j\u00e0 pr\u00e9sent\u00e9s, s\u2019ils sont \u00abnon frauduleux\u00bb, seront \u00abinstruits\u00bb et donneront lieu \u00e0 paiement \u00abdans les meilleurs d\u00e9lais\u00bb, a assur\u00e9 la ministre.<\/p>\n<p class=\"sc-ksZaOG ehjQrN text-element\">Alors qu\u2019au premier trimestre 2025, <a href=\"https:\/\/www.liberation.fr\/societe\/logement\/renovation-energetique-trois-fois-plus-de-logements-ont-ete-renoves-au-premier-trimestre-sur-un-an-20250429_GB5N67WGWJBYTOWEWON7D4MNFE\/\" target=\"_blank\" rel=\"noreferrer noopener\" title=\"https:\/\/www.liberation.fr\/societe\/logement\/renovation-energetique-trois-fois-plus-de-logements-ont-ete-renoves-au-premier-trimestre-sur-un-an-20250429_GB5N67WGWJBYTOWEWON7D4MNFE\/\">le nombre de logements r\u00e9nov\u00e9s avec des subventions du dispositif d\u2019aides \u00e0 la r\u00e9novation \u00e9nerg\u00e9tique MaPrimeR\u00e9nov<\/a> a tripl\u00e9, le budget allou\u00e9 par l\u2019Etat pour 2025 a de son c\u00f4t\u00e9 \u00e9t\u00e9 r\u00e9duit pour s\u2019aligner sur les montants consomm\u00e9s en 2024. Cons\u00e9quence : le gouvernement est pris de court.<\/p>\n<p class=\"sc-ksZaOG ehjQrN text-element\">\u00abVu la mont\u00e9e en puissance de la r\u00e9novation des logements, qui n\u2019est pas surprenante, c\u2019\u00e9tait s\u00fbr qu\u2019il y aurait un probl\u00e8me\u00bb, a relev\u00e9 mardi Manuel Domergue, directeur des \u00e9tudes de la Fondation pour le logement (ex-Fondation Abb\u00e9-Pierre).<\/p>\n<p class=\"sc-ksZaOG ehjQrN text-element\">L\u2019Agence nationale de l\u2019habitat (Anah) avait indiqu\u00e9 la semaine pass\u00e9e que plus de 100 000 dossiers de r\u00e9novation avaient \u00e9t\u00e9 engag\u00e9s depuis le d\u00e9but de l\u2019ann\u00e9e 2025, pour un objectif fix\u00e9 par l\u2019Etat de 350 000 r\u00e9novations \u00e9nerg\u00e9tiques. Un budget de 3,6 milliards d\u2019euros avait ainsi \u00e9t\u00e9 allou\u00e9 \u00e0 l\u2019Anah pour l\u2019ensemble du dispositif. Or le gouvernement ne pr\u00e9voit pas de le compl\u00e9ter ni d\u2019instruire des dossiers au-del\u00e0 de l\u2019objectif fix\u00e9.<\/p>\n<p class=\"sc-ksZaOG ehjQrN text-element\">Mais le probl\u00e8me est d\u00e9sormais concret : sept collectivit\u00e9s territoriales du Grand Est ont \u00e9crit au minist\u00e8re pour alerter sur l\u2019\u00e9puisement de leur enveloppe budg\u00e9taire MaPrimeR\u00e9nov. Le d\u00e9partement de l\u2019Ard\u00e8che fait face \u00e0 la m\u00eame p\u00e9nurie de fonds, tout comme la m\u00e9tropole de Lyon et de nombreux autres territoires qui sont charg\u00e9s de distribuer les aides aux m\u00e9nages modestes et tr\u00e8s modestes pour la r\u00e9novation globale de leurs logements.<\/p>\n<p class=\"sc-ksZaOG ehjQrN text-element\">Cette suspension serait \u00abune catastrophe absolue\u00bb, anticipait mardi Jacques Baudrier, adjoint PCF de la mairie de Paris charg\u00e9 du logement. \u00abLa transition environnementale dans le b\u00e2timent n\u00e9cessite de l\u2019argent public, sans quoi elle ne se fait pas\u00bb, alertait Manuel Domergue.<\/p>\n<p class=\"sc-ksZaOG ehjQrN text-element\">Les entreprises de la r\u00e9novation \u00e9nerg\u00e9tique ont tir\u00e9 d\u00e8s mardi la sonnette d\u2019alarme : \u00abS\u2019il y a un coup d\u2019arr\u00eat de MaPrimeR\u00e9nov, ce sera brutal\u00bb, craignait Jean-Christophe Repon, pr\u00e9sident du syndicat des artisans du b\u00e2timent, la Capeb.<\/p>\n<p class=\"sc-ksZaOG ehjQrN text-element\">\u00abDerri\u00e8re ce possible gel des aides, ce sont des milliers de clients laiss\u00e9s pour compte et des milliers d\u2019emplois dans le secteur qui pourraient se trouver durablement menac\u00e9s\u00bb, a r\u00e9agi mardi \u00e0 ce qui n\u2019\u00e9tait encore qu\u2019une \u00e9ventualit\u00e9 Philippe Notargiacomo, pr\u00e9sident de l\u2019entreprise de r\u00e9novation HomeServe Energies Services. Pour Suzanne Brolly, vice-pr\u00e9sidente de l\u2019Eurom\u00e9tropole de Strasbourg, \u00abc\u2019est tout un \u00e9quilibre qui est en train de s\u2019\u00e9crouler et qui \u00e9tait d\u00e9j\u00e0 tr\u00e8s fragile\u00bb.<\/p>\n<p class=\"sc-ksZaOG ehjQrN text-element\">Le gouvernement a d\u00e9j\u00e0 commenc\u00e9 \u00e0 chercher des solutions financi\u00e8res pour abonder MaPrimeR\u00e9nov sans creuser encore plus le d\u00e9ficit public. Il pr\u00e9voit de modifier les r\u00e8gles des certificats d\u2019\u00e9conomie d\u2019\u00e9nergie (CEE) pour inciter des entreprises \u00e0 financer des r\u00e9novations d\u2019ampleur.<\/p>\n<p class=\"sc-ksZaOG ehjQrN text-element\">Or selon Damien Demailly, directeur adjoint de l\u2019institut de recherches sp\u00e9cialis\u00e9 dans l\u2019\u00e9conomie du climat I4CE, il y a cependant \u00abun d\u00e9calage\u00bb de plusieurs mois entre l\u2019attribution d\u2019un CEE et le versement des fonds par l\u2019entreprise. Les effets des potentielles nouvelles r\u00e8gles des CEE se verraient donc \u00abplut\u00f4t en 2026\u00bb.<\/p>\n<p class=\"sc-ksZaOG ehjQrN text-element\"><b>Mise \u00e0 jour<\/b> \u00e0 21 h 13 avec les pr\u00e9cisions de la ministre du Logement.<\/p>\n","protected":false},"excerpt":{"rendered":"Un dispositif victime de son succ\u00e8s. Le ministre de l\u2019Economie a confirm\u00e9 ce mercredi 4 juin la suspension&hellip;\n","protected":false},"author":2,"featured_media":152220,"comment_status":"","ping_status":"","sticky":false,"template":"","format":"standard","meta":{"footnotes":""},"categories":[6],"tags":[35,33,34,1011,27,28170,24268],"class_list":{"0":"post-152219","1":"post","2":"type-post","3":"status-publish","4":"format-standard","5":"has-post-thumbnail","7":"category-economie","8":"tag-business","9":"tag-economie","10":"tag-economy","11":"tag-fr","12":"tag-france","13":"tag-logement-crise","14":"tag-maprimerenov"},"share_on_mastodon":{"url":"https:\/\/pubeurope.com\/@fr\/114626883987235196","error":""},"_links":{"self":[{"href":"https:\/\/www.europesays.com\/fr\/wp-json\/wp\/v2\/posts\/152219","targetHints":{"allow":["GET"]}}],"collection":[{"href":"https:\/\/www.europesays.com\/fr\/wp-json\/wp\/v2\/posts"}],"about":[{"href":"https:\/\/www.europesays.com\/fr\/wp-json\/wp\/v2\/types\/post"}],"author":[{"embeddable":true,"href":"https:\/\/www.europesays.com\/fr\/wp-json\/wp\/v2\/users\/2"}],"replies":[{"embeddable":true,"href":"https:\/\/www.europesays.com\/fr\/wp-json\/wp\/v2\/comments?post=152219"}],"version-history":[{"count":0,"href":"https:\/\/www.europesays.com\/fr\/wp-json\/wp\/v2\/posts\/152219\/revisions"}],"wp:featuredmedia":[{"embeddable":true,"href":"https:\/\/www.europesays.com\/fr\/wp-json\/wp\/v2\/media\/152220"}],"wp:attachment":[{"href":"https:\/\/www.europesays.com\/fr\/wp-json\/wp\/v2\/media?parent=152219"}],"wp:term":[{"taxonomy":"category","embeddable":true,"href":"https:\/\/www.europesays.com\/fr\/wp-json\/wp\/v2\/categories?post=152219"},{"taxonomy":"post_tag","embeddable":true,"href":"https:\/\/www.europesays.com\/fr\/wp-json\/wp\/v2\/tags?post=152219"}],"curies":[{"name":"wp","href":"https:\/\/api.w.org\/{rel}","templated":true}]}}