{"id":152221,"date":"2025-06-04T20:03:11","date_gmt":"2025-06-04T20:03:11","guid":{"rendered":"https:\/\/www.europesays.com\/fr\/152221\/"},"modified":"2025-06-04T20:03:11","modified_gmt":"2025-06-04T20:03:11","slug":"le-dernier-bilan-faisant-etat-dun-million-de-morts-et-blesses-russes-est-il-credible-liberation","status":"publish","type":"post","link":"https:\/\/www.europesays.com\/fr\/152221\/","title":{"rendered":"le dernier bilan faisant \u00e9tat d\u2019un million de morts et bless\u00e9s russes est-il cr\u00e9dible\u00a0? \u2013 Lib\u00e9ration"},"content":{"rendered":"<p class=\"sc-ksZaOG ehjQrN text-element\">Le nombre est aussi symbolique qu\u2019impressionnant : \u00e0 l\u2019\u00e9t\u00e9 2025, la Russie devrait avoir atteint la barre du million de pertes humaines (morts et bless\u00e9s) en Ukraine, selon <a href=\"https:\/\/www.csis.org\/analysis\/russias-battlefield-woes-ukraine\" target=\"_blank\" rel=\"nofollow noopener\" title=\"https:\/\/www.csis.org\/analysis\/russias-battlefield-woes-ukraine\">un rapport du Center for Strategic and International Studies<\/a> (CSIS), un centre am\u00e9ricain d\u2019\u00e9tudes g\u00e9opolitiques bas\u00e9 \u00e0 Washington.<\/p>\n<p class=\"sc-ksZaOG ehjQrN text-element\">Le centre se base sur <a href=\"https:\/\/x.com\/DefenceHQ\/status\/1920532827344400527\" target=\"_blank\" rel=\"nofollow\" title=\"https:\/\/x.com\/DefenceHQ\/status\/1920532827344400527\">les donn\u00e9es du minist\u00e8re britannique de la D\u00e9fense<\/a>, qui estimait, au 8 mai, \u00e0 environ 950 000 les pertes russes sur le front ukrainien, dont 200 000 \u00e0 250 000 soldats morts. \u00abCela signifie que la Russie a subi jusqu\u2019\u00e0 cinq fois plus de morts en Ukraine [en un peu plus de trois ans] que dans toutes les guerres russes et sovi\u00e9tiques combin\u00e9es depuis la Seconde Guerre mondiale [50 000 morts sur une p\u00e9riode d\u2019environ soixante-dix-sept ans, ndlr]\u00bb, \u00e9crit le CSIS.<\/p>\n<p class=\"sc-ksZaOG ehjQrN text-element\">Parmi les conflits les plus meurtriers que la Russie avait connus jusqu\u2019ici : les guerres de Tch\u00e9tch\u00e9nie de 1994-1996 et de 1999-2009 (12 000 \u00e0 25 000 morts), la guerre d\u2019Afghanistan de 1979-1989 (14 000 \u00e0 16 000 morts) et la premi\u00e8re guerre d\u2019Ukraine de 2014 \u00e0 2022 (6 000 \u00e0 7 000 morts).<\/p>\n<p class=\"sc-ksZaOG ehjQrN text-element\">Depuis le d\u00e9but de la guerre et jusqu\u2019\u00e0 fin 2024, le nombre quotidien de pertes russes (mor<\/p>\n","protected":false},"excerpt":{"rendered":"Le nombre est aussi symbolique qu\u2019impressionnant : \u00e0 l\u2019\u00e9t\u00e9 2025, la Russie devrait avoir atteint la barre du&hellip;\n","protected":false},"author":2,"featured_media":152222,"comment_status":"","ping_status":"","sticky":false,"template":"","format":"standard","meta":{"footnotes":""},"categories":[5],"tags":[11,1011,27,14,12,132,220,297,28],"class_list":{"0":"post-152221","1":"post","2":"type-post","3":"status-publish","4":"format-standard","5":"has-post-thumbnail","7":"category-international","8":"tag-actualites","9":"tag-fr","10":"tag-france","11":"tag-international","12":"tag-news","13":"tag-russie","14":"tag-ukraine","15":"tag-ukraine-la-crise","16":"tag-world"},"share_on_mastodon":{"url":"https:\/\/pubeurope.com\/@fr\/114626887932766680","error":""},"_links":{"self":[{"href":"https:\/\/www.europesays.com\/fr\/wp-json\/wp\/v2\/posts\/152221","targetHints":{"allow":["GET"]}}],"collection":[{"href":"https:\/\/www.europesays.com\/fr\/wp-json\/wp\/v2\/posts"}],"about":[{"href":"https:\/\/www.europesays.com\/fr\/wp-json\/wp\/v2\/types\/post"}],"author":[{"embeddable":true,"href":"https:\/\/www.europesays.com\/fr\/wp-json\/wp\/v2\/users\/2"}],"replies":[{"embeddable":true,"href":"https:\/\/www.europesays.com\/fr\/wp-json\/wp\/v2\/comments?post=152221"}],"version-history":[{"count":0,"href":"https:\/\/www.europesays.com\/fr\/wp-json\/wp\/v2\/posts\/152221\/revisions"}],"wp:featuredmedia":[{"embeddable":true,"href":"https:\/\/www.europesays.com\/fr\/wp-json\/wp\/v2\/media\/152222"}],"wp:attachment":[{"href":"https:\/\/www.europesays.com\/fr\/wp-json\/wp\/v2\/media?parent=152221"}],"wp:term":[{"taxonomy":"category","embeddable":true,"href":"https:\/\/www.europesays.com\/fr\/wp-json\/wp\/v2\/categories?post=152221"},{"taxonomy":"post_tag","embeddable":true,"href":"https:\/\/www.europesays.com\/fr\/wp-json\/wp\/v2\/tags?post=152221"}],"curies":[{"name":"wp","href":"https:\/\/api.w.org\/{rel}","templated":true}]}}