{"id":152226,"date":"2025-06-04T20:06:21","date_gmt":"2025-06-04T20:06:21","guid":{"rendered":"https:\/\/www.europesays.com\/fr\/152226\/"},"modified":"2025-06-04T20:06:21","modified_gmt":"2025-06-04T20:06:21","slug":"ces-eleves-visent-le-podium-dun-concours-national","status":"publish","type":"post","link":"https:\/\/www.europesays.com\/fr\/152226\/","title":{"rendered":"ces \u00e9l\u00e8ves visent le\u00a0podium d\u2019un concours national"},"content":{"rendered":"<p>Le concours \u00c9coloustics, cr\u00e9\u00e9 par le Siel-TE (Syndicat intercommunal des \u00e9nergies de la Loire &#8211; Territoire d\u2019\u00e9nergie) en 2008 et organis\u00e9 annuellement, invite les classes lig\u00e9riennes de cycle 3 (CM1\/CM2\/6e ) \u00e0 travailler autour de la th\u00e9matique de l\u2019\u00e9nergie.<\/p>\n<p>Cette ann\u00e9e, les \u00e9l\u00e8ves de CM1 de l\u2019\u00e9cole des Olli\u00e8res, soutenus par Samir El Abassi, leur enseignant, se sont positionn\u00e9s en tant qu\u2019acteurs de la transition&#8230;<\/p>\n","protected":false},"excerpt":{"rendered":"Le concours \u00c9coloustics, cr\u00e9\u00e9 par le Siel-TE (Syndicat intercommunal des \u00e9nergies de la Loire &#8211; Territoire d\u2019\u00e9nergie) en&hellip;\n","protected":false},"author":2,"featured_media":152227,"comment_status":"","ping_status":"","sticky":false,"template":"","format":"standard","meta":{"footnotes":""},"categories":[9653],"tags":[1111,11,2430,7539,1057,436,1777,674,1011,27,10229,10425,12,25,4001,9664],"class_list":{"0":"post-152226","1":"post","2":"type-post","3":"status-publish","4":"format-standard","5":"has-post-thumbnail","7":"category-saint-etienne","8":"tag-actu","9":"tag-actualites","10":"tag-auvergne-rhone-alpes","11":"tag-edition-loire-sud","12":"tag-education","13":"tag-environnement","14":"tag-eu","15":"tag-europe","16":"tag-fr","17":"tag-france","18":"tag-letrat","19":"tag-maternelle-elementaire","20":"tag-news","21":"tag-republique-francaise","22":"tag-saint-etienne","23":"tag-saint-etienne-bassin"},"share_on_mastodon":{"url":"https:\/\/pubeurope.com\/@fr\/114626899697964710","error":""},"_links":{"self":[{"href":"https:\/\/www.europesays.com\/fr\/wp-json\/wp\/v2\/posts\/152226","targetHints":{"allow":["GET"]}}],"collection":[{"href":"https:\/\/www.europesays.com\/fr\/wp-json\/wp\/v2\/posts"}],"about":[{"href":"https:\/\/www.europesays.com\/fr\/wp-json\/wp\/v2\/types\/post"}],"author":[{"embeddable":true,"href":"https:\/\/www.europesays.com\/fr\/wp-json\/wp\/v2\/users\/2"}],"replies":[{"embeddable":true,"href":"https:\/\/www.europesays.com\/fr\/wp-json\/wp\/v2\/comments?post=152226"}],"version-history":[{"count":0,"href":"https:\/\/www.europesays.com\/fr\/wp-json\/wp\/v2\/posts\/152226\/revisions"}],"wp:featuredmedia":[{"embeddable":true,"href":"https:\/\/www.europesays.com\/fr\/wp-json\/wp\/v2\/media\/152227"}],"wp:attachment":[{"href":"https:\/\/www.europesays.com\/fr\/wp-json\/wp\/v2\/media?parent=152226"}],"wp:term":[{"taxonomy":"category","embeddable":true,"href":"https:\/\/www.europesays.com\/fr\/wp-json\/wp\/v2\/categories?post=152226"},{"taxonomy":"post_tag","embeddable":true,"href":"https:\/\/www.europesays.com\/fr\/wp-json\/wp\/v2\/tags?post=152226"}],"curies":[{"name":"wp","href":"https:\/\/api.w.org\/{rel}","templated":true}]}}