{"id":152229,"date":"2025-06-04T20:08:08","date_gmt":"2025-06-04T20:08:08","guid":{"rendered":"https:\/\/www.europesays.com\/fr\/152229\/"},"modified":"2025-06-04T20:08:08","modified_gmt":"2025-06-04T20:08:08","slug":"cette-marque-de-vetements-bien-connue-sinstalle-a-cote-de-la-place-stanislas","status":"publish","type":"post","link":"https:\/\/www.europesays.com\/fr\/152229\/","title":{"rendered":"cette marque de v\u00eatements bien connue s&rsquo;installe \u00e0 c\u00f4t\u00e9 de la place Stanislas"},"content":{"rendered":"<p>            Par<br \/>\n        <strong><br \/>\n            <a href=\"https:\/\/actu.fr\/auteur\/pierre-emile-bouchy-actu-fr\" title=\"Consulter tous les articles de Paul-Emile Bouchy\" target=\"_blank\" rel=\"noopener\">Paul-Emile Bouchy<\/a><br \/>\n        <\/strong><\/p>\n<p>        Publi\u00e9 le<\/p>\n<p>            4 juin 2025 \u00e0 18h33        <\/p>\n<p>Apr\u00e8s l\u2019ouverture de <a href=\"https:\/\/actu.fr\/grand-est\/nancy_54395\/jd-sports-debarque-a-nancy-voici-quand-le-magasin-devrait-ouvrir-en-centre-ville_61711517.html\" target=\"_blank\" rel=\"noopener\">JD Sports<\/a> et la venue annonc\u00e9e d\u2019<a href=\"https:\/\/actu.fr\/grand-est\/nancy_54395\/action-debarque-au-centre-ville-de-nancy-voici-ou-va-ouvrir-ce-nouveau-magasin_62606551.html\" target=\"_blank\" rel=\"noopener\">Action<\/a>, une nouvelle enseigne s\u2019implante dans le centre-ville de <a href=\"https:\/\/actu.fr\/grand-est\/nancy_54395\" target=\"_blank\" rel=\"noopener\">Nancy<\/a> (Meurthe-et-Moselle).<\/p>\n<p class=\" wall-content\">La marque de pr\u00eat-\u00e0-porter <strong>Faguo ouvre un magasin rue des Dominicains<\/strong>, \u00e0 deux pas de la <a href=\"https:\/\/actu.fr\/tag\/place-stanislas\" target=\"_blank\" rel=\"noopener\">place Stanislas<\/a>.<\/p>\n<p>Des sneakers et des v\u00eatements pour homme \u00e9co-responsables<\/p>\n<p class=\" wall-content\">Install\u00e9e au 20 rue des Dominicains, \u00e0 la place de l\u2019ancien magasin Mephisto (qui a d\u00e9m\u00e9nag\u00e9 juste en face),<strong> la boutique Faguo ouvre ses portes ce jeudi 5\u00a0juin<\/strong>.<\/p>\n<p class=\" wall-content\">D\u2019une surface de vente de 60 m\u00b2, elle proposera les produits qui se veulent \u00e9co-responsables de la marque fran\u00e7aise\u2009: <strong>des v\u00eatements pour hommes (shorts, t-shirts, chemises,\u2026) et des sneakers mixtes<\/strong>.<\/p>\n<p>La premi\u00e8re boutique de Faguo en Lorraine<\/p>\n<p class=\" wall-content\">55\u1d49 point de vente de la marque en France, il s\u2019agit de la <strong>premi\u00e8re boutique Faguo en Lorraine<\/strong>.<\/p>\n<p>Vid\u00e9os : en ce moment sur Actu<\/p>\n<p class=\" wall-content\">Le magasin sera <strong>ouvert du lundi au samedi, de 10h \u00e0 19h<\/strong>. Il recherche actuellement un vendeur ou une vendeuse pour un contrat de 35 heures.<\/p>\n<p class=\" wall-content\">Suivez toute l\u2019actualit\u00e9 de vos villes et m\u00e9dias favoris en vous inscrivant \u00e0 <a href=\"https:\/\/moncompte.actu.fr\" title=\"D\u00e9couvez Mon Actu\" rel=\"nofollow noopener\" data-trk=\"{&quot;cta&quot;:{&quot;action&quot;:&quot;https:\\\/\\\/moncompte.actu.fr&quot;,&quot;category&quot;:&quot;mon compte&quot;,&quot;from&quot;:&quot;article footer&quot;,&quot;name&quot;:&quot;Mon actu&quot;,&quot;type&quot;:&quot;cta&quot;}}\" target=\"_blank\">Mon Actu<\/a>.<\/p>\n<ul class=\"ac-article-tag wall-content\">\n<li><a href=\"https:\/\/actu.fr\/tag\/commerce\" data-trk=\"{&quot;cta&quot;:{&quot;action&quot;:&quot;Commerce&quot;,&quot;category&quot;:&quot;tag&quot;,&quot;from&quot;:&quot;article footer&quot;,&quot;name&quot;:&quot;Commerce&quot;,&quot;type&quot;:&quot;cta&quot;}}\" target=\"_blank\" rel=\"noopener\">#Commerce<\/a><\/li>\n<li><a href=\"https:\/\/actu.fr\/tag\/nouveaux-commerces\" data-trk=\"{&quot;cta&quot;:{&quot;action&quot;:&quot;Nouveaux commerces&quot;,&quot;category&quot;:&quot;tag&quot;,&quot;from&quot;:&quot;article footer&quot;,&quot;name&quot;:&quot;Nouveaux commerces&quot;,&quot;type&quot;:&quot;cta&quot;}}\" target=\"_blank\" rel=\"noopener\">#Nouveaux commerces<\/a><\/li>\n<\/ul>\n","protected":false},"excerpt":{"rendered":"Par Paul-Emile Bouchy Publi\u00e9 le 4 juin 2025 \u00e0 18h33 Apr\u00e8s l\u2019ouverture de JD Sports et la venue&hellip;\n","protected":false},"author":2,"featured_media":152230,"comment_status":"","ping_status":"","sticky":false,"template":"","format":"standard","meta":{"footnotes":""},"categories":[9635],"tags":[1111,11,215,1777,674,1011,27,775,1702,12,3147,25,104],"class_list":{"0":"post-152229","1":"post","2":"type-post","3":"status-publish","4":"format-standard","5":"has-post-thumbnail","7":"category-nancy","8":"tag-actu","9":"tag-actualites","10":"tag-commerce","11":"tag-eu","12":"tag-europe","13":"tag-fr","14":"tag-france","15":"tag-grand-est","16":"tag-nancy","17":"tag-news","18":"tag-nouveaux-commerces","19":"tag-republique-francaise","20":"tag-societe"},"share_on_mastodon":{"url":"https:\/\/pubeurope.com\/@fr\/114626907655386375","error":""},"_links":{"self":[{"href":"https:\/\/www.europesays.com\/fr\/wp-json\/wp\/v2\/posts\/152229","targetHints":{"allow":["GET"]}}],"collection":[{"href":"https:\/\/www.europesays.com\/fr\/wp-json\/wp\/v2\/posts"}],"about":[{"href":"https:\/\/www.europesays.com\/fr\/wp-json\/wp\/v2\/types\/post"}],"author":[{"embeddable":true,"href":"https:\/\/www.europesays.com\/fr\/wp-json\/wp\/v2\/users\/2"}],"replies":[{"embeddable":true,"href":"https:\/\/www.europesays.com\/fr\/wp-json\/wp\/v2\/comments?post=152229"}],"version-history":[{"count":0,"href":"https:\/\/www.europesays.com\/fr\/wp-json\/wp\/v2\/posts\/152229\/revisions"}],"wp:featuredmedia":[{"embeddable":true,"href":"https:\/\/www.europesays.com\/fr\/wp-json\/wp\/v2\/media\/152230"}],"wp:attachment":[{"href":"https:\/\/www.europesays.com\/fr\/wp-json\/wp\/v2\/media?parent=152229"}],"wp:term":[{"taxonomy":"category","embeddable":true,"href":"https:\/\/www.europesays.com\/fr\/wp-json\/wp\/v2\/categories?post=152229"},{"taxonomy":"post_tag","embeddable":true,"href":"https:\/\/www.europesays.com\/fr\/wp-json\/wp\/v2\/tags?post=152229"}],"curies":[{"name":"wp","href":"https:\/\/api.w.org\/{rel}","templated":true}]}}