{"id":152233,"date":"2025-06-04T20:10:10","date_gmt":"2025-06-04T20:10:10","guid":{"rendered":"https:\/\/www.europesays.com\/fr\/152233\/"},"modified":"2025-06-04T20:10:10","modified_gmt":"2025-06-04T20:10:10","slug":"pour-lutter-contre-les-fortes-chaleurs-la-metropole-va-planter-plus-de-60-arbres-sur-cette-avenue-a-la-seyne","status":"publish","type":"post","link":"https:\/\/www.europesays.com\/fr\/152233\/","title":{"rendered":"Pour lutter contre les fortes chaleurs, la m\u00e9tropole va planter plus de 60 arbres sur cette avenue \u00e0 La Seyne"},"content":{"rendered":"<p>Depuis quelques jours, une entreprise sp\u00e9cialis\u00e9e dans les am\u00e9nagements paysagers est \u00e0 pied d\u2019\u0153uvre sur <strong>l\u2019avenue Saint-Georges<\/strong>. Objectif: <strong>pr\u00e9parer la plantation d\u2019une soixantaine d\u2019arbres et de plusieurs dizaines d\u2019arbustes sur toute la longueur de cet axe<\/strong>. \u00ab\u00a0Dans le prolongement des travaux de requalification des trottoirs, de plantations et d\u2019am\u00e9nagement, et pour r\u00e9pondre \u00e0 la demande des riverains, explique la Ville, <strong>l\u2019antenne m\u00e9tropolitaine de La Seyne va proc\u00e9der \u00e0 la plantation d\u2019arbres ainsi qu\u2019\u00e0 la r\u00e9g\u00e9n\u00e9ration des massifs sur l\u2019avenue.\u00a0\u00bb<\/strong><\/p>\n<p>Des v\u00e9g\u00e9taux \u00e0 fleurs color\u00e9es <\/p>\n<p>Selon un repr\u00e9sentant de l\u2019entreprise en charge de l\u2019op\u00e9ration, quatre types d\u2019essences d\u2019arbres ont \u00e9t\u00e9 retenus: des bauhinia variegata (arbre de 6 \u00e0 10 m\u00e8tres de haut qui porte des grappes de grandes fleurs ressemblant \u00e0 celles de certaines orchid\u00e9es), des tipuana tipu (arbre qui atteint une dizaine de m\u00e8tres et qui donne des fleurs jaunes \u00e0 orang\u00e9es), des tabebuia rosea (arbre \u00e0 fleurs roses qui peut d\u00e9passer vingt m\u00e8tres de haut) et des lagunaria patersonii (hauts de dix \u00e0 quinze m\u00e8tres, ils portent des grappes de fleurs de couleur rose p\u00e2le \u00e0 lavande ressemblant \u00e0 celles de l\u2019hibiscus).<\/p>\n<p>Quatorze sujets de chaque vari\u00e9t\u00e9 (soit 56 arbres au total) ont donc \u00e9t\u00e9 command\u00e9s pour \u00eatre plant\u00e9s le long de l\u2019avenue. Ils seront mis en terre dans des fosses munies d\u2019un syst\u00e8me d\u2019irrigation. Et parall\u00e8lement, des arbustes vont \u00eatre install\u00e9s dans l\u2019ensemble des jardini\u00e8res qui bordent la route.<\/p>\n<p>Autant de v\u00e9g\u00e9taux qui vont trouver leur place dans un environnement tr\u00e8s min\u00e9ral, du fait d\u2019une densit\u00e9 importante d\u2019immeubles, o\u00f9 la verdure se fait rare et o\u00f9 les habitants des appartements souffrent de la chaleur durant l\u2019\u00e9t\u00e9.<\/p>\n<p>                                Dans la continuit\u00e9 de l\u2019am\u00e9nagement du square <\/p>\n<p>Cette phase de v\u00e9g\u00e9talisation fait d\u2019ailleurs suite \u00e0 la plantation, l\u2019an dernier, d\u2019une dizaine d\u2019arbres, d\u2019arbustes et de haies sur l\u2019ancien terrain vague situ\u00e9 derri\u00e8re la Maison interg\u00e9n\u00e9rationnelle Saint-Georges qui a \u00e9t\u00e9 reconverti en jardin public.<\/p>\n<p><strong>La Ville pr\u00e9cise par ailleurs que, jusqu\u2019au vendredi 13 juin, la circulation sera maintenue sur l\u2019avenue Saint-Georges,<\/strong> mais que le stationnement sera interdit au droit du chantier. \u00ab\u00a0Tout sera mis en \u0153uvre pour limiter les nuisances sonores et les perturbations au quotidien\u00a0\u00bb, assure la collectivit\u00e9. Cela \u00e9tant, les plantations devraient se poursuivre jusqu\u2019\u00e0 d\u00e9but juillet.<\/p>\n<p>Cette op\u00e9ration, d\u2019un montant de 142.000 euros, est r\u00e9alis\u00e9e sous ma\u00eetrise d\u2019ouvrage de la M\u00e9tropole TPM.<\/p>\n<p>Pour toute question, contacter le service \u00ab\u00a0A l\u2019\u00e9coute des quartiers\u00a0\u00bb au 04.94.06.96.33, mail: <a href=\"https:\/\/www.varmatin.com\/vie-locale\/mailto:allo@la-seyne.fr\" target=\"_blank\" rel=\"noopener nofollow\">allo@la-seyne.fr<\/a><\/p>\n","protected":false},"excerpt":{"rendered":"Depuis quelques jours, une entreprise sp\u00e9cialis\u00e9e dans les am\u00e9nagements paysagers est \u00e0 pied d\u2019\u0153uvre sur l\u2019avenue Saint-Georges. Objectif:&hellip;\n","protected":false},"author":2,"featured_media":152234,"comment_status":"","ping_status":"","sticky":false,"template":"","format":"standard","meta":{"footnotes":""},"categories":[9619],"tags":[1111,11,1777,674,1011,27,12,882,25,2310,3366],"class_list":{"0":"post-152233","1":"post","2":"type-post","3":"status-publish","4":"format-standard","5":"has-post-thumbnail","7":"category-toulon","8":"tag-actu","9":"tag-actualites","10":"tag-eu","11":"tag-europe","12":"tag-fr","13":"tag-france","14":"tag-news","15":"tag-provence-alpes-cote-dazur","16":"tag-republique-francaise","17":"tag-toulon","18":"tag-vie-locale"},"share_on_mastodon":{"url":"https:\/\/pubeurope.com\/@fr\/114626915406697148","error":""},"_links":{"self":[{"href":"https:\/\/www.europesays.com\/fr\/wp-json\/wp\/v2\/posts\/152233","targetHints":{"allow":["GET"]}}],"collection":[{"href":"https:\/\/www.europesays.com\/fr\/wp-json\/wp\/v2\/posts"}],"about":[{"href":"https:\/\/www.europesays.com\/fr\/wp-json\/wp\/v2\/types\/post"}],"author":[{"embeddable":true,"href":"https:\/\/www.europesays.com\/fr\/wp-json\/wp\/v2\/users\/2"}],"replies":[{"embeddable":true,"href":"https:\/\/www.europesays.com\/fr\/wp-json\/wp\/v2\/comments?post=152233"}],"version-history":[{"count":0,"href":"https:\/\/www.europesays.com\/fr\/wp-json\/wp\/v2\/posts\/152233\/revisions"}],"wp:featuredmedia":[{"embeddable":true,"href":"https:\/\/www.europesays.com\/fr\/wp-json\/wp\/v2\/media\/152234"}],"wp:attachment":[{"href":"https:\/\/www.europesays.com\/fr\/wp-json\/wp\/v2\/media?parent=152233"}],"wp:term":[{"taxonomy":"category","embeddable":true,"href":"https:\/\/www.europesays.com\/fr\/wp-json\/wp\/v2\/categories?post=152233"},{"taxonomy":"post_tag","embeddable":true,"href":"https:\/\/www.europesays.com\/fr\/wp-json\/wp\/v2\/tags?post=152233"}],"curies":[{"name":"wp","href":"https:\/\/api.w.org\/{rel}","templated":true}]}}