{"id":152237,"date":"2025-06-04T20:12:08","date_gmt":"2025-06-04T20:12:08","guid":{"rendered":"https:\/\/www.europesays.com\/fr\/152237\/"},"modified":"2025-06-04T20:12:08","modified_gmt":"2025-06-04T20:12:08","slug":"mineur-insolent-sdf-agressif-client-menacant-trois-interpellations","status":"publish","type":"post","link":"https:\/\/www.europesays.com\/fr\/152237\/","title":{"rendered":"mineur insolent, SDF agressif, client mena\u00e7ant, trois interpellations"},"content":{"rendered":"<p>            Par<br \/>\n        <strong><br \/>\n            <a href=\"https:\/\/actu.fr\/auteur\/lea-pippinato\" title=\"Consulter tous les articles de L\u00e9a Pippinato\" target=\"_blank\" rel=\"noopener\">L\u00e9a Pippinato<\/a><br \/>\n        <\/strong><\/p>\n<p>        Publi\u00e9 le<\/p>\n<p>            4 juin 2025 \u00e0 18h43        <\/p>\n<p><strong>Un adolescent hostile<\/strong>, <strong>un SDF violent<\/strong>, <strong>un client ivre et mena\u00e7ant<\/strong> : en trois jours, les forces de l\u2019ordre montpelli\u00e9raines ont \u00e9t\u00e9 confront\u00e9es \u00e0 <strong>trois situations tendues<\/strong>.<\/p>\n<p class=\" wall-content\"><strong>Ce samedi 1er juin 2025 \u00e0 18h55<\/strong>, rue du Faubourg du Courreau \u00e0 Montpellier, les policiers nationaux proc\u00e8dent \u00e0 un contr\u00f4le d\u2019identit\u00e9 classique. Alors qu\u2019ils v\u00e9rifient les papiers d\u2019un individu, un mineur de 16 ans, pr\u00e9sent \u00e0 proximit\u00e9, se met \u00e0 les observer longuement. L\u2019un des agents lui demande ce qu\u2019il regarde. Le jeune gar\u00e7on r\u00e9agit verbalement : \u00ab\u00a0Ferme ta gueule !\u00a0\u00bb. Il est alors somm\u00e9 de pr\u00e9senter une pi\u00e8ce d\u2019identit\u00e9.\u00a0<\/p>\n<p>    <a href=\"https:\/\/www.google.com\/maps\/embed?pb=!1m18!1m12!1m3!1d2888.910779179806!2d3.8678465764599084!3d43.60839927110434!2m3!1f0!2f0!3f0!3m2!1i1024!2i768!4f13.1!3m3!1m2!1s0x12b6afaa293c3211%3A0xfdc503f8c746ecaf!2sRue%20du%20Faubourg%20du%20Courreau%2C%2034000%20Montpellier!5e0!3m2!1sen!2sfr!4v1749052186329!5m2!1sen!2sfr\" title=\"Ouvrie le lien\" target=\"_blank\" rel=\"noopener\">Cliquez ici pour visualiser le contenu<\/a><\/p>\n<p class=\" wall-content\">Les policiers tentent de le prendre en photo, conform\u00e9ment aux proc\u00e9dures. Ils lui demandent de retirer sa casquette pour faciliter la prise d\u2019image. En guise de r\u00e9ponse, il leur adresse un doigt d\u2019honneur. Il est interpell\u00e9 sur place. Conduit au poste, il est entendu puis convoqu\u00e9 devant le procureur de la R\u00e9publique <strong>le 25 juin prochain<\/strong>.\u00a0<\/p>\n<p>Un homme ivre frappe un CRS<\/p>\n<p class=\" wall-content\">Le m\u00eame jour, \u00e0 19h50, une autre \u00e9quipe de police est prise \u00e0 partie. \u00c0 proximit\u00e9 de l\u2019arr\u00eat de tramway Corum, un camion de CRS circule dans le cadre d\u2019une patrouille classique. Un homme s\u2019approche du v\u00e9hicule. Il s\u2019agit d\u2019un sans domicile fixe de 26 ans, en \u00e9tat d\u2019ivresse manifeste. Il aper\u00e7oit un des CRS \u00e0 travers la vitre du camion, et, sans raison apparente, se met \u00e0 hurler et \u00e0 insulter les agents. L\u2019homme devient agressif, donne un coup \u00e0 l\u2019un des policiers, et crache ensuite sur le v\u00e9hicule.<\/p>\n<p>    <a href=\"https:\/\/www.google.com\/maps\/embed?pb=!1m18!1m12!1m3!1d2888.910779179806!2d3.8678465764599084!3d43.60839927110434!2m3!1f0!2f0!3f0!3m2!1i1024!2i768!4f13.1!3m3!1m2!1s0x12b6af0bed9ab393%3A0x6013d7e9fd58ad8f!2sCorum!5e0!3m2!1sen!2sfr!4v1749052199555!5m2!1sen!2sfr\" title=\"Ouvrie le lien\" target=\"_blank\" rel=\"noopener\">Cliquez ici pour visualiser le contenu<\/a><\/p>\n<p>Vid\u00e9os : en ce moment sur Actu<\/p>\n<p class=\" wall-content\">Les CRS proc\u00e8dent imm\u00e9diatement \u00e0 son interpellation. Il est plac\u00e9 en garde \u00e0 vue. Les analyses r\u00e9v\u00e8lent un taux d\u2019alcool\u00e9mie de 1,6 gramme par litre de sang. \u00c0 l\u2019issue de sa garde \u00e0 vue, il est remis en libert\u00e9, mais avec une interdiction de para\u00eetre dans le secteur du Corum. Il devra \u00e9galement verser 100 euros de dommages et int\u00e9r\u00eats.<\/p>\n<p>Insultes et menaces sous l\u2019alcool<\/p>\n<p class=\" wall-content\"><strong>Ce lundi 3 juin<\/strong>, \u00e0 21h35, les policiers municipaux interviennent au restaurant L\u2019Entrec\u00f4te, un \u00e9tablissement situ\u00e9 en plein centre-ville de Montpellier. Une jeune fille de 19 ans aurait \u00e9t\u00e9 agress\u00e9e verbalement par un autre client.<\/p>\n<p>    <a href=\"https:\/\/www.google.com\/maps\/embed?pb=!1m18!1m12!1m3!1d2888.9337227096626!2d3.877709076459911!3d43.60792157110422!2m3!1f0!2f0!3f0!3m2!1i1024!2i768!4f13.1!3m3!1m2!1s0x12b6afa72838e53d%3A0xc48964bb96961a7a!2sL%27Entrec%C3%B4te!5e0!3m2!1sen!2sfr!4v1749052217569!5m2!1sen!2sfr\" title=\"Ouvrie le lien\" target=\"_blank\" rel=\"noopener\">Cliquez ici pour visualiser le contenu<\/a><\/p>\n<p class=\" wall-content\">\u00c0 leur arriv\u00e9e sur les lieux, les policiers d\u00e9couvrent un homme de 45 ans en \u00e9tat d\u2019\u00e9bri\u00e9t\u00e9 avanc\u00e9. La situation d\u00e9g\u00e9n\u00e8re. Il insulte les policiers, hurle qu\u2019ils doivent \u00ab\u00a0fermer leurs gueules\u00a0\u00bb et prof\u00e8re des menaces explicites : \u00ab\u00a0On va vous tuer avec mes potes\u00a0\u00bb. L\u2019homme est interpell\u00e9, conduit au poste et plac\u00e9 en garde \u00e0 vue. Son taux d\u2019alcool\u00e9mie est mesur\u00e9 \u00e0 1,8 gramme par litre.<\/p>\n<p class=\" wall-content\">Suivez toute l\u2019actualit\u00e9 de vos villes et m\u00e9dias favoris en vous inscrivant \u00e0 <a href=\"https:\/\/moncompte.actu.fr\" title=\"D\u00e9couvez Mon Actu\" rel=\"nofollow noopener\" data-trk=\"{&quot;cta&quot;:{&quot;action&quot;:&quot;https:\\\/\\\/moncompte.actu.fr&quot;,&quot;category&quot;:&quot;mon compte&quot;,&quot;from&quot;:&quot;article footer&quot;,&quot;name&quot;:&quot;Mon actu&quot;,&quot;type&quot;:&quot;cta&quot;}}\" target=\"_blank\">Mon Actu<\/a>.<\/p>\n","protected":false},"excerpt":{"rendered":"Par L\u00e9a Pippinato Publi\u00e9 le 4 juin 2025 \u00e0 18h43 Un adolescent hostile, un SDF violent, un client&hellip;\n","protected":false},"author":2,"featured_media":152238,"comment_status":"","ping_status":"","sticky":false,"template":"","format":"standard","meta":{"footnotes":""},"categories":[9599],"tags":[1111,11,5702,1777,674,118,1011,27,2208,12,2680,1072,25,7501],"class_list":{"0":"post-152237","1":"post","2":"type-post","3":"status-publish","4":"format-standard","5":"has-post-thumbnail","7":"category-montpellier","8":"tag-actu","9":"tag-actualites","10":"tag-alcool","11":"tag-eu","12":"tag-europe","13":"tag-faits-divers","14":"tag-fr","15":"tag-france","16":"tag-montpellier","17":"tag-news","18":"tag-occitanie","19":"tag-police","20":"tag-republique-francaise","21":"tag-violences-urbaines"},"share_on_mastodon":{"url":"https:\/\/pubeurope.com\/@fr\/114626923335636512","error":""},"_links":{"self":[{"href":"https:\/\/www.europesays.com\/fr\/wp-json\/wp\/v2\/posts\/152237","targetHints":{"allow":["GET"]}}],"collection":[{"href":"https:\/\/www.europesays.com\/fr\/wp-json\/wp\/v2\/posts"}],"about":[{"href":"https:\/\/www.europesays.com\/fr\/wp-json\/wp\/v2\/types\/post"}],"author":[{"embeddable":true,"href":"https:\/\/www.europesays.com\/fr\/wp-json\/wp\/v2\/users\/2"}],"replies":[{"embeddable":true,"href":"https:\/\/www.europesays.com\/fr\/wp-json\/wp\/v2\/comments?post=152237"}],"version-history":[{"count":0,"href":"https:\/\/www.europesays.com\/fr\/wp-json\/wp\/v2\/posts\/152237\/revisions"}],"wp:featuredmedia":[{"embeddable":true,"href":"https:\/\/www.europesays.com\/fr\/wp-json\/wp\/v2\/media\/152238"}],"wp:attachment":[{"href":"https:\/\/www.europesays.com\/fr\/wp-json\/wp\/v2\/media?parent=152237"}],"wp:term":[{"taxonomy":"category","embeddable":true,"href":"https:\/\/www.europesays.com\/fr\/wp-json\/wp\/v2\/categories?post=152237"},{"taxonomy":"post_tag","embeddable":true,"href":"https:\/\/www.europesays.com\/fr\/wp-json\/wp\/v2\/tags?post=152237"}],"curies":[{"name":"wp","href":"https:\/\/api.w.org\/{rel}","templated":true}]}}